{"id":66533,"date":"2023-05-31T12:51:00","date_gmt":"2023-05-31T12:51:00","guid":{"rendered":"https:\/\/www.uta.cl\/?p=66533"},"modified":"2025-04-21T12:54:00","modified_gmt":"2025-04-21T12:54:00","slug":"jornada-de-inauguracion-programa-de-magister-en-patrimonio-y-educacion-de-la-universidad-de-tarapaca-2023-2","status":"publish","type":"post","link":"https:\/\/www.uta.cl\/index.php\/2023\/05\/31\/jornada-de-inauguracion-programa-de-magister-en-patrimonio-y-educacion-de-la-universidad-de-tarapaca-2023-2\/","title":{"rendered":"Jornada de inauguraci\u00f3n Programa de Mag\u00edster en Patrimonio y Educaci\u00f3n de la Universidad de Tarapac\u00e1 2023"},"content":{"rendered":"\n<p>Esta actividad se realiz\u00f3 en la Sala Ricardo Salas Palacios del Hall Central, el viernes 30 de mayo de 2023 a las 19:30 horas.<\/p>\n\n\n\n<figure class=\"wp-block-image size-large\"><img loading=\"lazy\" width=\"870\" height=\"870\" src=\"https:\/\/www.uta.cl\/wp-content\/uploads\/2025\/04\/image.png\" alt=\"\" class=\"wp-image-66534\" srcset=\"https:\/\/www.uta.cl\/wp-content\/uploads\/2025\/04\/image.png 870w, https:\/\/www.uta.cl\/wp-content\/uploads\/2025\/04\/image-300x300.png 300w, https:\/\/www.uta.cl\/wp-content\/uploads\/2025\/04\/image-150x150.png 150w, https:\/\/www.uta.cl\/wp-content\/uploads\/2025\/04\/image-768x768.png 768w\" sizes=\"(max-width: 870px) 100vw, 870px\" \/><\/figure>\n\n\n\n<p>El <strong>Programa de Mag\u00edster en Patrimonio y Educaci\u00f3n<\/strong> de la Universidad de Tarapac\u00e1 inaugur\u00f3 su a\u00f1o acad\u00e9mico 2023 con la participaci\u00f3n de autoridades y acad\u00e9micos. La jornada incluy\u00f3 la charla magistral del <strong>Dr. Sergio Gonz\u00e1lez Miranda<\/strong><strong>,<\/strong> quien reflexion\u00f3 sobre el estado y resguardo del patrimonio salitrero. En su totalidad, la actividad foment\u00f3 el di\u00e1logo acad\u00e9mico.<\/p>\n","protected":false},"excerpt":{"rendered":"<p>Esta actividad se realiz\u00f3 en la Sala Ricardo Salas Palacios del Hall Central, el viernes 30 de mayo de 2023 a las 19:30 horas. El Programa de Mag\u00edster en Patrimonio y Educaci\u00f3n de la Universidad de Tarapac\u00e1 inaugur\u00f3 su a\u00f1o acad\u00e9mico 2023 con la participaci\u00f3n de autoridades y acad\u00e9micos. La jornada incluy\u00f3 la charla magistral [&hellip;]<\/p>\n","protected":false},"author":13,"featured_media":66534,"comment_status":"open","ping_status":"open","sticky":false,"template":"","format":"standard","meta":[],"categories":[342],"tags":[],"_links":{"self":[{"href":"https:\/\/www.uta.cl\/index.php\/wp-json\/wp\/v2\/posts\/66533"}],"collection":[{"href":"https:\/\/www.uta.cl\/index.php\/wp-json\/wp\/v2\/posts"}],"about":[{"href":"https:\/\/www.uta.cl\/index.php\/wp-json\/wp\/v2\/types\/post"}],"author":[{"embeddable":true,"href":"https:\/\/www.uta.cl\/index.php\/wp-json\/wp\/v2\/users\/13"}],"replies":[{"embeddable":true,"href":"https:\/\/www.uta.cl\/index.php\/wp-json\/wp\/v2\/comments?post=66533"}],"version-history":[{"count":1,"href":"https:\/\/www.uta.cl\/index.php\/wp-json\/wp\/v2\/posts\/66533\/revisions"}],"predecessor-version":[{"id":66535,"href":"https:\/\/www.uta.cl\/index.php\/wp-json\/wp\/v2\/posts\/66533\/revisions\/66535"}],"wp:featuredmedia":[{"embeddable":true,"href":"https:\/\/www.uta.cl\/index.php\/wp-json\/wp\/v2\/media\/66534"}],"wp:attachment":[{"href":"https:\/\/www.uta.cl\/index.php\/wp-json\/wp\/v2\/media?parent=66533"}],"wp:term":[{"taxonomy":"category","embeddable":true,"href":"https:\/\/www.uta.cl\/index.php\/wp-json\/wp\/v2\/categories?post=66533"},{"taxonomy":"post_tag","embeddable":true,"href":"https:\/\/www.uta.cl\/index.php\/wp-json\/wp\/v2\/tags?post=66533"}],"curies":[{"name":"wp","href":"https:\/\/api.w.org\/{rel}","templated":true}]}}