{"id":66523,"date":"2025-04-17T03:00:00","date_gmt":"2025-04-17T03:00:00","guid":{"rendered":"https:\/\/www.uta.cl\/?p=66523"},"modified":"2025-04-18T03:17:15","modified_gmt":"2025-04-18T03:17:15","slug":"doctorado-en-educacion-inicio-su-ano-academico-con-lanzamiento-del-centro-de-estudios-interdisciplinario-para-el-desarrollo-de-la-educacion-publica","status":"publish","type":"post","link":"https:\/\/www.uta.cl\/index.php\/2025\/04\/17\/doctorado-en-educacion-inicio-su-ano-academico-con-lanzamiento-del-centro-de-estudios-interdisciplinario-para-el-desarrollo-de-la-educacion-publica\/","title":{"rendered":"Doctorado en Educaci\u00f3n inici\u00f3 su a\u00f1o acad\u00e9mico con lanzamiento del Centro de Estudios Interdisciplinario para el Desarrollo de la Educaci\u00f3n P\u00fablica"},"content":{"rendered":"\n<div class=\"wp-block-image\"><figure class=\"aligncenter size-large is-resized\"><img loading=\"lazy\" src=\"https:\/\/www.uta.cl\/wp-content\/uploads\/2025\/04\/IMG-20250404-WA0023-1024x768.jpg\" alt=\"\" class=\"wp-image-66525\" width=\"585\" height=\"438\" srcset=\"https:\/\/www.uta.cl\/wp-content\/uploads\/2025\/04\/IMG-20250404-WA0023-1024x768.jpg 1024w, https:\/\/www.uta.cl\/wp-content\/uploads\/2025\/04\/IMG-20250404-WA0023-300x225.jpg 300w, https:\/\/www.uta.cl\/wp-content\/uploads\/2025\/04\/IMG-20250404-WA0023-768x576.jpg 768w, https:\/\/www.uta.cl\/wp-content\/uploads\/2025\/04\/IMG-20250404-WA0023-1536x1152.jpg 1536w, https:\/\/www.uta.cl\/wp-content\/uploads\/2025\/04\/IMG-20250404-WA0023-2048x1536.jpg 2048w\" sizes=\"(max-width: 585px) 100vw, 585px\" \/><\/figure><\/div>\n\n\n\n<p>En el marco de la inauguraci\u00f3n del a\u00f1o acad\u00e9mico del Doctorado en Educaci\u00f3n de la Universidad de Tarapac\u00e1, se llev\u00f3 a cabo la charla magistral del profesor em\u00e9rito de la Universidad Diego Portales e investigador del Instituto de Alta Investigaci\u00f3n (IAI) de la UTA, Dr. Jos\u00e9 Joaqu\u00edn Brunner, quien expuso sobre los desaf\u00edos de la investigaci\u00f3n en educaci\u00f3n. La instancia fue tambi\u00e9n el escenario para presentar oficialmente el nuevo Centro de Estudios Interdisciplinario para el Desarrollo de la Educaci\u00f3n P\u00fablica (CEIDEA-UTA).<\/p>\n\n\n\n<p>En la ocasi\u00f3n, el Dr. Emilio Rodr\u00edguez Ponce, Rector de la Universidad de Tarapac\u00e1, destac\u00f3 el crecimiento y fortalecimiento del Programa de Doctorado en Educaci\u00f3n, distinguiendo que el programa cuenta con un cuerpo acad\u00e9mico que es muy vigoroso en t\u00e9rminos num\u00e9ricos, debido a las publicaciones y proyectos que lideran las y los profesores que conforman su claustro.<\/p>\n\n\n\n<p>Respecto a la presentaci\u00f3n del Dr. Brunner, el Dr. Rodr\u00edguez Ponce coment\u00f3 que el investigador del Instituto de Alta Investigaci\u00f3n de la UTA: \u201ces un experto de clase mundial, adem\u00e1s de un gran colaborador de nuestra universidad siempre, quien hoy d\u00eda tambi\u00e9n est\u00e1 vinculado dentro de nuestro cuerpo acad\u00e9mico del programa, cuesti\u00f3n que a nosotros realmente nos honra y constituye sin duda un privilegio. Contar con su presencia es enormemente grato\u201d, resaltando as\u00ed que el Dr. Brunner es miembro, adem\u00e1s, del claustro acad\u00e9mico del Programa de Doctorado en Educaci\u00f3n.<\/p>\n\n\n\n<div class=\"wp-block-image\"><figure class=\"aligncenter size-large is-resized\"><img loading=\"lazy\" src=\"https:\/\/www.uta.cl\/wp-content\/uploads\/2025\/04\/IMG_20250404_154202-1024x768.jpg\" alt=\"\" class=\"wp-image-66524\" width=\"548\" height=\"411\" srcset=\"https:\/\/www.uta.cl\/wp-content\/uploads\/2025\/04\/IMG_20250404_154202-1024x768.jpg 1024w, https:\/\/www.uta.cl\/wp-content\/uploads\/2025\/04\/IMG_20250404_154202-300x225.jpg 300w, https:\/\/www.uta.cl\/wp-content\/uploads\/2025\/04\/IMG_20250404_154202-768x576.jpg 768w, https:\/\/www.uta.cl\/wp-content\/uploads\/2025\/04\/IMG_20250404_154202-1536x1152.jpg 1536w, https:\/\/www.uta.cl\/wp-content\/uploads\/2025\/04\/IMG_20250404_154202-2048x1536.jpg 2048w\" sizes=\"(max-width: 548px) 100vw, 548px\" \/><\/figure><\/div>\n\n\n\n<p>El Dr. Brunner resalt\u00f3 lo relevante que result\u00f3 para \u00e9l participar del evento y \u201cestar con los estudiantes y los profesores del Departamento de Educaci\u00f3n, particularmente los que est\u00e1n siguiendo su carrera de doctorado, obviamente que para m\u00ed es una enorme satisfacci\u00f3n. Adem\u00e1s, es la primera vez que vengo a esta universidad ahora como acad\u00e9mico de ella, as\u00ed que me siento honrado de poder serlo\u201d.<\/p>\n\n\n\n<p>Durante esta misma ceremonia, el acad\u00e9mico miembro del claustro del Doctorado en Educaci\u00f3n y Coordinador UTA-Santiago, Dr. Francisco Ganga Contreras, present\u00f3 el Centro de Estudios Interdisciplinario para el Desarrollo de la Educaci\u00f3n P\u00fablica (CEIDEA-UTA), proyecto concebido como un espacio abierto, plural, comprometido con la excelencia y con la mejora de la educaci\u00f3n p\u00fablica.<\/p>\n\n\n\n<p>El acad\u00e9mico subray\u00f3 que CEIDEA \u201cnace sin restricciones ideol\u00f3gicas, centrado en la colaboraci\u00f3n con instituciones meritocr\u00e1ticas y comprometidas\u201d. Dentro del marco del lanzamiento, se celebr\u00f3 la firma del protocolo de acuerdo entre la Universidad de Tarapac\u00e1 y el Servicio Local de Educaci\u00f3n P\u00fablica (SLEP), representados en esta ocasi\u00f3n por la profesora Julia Or\u00f3stegui, Directora Ejecutiva Subrogante del SLEP Chinchorro.<\/p>\n\n\n\n<p>La Directora Ejecutiva Subrogante del SLEP Chinchorro, explic\u00f3 que el proyecto \u201cse ha estado desarrollando desde el a\u00f1o pasado, a trav\u00e9s del Director Ejecutivo del SLEP Chinchorro, profesor Hary Donoso L\u00f3pez, quien estableci\u00f3 una alianza estrat\u00e9gica con la Universidad de Tarapac\u00e1 con el prop\u00f3sito de fomentar y favorecer el trabajo del servicio locales en funci\u00f3n de la formaci\u00f3n directiva, de la formaci\u00f3n docente de l\u00edderes pedag\u00f3gicos, y precisamente esta vinculaci\u00f3n que tambi\u00e9n favorece el trabajo de la universidad en el \u00e1mbito de la investigaci\u00f3n para promover mejores aprendizajes para toda la regi\u00f3n de Arica y Parinacota\u201d.<\/p>\n\n\n\n<p>Esta actividad, organizada en conjunto por el programa doctoral de la UTA y el Servicio Local de Educaci\u00f3n P\u00fablica Chinchorro, recibi\u00f3 apoyo del Proyecto Fortalecimiento de las capacidades de gesti\u00f3n del programa de Doctorado en Educaci\u00f3n de la Universidad de Tarapac\u00e1 para su internacionalizaci\u00f3n, transferencia y vinculaci\u00f3n con el sector p\u00fablico, privado y sociedad civil de la macrozona centro-sur andina, ANID 86220010.<\/p>\n\n\n\n<div class=\"wp-block-image\"><figure class=\"aligncenter size-large is-resized\"><img loading=\"lazy\" src=\"https:\/\/www.uta.cl\/wp-content\/uploads\/2025\/04\/IMG_20250404_164323-1024x768.jpg\" alt=\"\" class=\"wp-image-66526\" width=\"573\" height=\"429\" srcset=\"https:\/\/www.uta.cl\/wp-content\/uploads\/2025\/04\/IMG_20250404_164323-1024x768.jpg 1024w, https:\/\/www.uta.cl\/wp-content\/uploads\/2025\/04\/IMG_20250404_164323-300x225.jpg 300w, https:\/\/www.uta.cl\/wp-content\/uploads\/2025\/04\/IMG_20250404_164323-768x576.jpg 768w, https:\/\/www.uta.cl\/wp-content\/uploads\/2025\/04\/IMG_20250404_164323-1536x1152.jpg 1536w, https:\/\/www.uta.cl\/wp-content\/uploads\/2025\/04\/IMG_20250404_164323-2048x1536.jpg 2048w\" sizes=\"(max-width: 573px) 100vw, 573px\" \/><\/figure><\/div>\n","protected":false},"excerpt":{"rendered":"<p>En una jornada marcada por el fortalecimiento del compromiso con la educaci\u00f3n p\u00fablica, la U. de Tarapac\u00e1 celebr\u00f3 el lanzamiento del Centro CEIDEA, hito que coincidi\u00f3 con la clase magistral del destacado acad\u00e9mico Jos\u00e9 Joaqu\u00edn Brunner, quien abord\u00f3 los principales desaf\u00edos de la investigaci\u00f3n en el campo educativo.<\/p>\n","protected":false},"author":13,"featured_media":66525,"comment_status":"open","ping_status":"open","sticky":false,"template":"","format":"standard","meta":[],"categories":[316,51],"tags":[],"_links":{"self":[{"href":"https:\/\/www.uta.cl\/index.php\/wp-json\/wp\/v2\/posts\/66523"}],"collection":[{"href":"https:\/\/www.uta.cl\/index.php\/wp-json\/wp\/v2\/posts"}],"about":[{"href":"https:\/\/www.uta.cl\/index.php\/wp-json\/wp\/v2\/types\/post"}],"author":[{"embeddable":true,"href":"https:\/\/www.uta.cl\/index.php\/wp-json\/wp\/v2\/users\/13"}],"replies":[{"embeddable":true,"href":"https:\/\/www.uta.cl\/index.php\/wp-json\/wp\/v2\/comments?post=66523"}],"version-history":[{"count":1,"href":"https:\/\/www.uta.cl\/index.php\/wp-json\/wp\/v2\/posts\/66523\/revisions"}],"predecessor-version":[{"id":66528,"href":"https:\/\/www.uta.cl\/index.php\/wp-json\/wp\/v2\/posts\/66523\/revisions\/66528"}],"wp:featuredmedia":[{"embeddable":true,"href":"https:\/\/www.uta.cl\/index.php\/wp-json\/wp\/v2\/media\/66525"}],"wp:attachment":[{"href":"https:\/\/www.uta.cl\/index.php\/wp-json\/wp\/v2\/media?parent=66523"}],"wp:term":[{"taxonomy":"category","embeddable":true,"href":"https:\/\/www.uta.cl\/index.php\/wp-json\/wp\/v2\/categories?post=66523"},{"taxonomy":"post_tag","embeddable":true,"href":"https:\/\/www.uta.cl\/index.php\/wp-json\/wp\/v2\/tags?post=66523"}],"curies":[{"name":"wp","href":"https:\/\/api.w.org\/{rel}","templated":true}]}}