{"id":66346,"date":"2025-04-08T16:56:30","date_gmt":"2025-04-08T16:56:30","guid":{"rendered":"https:\/\/www.uta.cl\/?p=66346"},"modified":"2025-04-08T16:56:37","modified_gmt":"2025-04-08T16:56:37","slug":"jefe-de-mision-adjunto-de-la-embajada-de-estados-unidos-visito-la-utarapaca","status":"publish","type":"post","link":"https:\/\/www.uta.cl\/index.php\/2025\/04\/08\/jefe-de-mision-adjunto-de-la-embajada-de-estados-unidos-visito-la-utarapaca\/","title":{"rendered":"Jefe de misi\u00f3n adjunto de la embajada de Estados Unidos visit\u00f3 la UTarapac\u00e1"},"content":{"rendered":"\n<p>El encargado de negocios a.i. de la Embajada de EEUU, Richard Yoneoka, realiz\u00f3 una visita protocolar a la Universidad de Tarapac\u00e1, junto al agregado de prensa, Chase Guinn, y la coordinadora de American Spaces de la embajada, Marketa Charvatova. En la ocasi\u00f3n, se reunieron con el rector, Dr. Emilio Rodr\u00edguez, y la directora de Internacionalizaci\u00f3n, Dra. Vanessa Jara, para reforzar su compromiso por una educaci\u00f3n que impulse el progreso mutuo. Durante su visita tambi\u00e9n compartieron con estudiantes en un conversatorio realizado en el American Space de la Biblioteca Central de la Universidad.<\/p>\n\n\n\n<figure class=\"wp-block-gallery columns-3 is-cropped\"><ul class=\"blocks-gallery-grid\"><li class=\"blocks-gallery-item\"><figure><a href=\"https:\/\/www.uta.cl\/wp-content\/uploads\/2025\/04\/1744129882932-1.jpg\"><img loading=\"lazy\" width=\"1024\" height=\"768\" src=\"https:\/\/www.uta.cl\/wp-content\/uploads\/2025\/04\/1744129882932-1-1024x768.jpg\" alt=\"\" data-id=\"66333\" data-full-url=\"https:\/\/www.uta.cl\/wp-content\/uploads\/2025\/04\/1744129882932-1.jpg\" data-link=\"https:\/\/www.uta.cl\/index.php\/2025\/04\/08\/utarapaca-fortalece-la-integracion-estudiantil-con-el-programa-de-induccion-a-la-vida-universitaria-2025\/1744129882932-1\/\" class=\"wp-image-66333\" srcset=\"https:\/\/www.uta.cl\/wp-content\/uploads\/2025\/04\/1744129882932-1-1024x768.jpg 1024w, https:\/\/www.uta.cl\/wp-content\/uploads\/2025\/04\/1744129882932-1-300x225.jpg 300w, https:\/\/www.uta.cl\/wp-content\/uploads\/2025\/04\/1744129882932-1-768x576.jpg 768w, https:\/\/www.uta.cl\/wp-content\/uploads\/2025\/04\/1744129882932-1-1536x1152.jpg 1536w, https:\/\/www.uta.cl\/wp-content\/uploads\/2025\/04\/1744129882932-1.jpg 2048w\" sizes=\"(max-width: 1024px) 100vw, 1024px\" \/><\/a><\/figure><\/li><li class=\"blocks-gallery-item\"><figure><a href=\"https:\/\/www.uta.cl\/wp-content\/uploads\/2025\/04\/1744129882924-1.jpg\"><img loading=\"lazy\" width=\"1024\" height=\"768\" src=\"https:\/\/www.uta.cl\/wp-content\/uploads\/2025\/04\/1744129882924-1-1024x768.jpg\" alt=\"\" data-id=\"66332\" data-full-url=\"https:\/\/www.uta.cl\/wp-content\/uploads\/2025\/04\/1744129882924-1.jpg\" data-link=\"https:\/\/www.uta.cl\/index.php\/2025\/04\/08\/utarapaca-fortalece-la-integracion-estudiantil-con-el-programa-de-induccion-a-la-vida-universitaria-2025\/1744129882924-1\/\" class=\"wp-image-66332\" srcset=\"https:\/\/www.uta.cl\/wp-content\/uploads\/2025\/04\/1744129882924-1-1024x768.jpg 1024w, https:\/\/www.uta.cl\/wp-content\/uploads\/2025\/04\/1744129882924-1-300x225.jpg 300w, https:\/\/www.uta.cl\/wp-content\/uploads\/2025\/04\/1744129882924-1-768x576.jpg 768w, https:\/\/www.uta.cl\/wp-content\/uploads\/2025\/04\/1744129882924-1-1536x1152.jpg 1536w, https:\/\/www.uta.cl\/wp-content\/uploads\/2025\/04\/1744129882924-1.jpg 2048w\" sizes=\"(max-width: 1024px) 100vw, 1024px\" \/><\/a><\/figure><\/li><li class=\"blocks-gallery-item\"><figure><a href=\"https:\/\/www.uta.cl\/wp-content\/uploads\/2025\/04\/1744129882908-1.jpg\"><img loading=\"lazy\" width=\"1024\" height=\"768\" src=\"https:\/\/www.uta.cl\/wp-content\/uploads\/2025\/04\/1744129882908-1-1024x768.jpg\" alt=\"\" data-id=\"66331\" data-full-url=\"https:\/\/www.uta.cl\/wp-content\/uploads\/2025\/04\/1744129882908-1.jpg\" data-link=\"https:\/\/www.uta.cl\/index.php\/2025\/04\/08\/utarapaca-fortalece-la-integracion-estudiantil-con-el-programa-de-induccion-a-la-vida-universitaria-2025\/1744129882908-1\/\" class=\"wp-image-66331\" srcset=\"https:\/\/www.uta.cl\/wp-content\/uploads\/2025\/04\/1744129882908-1-1024x768.jpg 1024w, https:\/\/www.uta.cl\/wp-content\/uploads\/2025\/04\/1744129882908-1-300x225.jpg 300w, https:\/\/www.uta.cl\/wp-content\/uploads\/2025\/04\/1744129882908-1-768x576.jpg 768w, https:\/\/www.uta.cl\/wp-content\/uploads\/2025\/04\/1744129882908-1-1536x1152.jpg 1536w, https:\/\/www.uta.cl\/wp-content\/uploads\/2025\/04\/1744129882908-1.jpg 2048w\" sizes=\"(max-width: 1024px) 100vw, 1024px\" \/><\/a><\/figure><\/li><li class=\"blocks-gallery-item\"><figure><a href=\"https:\/\/www.uta.cl\/wp-content\/uploads\/2025\/04\/1744129882900-1.jpg\"><img loading=\"lazy\" width=\"1024\" height=\"768\" src=\"https:\/\/www.uta.cl\/wp-content\/uploads\/2025\/04\/1744129882900-1-1024x768.jpg\" alt=\"\" data-id=\"66330\" data-full-url=\"https:\/\/www.uta.cl\/wp-content\/uploads\/2025\/04\/1744129882900-1.jpg\" data-link=\"https:\/\/www.uta.cl\/index.php\/2025\/04\/08\/utarapaca-fortalece-la-integracion-estudiantil-con-el-programa-de-induccion-a-la-vida-universitaria-2025\/1744129882900-1\/\" class=\"wp-image-66330\" srcset=\"https:\/\/www.uta.cl\/wp-content\/uploads\/2025\/04\/1744129882900-1-1024x768.jpg 1024w, https:\/\/www.uta.cl\/wp-content\/uploads\/2025\/04\/1744129882900-1-300x225.jpg 300w, https:\/\/www.uta.cl\/wp-content\/uploads\/2025\/04\/1744129882900-1-768x576.jpg 768w, https:\/\/www.uta.cl\/wp-content\/uploads\/2025\/04\/1744129882900-1-1536x1152.jpg 1536w, https:\/\/www.uta.cl\/wp-content\/uploads\/2025\/04\/1744129882900-1.jpg 2048w\" sizes=\"(max-width: 1024px) 100vw, 1024px\" \/><\/a><\/figure><\/li><li class=\"blocks-gallery-item\"><figure><a href=\"https:\/\/www.uta.cl\/wp-content\/uploads\/2025\/04\/1744129882916-1.jpg\"><img loading=\"lazy\" width=\"1024\" height=\"768\" src=\"https:\/\/www.uta.cl\/wp-content\/uploads\/2025\/04\/1744129882916-1-1024x768.jpg\" alt=\"\" data-id=\"66329\" data-full-url=\"https:\/\/www.uta.cl\/wp-content\/uploads\/2025\/04\/1744129882916-1.jpg\" data-link=\"https:\/\/www.uta.cl\/index.php\/2025\/04\/08\/utarapaca-fortalece-la-integracion-estudiantil-con-el-programa-de-induccion-a-la-vida-universitaria-2025\/1744129882916-1\/\" class=\"wp-image-66329\" srcset=\"https:\/\/www.uta.cl\/wp-content\/uploads\/2025\/04\/1744129882916-1-1024x768.jpg 1024w, https:\/\/www.uta.cl\/wp-content\/uploads\/2025\/04\/1744129882916-1-300x225.jpg 300w, https:\/\/www.uta.cl\/wp-content\/uploads\/2025\/04\/1744129882916-1-768x576.jpg 768w, https:\/\/www.uta.cl\/wp-content\/uploads\/2025\/04\/1744129882916-1-1536x1152.jpg 1536w, https:\/\/www.uta.cl\/wp-content\/uploads\/2025\/04\/1744129882916-1.jpg 2048w\" sizes=\"(max-width: 1024px) 100vw, 1024px\" \/><\/a><\/figure><\/li><\/ul><\/figure>\n","protected":false},"excerpt":{"rendered":"<p>El encargado de negocios a.i. de la Embajada de EEUU, Richard Yoneoka, realiz\u00f3 una visita protocolar a la Universidad de Tarapac\u00e1, junto al agregado de prensa, Chase Guinn, y la coordinadora de American Spaces de la embajada, Marketa Charvatova. En la ocasi\u00f3n, se reunieron con el rector, Dr. Emilio Rodr\u00edguez, y la directora de Internacionalizaci\u00f3n, [&hellip;]<\/p>\n","protected":false},"author":13,"featured_media":66330,"comment_status":"open","ping_status":"open","sticky":false,"template":"","format":"standard","meta":[],"categories":[318],"tags":[],"_links":{"self":[{"href":"https:\/\/www.uta.cl\/index.php\/wp-json\/wp\/v2\/posts\/66346"}],"collection":[{"href":"https:\/\/www.uta.cl\/index.php\/wp-json\/wp\/v2\/posts"}],"about":[{"href":"https:\/\/www.uta.cl\/index.php\/wp-json\/wp\/v2\/types\/post"}],"author":[{"embeddable":true,"href":"https:\/\/www.uta.cl\/index.php\/wp-json\/wp\/v2\/users\/13"}],"replies":[{"embeddable":true,"href":"https:\/\/www.uta.cl\/index.php\/wp-json\/wp\/v2\/comments?post=66346"}],"version-history":[{"count":1,"href":"https:\/\/www.uta.cl\/index.php\/wp-json\/wp\/v2\/posts\/66346\/revisions"}],"predecessor-version":[{"id":66347,"href":"https:\/\/www.uta.cl\/index.php\/wp-json\/wp\/v2\/posts\/66346\/revisions\/66347"}],"wp:featuredmedia":[{"embeddable":true,"href":"https:\/\/www.uta.cl\/index.php\/wp-json\/wp\/v2\/media\/66330"}],"wp:attachment":[{"href":"https:\/\/www.uta.cl\/index.php\/wp-json\/wp\/v2\/media?parent=66346"}],"wp:term":[{"taxonomy":"category","embeddable":true,"href":"https:\/\/www.uta.cl\/index.php\/wp-json\/wp\/v2\/categories?post=66346"},{"taxonomy":"post_tag","embeddable":true,"href":"https:\/\/www.uta.cl\/index.php\/wp-json\/wp\/v2\/tags?post=66346"}],"curies":[{"name":"wp","href":"https:\/\/api.w.org\/{rel}","templated":true}]}}