{"id":66327,"date":"2025-04-08T16:50:11","date_gmt":"2025-04-08T16:50:11","guid":{"rendered":"https:\/\/www.uta.cl\/?p=66327"},"modified":"2025-04-08T16:53:35","modified_gmt":"2025-04-08T16:53:35","slug":"utarapaca-fortalece-la-integracion-estudiantil-con-el-programa-de-induccion-a-la-vida-universitaria-2025","status":"publish","type":"post","link":"https:\/\/www.uta.cl\/index.php\/2025\/04\/08\/utarapaca-fortalece-la-integracion-estudiantil-con-el-programa-de-induccion-a-la-vida-universitaria-2025\/","title":{"rendered":"UTarapac\u00e1 fortalece la integraci\u00f3n estudiantil con el Programa de Inducci\u00f3n a la Vida Universitaria 2025"},"content":{"rendered":"\n<p>El programa de actividades, liderado por el \u00c1rea de Formaci\u00f3n Integral y el Programa de Acceso a la Educaci\u00f3n Superior (PACE) de la Direcci\u00f3n General de Docencia de Pregrado (DIDO), busc\u00f3 acompa\u00f1ar a los y las estudiantes de nuevo ingreso en su adaptaci\u00f3n acad\u00e9mica, social y psicoafectiva.&nbsp;<\/p>\n\n\n\n<p><strong>Algunos de los principales hitos del programa fueron:<\/strong><\/p>\n\n\n\n<p><strong>Cursos de Preparaci\u00f3n Universitaria:<\/strong> M\u00e1s de 600 estudiantes fortalecieron sus conocimientos en lenguaje y matem\u00e1ticas mediante sesiones online.<\/p>\n\n\n\n<p><strong>Feria Mechona:<\/strong> En su segunda versi\u00f3n, esta feria permiti\u00f3 a los nuevos estudiantes conectarse con diversas unidades y organizaciones estudiantiles, como la Direcci\u00f3n de Equidad y G\u00e9nero, American Space, Registradur\u00eda, Direcci\u00f3n de Asuntos Estudiantiles, Biblioteca, Centro de Investigaci\u00f3n e Intervenci\u00f3n Psicosocial (CEINPSI), Direcci\u00f3n de Extensi\u00f3n y Vinculaci\u00f3n con el Medio, Recaudaci\u00f3n , Instituto Nacional de la Juventud de la Regi\u00f3n de Arica y Parinacota (INJUV), Organizaci\u00f3n de Estudiantes Trans-No Binaries UTA y la Organizaci\u00f3n de Estudiantes TEA UTA, en un ambiente participativo y enriquecedor.<\/p>\n\n\n\n<p><strong>Charlas de Inducci\u00f3n y Jornada de Movilidad Estudiantil: <\/strong>M\u00e1s de 1000 estudiantes participaron en sesiones informativas sobre becas, servicios estudiantiles y oportunidades de intercambio.<\/p>\n\n\n\n<p><strong>Foro \u201cUna Universidad para Tod@s\u201d:<\/strong> Un espacio de di\u00e1logo sobre inclusi\u00f3n, equidad e interculturalidad, que cont\u00f3 con la participaci\u00f3n de 262 estudiantes y panelistas de diversas unidades de la UTA. La actividad fue transmitida por YouTube, donde sigue disponible como recurso formativo.<\/p>\n\n\n\n<figure class=\"wp-block-gallery columns-3 is-cropped\"><ul class=\"blocks-gallery-grid\"><li class=\"blocks-gallery-item\"><figure><a href=\"https:\/\/www.uta.cl\/wp-content\/uploads\/2025\/04\/1-Cursos-Preparacion-Universitaria-1024x713.png\"><img loading=\"lazy\" width=\"1024\" height=\"713\" src=\"https:\/\/www.uta.cl\/wp-content\/uploads\/2025\/04\/1-Cursos-Preparacion-Universitaria-1024x713.png\" alt=\"\" data-id=\"66334\" data-link=\"https:\/\/www.uta.cl\/?attachment_id=66334\" class=\"wp-image-66334\" srcset=\"https:\/\/www.uta.cl\/wp-content\/uploads\/2025\/04\/1-Cursos-Preparacion-Universitaria-1024x713.png 1024w, https:\/\/www.uta.cl\/wp-content\/uploads\/2025\/04\/1-Cursos-Preparacion-Universitaria-300x209.png 300w, https:\/\/www.uta.cl\/wp-content\/uploads\/2025\/04\/1-Cursos-Preparacion-Universitaria-768x535.png 768w, https:\/\/www.uta.cl\/wp-content\/uploads\/2025\/04\/1-Cursos-Preparacion-Universitaria-1536x1070.png 1536w, https:\/\/www.uta.cl\/wp-content\/uploads\/2025\/04\/1-Cursos-Preparacion-Universitaria-2048x1427.png 2048w\" sizes=\"(max-width: 1024px) 100vw, 1024px\" \/><\/a><\/figure><\/li><li class=\"blocks-gallery-item\"><figure><a href=\"https:\/\/www.uta.cl\/wp-content\/uploads\/2025\/04\/3-Foro-Inclusion-Equidad-.jpg\"><img loading=\"lazy\" width=\"960\" height=\"640\" src=\"https:\/\/www.uta.cl\/wp-content\/uploads\/2025\/04\/3-Foro-Inclusion-Equidad-.jpg\" alt=\"\" data-id=\"66335\" data-link=\"https:\/\/www.uta.cl\/?attachment_id=66335\" class=\"wp-image-66335\" srcset=\"https:\/\/www.uta.cl\/wp-content\/uploads\/2025\/04\/3-Foro-Inclusion-Equidad-.jpg 960w, https:\/\/www.uta.cl\/wp-content\/uploads\/2025\/04\/3-Foro-Inclusion-Equidad--300x200.jpg 300w, https:\/\/www.uta.cl\/wp-content\/uploads\/2025\/04\/3-Foro-Inclusion-Equidad--768x512.jpg 768w\" sizes=\"(max-width: 960px) 100vw, 960px\" \/><\/a><\/figure><\/li><li class=\"blocks-gallery-item\"><figure><a href=\"https:\/\/www.uta.cl\/wp-content\/uploads\/2025\/04\/4-Charlas-Induccion-1.jpg\"><img loading=\"lazy\" width=\"1024\" height=\"695\" src=\"https:\/\/www.uta.cl\/wp-content\/uploads\/2025\/04\/4-Charlas-Induccion-1-1024x695.jpg\" alt=\"\" data-id=\"66343\" data-full-url=\"https:\/\/www.uta.cl\/wp-content\/uploads\/2025\/04\/4-Charlas-Induccion-1.jpg\" data-link=\"https:\/\/www.uta.cl\/index.php\/2025\/04\/08\/utarapaca-fortalece-la-integracion-estudiantil-con-el-programa-de-induccion-a-la-vida-universitaria-2025\/4-charlas-induccion-1\/\" class=\"wp-image-66343\" srcset=\"https:\/\/www.uta.cl\/wp-content\/uploads\/2025\/04\/4-Charlas-Induccion-1-1024x695.jpg 1024w, https:\/\/www.uta.cl\/wp-content\/uploads\/2025\/04\/4-Charlas-Induccion-1-300x204.jpg 300w, https:\/\/www.uta.cl\/wp-content\/uploads\/2025\/04\/4-Charlas-Induccion-1-768x521.jpg 768w, https:\/\/www.uta.cl\/wp-content\/uploads\/2025\/04\/4-Charlas-Induccion-1.jpg 1277w\" sizes=\"(max-width: 1024px) 100vw, 1024px\" \/><\/a><\/figure><\/li><li class=\"blocks-gallery-item\"><figure><a href=\"https:\/\/www.uta.cl\/wp-content\/uploads\/2025\/04\/5-feria-Mechona.jpg\"><img loading=\"lazy\" width=\"960\" height=\"640\" src=\"https:\/\/www.uta.cl\/wp-content\/uploads\/2025\/04\/5-feria-Mechona.jpg\" alt=\"\" data-id=\"66337\" data-link=\"https:\/\/www.uta.cl\/?attachment_id=66337\" class=\"wp-image-66337\" srcset=\"https:\/\/www.uta.cl\/wp-content\/uploads\/2025\/04\/5-feria-Mechona.jpg 960w, https:\/\/www.uta.cl\/wp-content\/uploads\/2025\/04\/5-feria-Mechona-300x200.jpg 300w, https:\/\/www.uta.cl\/wp-content\/uploads\/2025\/04\/5-feria-Mechona-768x512.jpg 768w\" sizes=\"(max-width: 960px) 100vw, 960px\" \/><\/a><\/figure><\/li><li class=\"blocks-gallery-item\"><figure><a href=\"https:\/\/www.uta.cl\/wp-content\/uploads\/2025\/04\/2-Encuesta-de-Caracterizacio\u0301n-1024x576.jpg\"><img loading=\"lazy\" width=\"1024\" height=\"576\" src=\"https:\/\/www.uta.cl\/wp-content\/uploads\/2025\/04\/2-Encuesta-de-Caracterizacio\u0301n-1024x576.jpg\" alt=\"\" data-id=\"66336\" data-link=\"https:\/\/www.uta.cl\/?attachment_id=66336\" class=\"wp-image-66336\" srcset=\"https:\/\/www.uta.cl\/wp-content\/uploads\/2025\/04\/2-Encuesta-de-Caracterizacio\u0301n-1024x576.jpg 1024w, https:\/\/www.uta.cl\/wp-content\/uploads\/2025\/04\/2-Encuesta-de-Caracterizacio\u0301n-300x169.jpg 300w, https:\/\/www.uta.cl\/wp-content\/uploads\/2025\/04\/2-Encuesta-de-Caracterizacio\u0301n-768x432.jpg 768w, https:\/\/www.uta.cl\/wp-content\/uploads\/2025\/04\/2-Encuesta-de-Caracterizacio\u0301n.jpg 1137w\" sizes=\"(max-width: 1024px) 100vw, 1024px\" \/><\/a><\/figure><\/li><\/ul><\/figure>\n","protected":false},"excerpt":{"rendered":"<p>El programa de actividades, liderado por el \u00c1rea de Formaci\u00f3n Integral y el Programa de Acceso a la Educaci\u00f3n Superior (PACE) de la Direcci\u00f3n General de Docencia de Pregrado (DIDO), busc\u00f3 acompa\u00f1ar a los y las estudiantes de nuevo ingreso en su adaptaci\u00f3n acad\u00e9mica, social y psicoafectiva.&nbsp; Algunos de los principales hitos del programa fueron: [&hellip;]<\/p>\n","protected":false},"author":13,"featured_media":66336,"comment_status":"open","ping_status":"open","sticky":false,"template":"","format":"standard","meta":[],"categories":[318],"tags":[],"_links":{"self":[{"href":"https:\/\/www.uta.cl\/index.php\/wp-json\/wp\/v2\/posts\/66327"}],"collection":[{"href":"https:\/\/www.uta.cl\/index.php\/wp-json\/wp\/v2\/posts"}],"about":[{"href":"https:\/\/www.uta.cl\/index.php\/wp-json\/wp\/v2\/types\/post"}],"author":[{"embeddable":true,"href":"https:\/\/www.uta.cl\/index.php\/wp-json\/wp\/v2\/users\/13"}],"replies":[{"embeddable":true,"href":"https:\/\/www.uta.cl\/index.php\/wp-json\/wp\/v2\/comments?post=66327"}],"version-history":[{"count":4,"href":"https:\/\/www.uta.cl\/index.php\/wp-json\/wp\/v2\/posts\/66327\/revisions"}],"predecessor-version":[{"id":66345,"href":"https:\/\/www.uta.cl\/index.php\/wp-json\/wp\/v2\/posts\/66327\/revisions\/66345"}],"wp:featuredmedia":[{"embeddable":true,"href":"https:\/\/www.uta.cl\/index.php\/wp-json\/wp\/v2\/media\/66336"}],"wp:attachment":[{"href":"https:\/\/www.uta.cl\/index.php\/wp-json\/wp\/v2\/media?parent=66327"}],"wp:term":[{"taxonomy":"category","embeddable":true,"href":"https:\/\/www.uta.cl\/index.php\/wp-json\/wp\/v2\/categories?post=66327"},{"taxonomy":"post_tag","embeddable":true,"href":"https:\/\/www.uta.cl\/index.php\/wp-json\/wp\/v2\/tags?post=66327"}],"curies":[{"name":"wp","href":"https:\/\/api.w.org\/{rel}","templated":true}]}}