{"id":65950,"date":"2025-03-20T19:12:35","date_gmt":"2025-03-20T19:12:35","guid":{"rendered":"https:\/\/www.uta.cl\/?p=65950"},"modified":"2025-03-26T21:35:22","modified_gmt":"2025-03-26T21:35:22","slug":"estudiantes-y-funcionarios-de-gestion-de-arica-e-iquique-participan-en-jornadas-informativas-del-proceso-de-elecciones-para-el-consejo-universitario-segun-dfl-16","status":"publish","type":"post","link":"https:\/\/www.uta.cl\/index.php\/2025\/03\/20\/estudiantes-y-funcionarios-de-gestion-de-arica-e-iquique-participan-en-jornadas-informativas-del-proceso-de-elecciones-para-el-consejo-universitario-segun-dfl-16\/","title":{"rendered":"Estudiantes y Funcionarios de Gesti\u00f3n de Arica e Iquique participan en jornadas informativas del proceso de elecciones para el Consejo Universitario seg\u00fan DFL-16"},"content":{"rendered":"\n<figure class=\"wp-block-gallery columns-2 is-cropped\"><ul class=\"blocks-gallery-grid\"><li class=\"blocks-gallery-item\"><figure><img loading=\"lazy\" width=\"1024\" height=\"443\" src=\"https:\/\/www.uta.cl\/wp-content\/uploads\/2025\/03\/WhatsApp-Image-2025-03-17-at-12.39.31-1-1024x443.jpeg\" alt=\"\" data-id=\"65951\" data-full-url=\"https:\/\/www.uta.cl\/wp-content\/uploads\/2025\/03\/WhatsApp-Image-2025-03-17-at-12.39.31-1.jpeg\" data-link=\"https:\/\/www.uta.cl\/?attachment_id=65951\" class=\"wp-image-65951\" srcset=\"https:\/\/www.uta.cl\/wp-content\/uploads\/2025\/03\/WhatsApp-Image-2025-03-17-at-12.39.31-1-1024x443.jpeg 1024w, https:\/\/www.uta.cl\/wp-content\/uploads\/2025\/03\/WhatsApp-Image-2025-03-17-at-12.39.31-1-300x130.jpeg 300w, https:\/\/www.uta.cl\/wp-content\/uploads\/2025\/03\/WhatsApp-Image-2025-03-17-at-12.39.31-1-768x332.jpeg 768w, https:\/\/www.uta.cl\/wp-content\/uploads\/2025\/03\/WhatsApp-Image-2025-03-17-at-12.39.31-1.jpeg 1280w\" sizes=\"(max-width: 1024px) 100vw, 1024px\" \/><\/figure><\/li><li class=\"blocks-gallery-item\"><figure><img loading=\"lazy\" width=\"1024\" height=\"768\" src=\"https:\/\/www.uta.cl\/wp-content\/uploads\/2025\/03\/1742495899600-1024x768.jpg\" alt=\"\" data-id=\"65952\" data-full-url=\"https:\/\/www.uta.cl\/wp-content\/uploads\/2025\/03\/1742495899600-scaled.jpg\" data-link=\"https:\/\/www.uta.cl\/?attachment_id=65952\" class=\"wp-image-65952\" srcset=\"https:\/\/www.uta.cl\/wp-content\/uploads\/2025\/03\/1742495899600-1024x768.jpg 1024w, https:\/\/www.uta.cl\/wp-content\/uploads\/2025\/03\/1742495899600-300x225.jpg 300w, https:\/\/www.uta.cl\/wp-content\/uploads\/2025\/03\/1742495899600-768x576.jpg 768w, https:\/\/www.uta.cl\/wp-content\/uploads\/2025\/03\/1742495899600-1536x1152.jpg 1536w, https:\/\/www.uta.cl\/wp-content\/uploads\/2025\/03\/1742495899600-2048x1536.jpg 2048w\" sizes=\"(max-width: 1024px) 100vw, 1024px\" \/><\/figure><\/li><\/ul><\/figure>\n\n\n\n<p>Durante el transcurso de marzo la Vicerrector\u00eda de Desarrollo Estrat\u00e9gico ha llevado a cabo una campa\u00f1a de difusi\u00f3n del Reglamento de la Comisi\u00f3n Electoral Triestamental (CET), comit\u00e9 encargado de organizar, gestionar y llevar a cabo las elecciones del Consejo Universitario y Consejo Superior, las dos instancias de mayor rango jer\u00e1rquico en la toma de decisiones de la Universidad y que ser\u00e1n conformados por estudiantes, acad\u00e9micos y funcionarios de gesti\u00f3n.<\/p>\n\n\n\n<p>\u201cLa elecci\u00f3n de los representantes estamentales para los consejos superior y universitario es uno de los hitos m\u00e1s importantes en el proceso de implementaci\u00f3n del DFL-16. Los requisitos que se debe cumplir para ser representante de cada estamento ha suscitado mucho inter\u00e9s por parte de estudiantes y funcionarios\u201d, se\u00f1al\u00f3 la vicerrectora de Desarrollo Estrat\u00e9gico y autoridad encargada del proceso de implementaci\u00f3n de los estatutos a nivel institucional, Dra. Jenniffer Peralta.<\/p>\n\n\n\n<p>A su vez, Peralta ahond\u00f3 en que \u201cles ha sorprendido la envergadura del proceso, ya que cerca de 12 mil personas participar\u00e1n del acto eleccionario con derecho a voto. <strong>La convocatoria a elecciones se realizar\u00e1 la primera semana de abril, extendiendo el proceso durante 30 d\u00edas considerando inscripci\u00f3n de candidaturas, campa\u00f1a<\/strong> <strong>y votaciones&#8221;.<\/strong><\/p>\n\n\n\n<div class=\"wp-block-image\"><figure class=\"aligncenter size-large is-resized\"><img loading=\"lazy\" src=\"https:\/\/www.uta.cl\/wp-content\/uploads\/2025\/03\/1742497211645-1024x768.jpg\" alt=\"\" class=\"wp-image-65954\" width=\"502\" height=\"377\" srcset=\"https:\/\/www.uta.cl\/wp-content\/uploads\/2025\/03\/1742497211645-1024x768.jpg 1024w, https:\/\/www.uta.cl\/wp-content\/uploads\/2025\/03\/1742497211645-300x225.jpg 300w, https:\/\/www.uta.cl\/wp-content\/uploads\/2025\/03\/1742497211645-768x576.jpg 768w, https:\/\/www.uta.cl\/wp-content\/uploads\/2025\/03\/1742497211645-1536x1152.jpg 1536w, https:\/\/www.uta.cl\/wp-content\/uploads\/2025\/03\/1742497211645-2048x1536.jpg 2048w\" sizes=\"(max-width: 502px) 100vw, 502px\" \/><\/figure><\/div>\n\n\n\n<p>La siguiente etapa del proceso corresponde a la designaci\u00f3n de la Comisi\u00f3n Electoral Triestamental (CET),<strong> los tres estamentos tienen hasta el mi\u00e9rcoles 26 de marzo para remitir a los integrantes de la CET<\/strong>, quienes tendr\u00e1n la responsabilidad de organizar las elecciones de los representantes del Consejo Universitario.<\/p>\n\n\n\n<p>\u201cRealmente estas jornadas informativas son bastante eficientes para el proceso de mantenernos a todos los estudiantes tanto informados como organizados porque <strong>nos da la posibilidad de establecer fechas para nosotros poder organizarnos y llevar a cabo todo lo que conlleva esta triestamentalidad que nos va a regir ahora<\/strong>\u201d, destac\u00f3 la estudiante de tercer a\u00f1o de Pedagog\u00eda en Educaci\u00f3n Diferencial y vicepresidenta del Consejo de Presidentes, Marta Soto.<\/p>\n\n\n\n<div class=\"wp-block-image\"><figure class=\"aligncenter size-large is-resized\"><img loading=\"lazy\" src=\"https:\/\/www.uta.cl\/wp-content\/uploads\/2025\/03\/1742497211635-1024x768.jpg\" alt=\"\" class=\"wp-image-65964\" width=\"485\" height=\"364\" srcset=\"https:\/\/www.uta.cl\/wp-content\/uploads\/2025\/03\/1742497211635-1024x768.jpg 1024w, https:\/\/www.uta.cl\/wp-content\/uploads\/2025\/03\/1742497211635-300x225.jpg 300w, https:\/\/www.uta.cl\/wp-content\/uploads\/2025\/03\/1742497211635-768x576.jpg 768w, https:\/\/www.uta.cl\/wp-content\/uploads\/2025\/03\/1742497211635-1536x1152.jpg 1536w, https:\/\/www.uta.cl\/wp-content\/uploads\/2025\/03\/1742497211635-2048x1536.jpg 2048w\" sizes=\"(max-width: 485px) 100vw, 485px\" \/><\/figure><\/div>\n\n\n\n<p>Paralelamente, el funcionario de gesti\u00f3n de la Sede Iquique, Paulo Lanas, expres\u00f3 que \u201cen la actividad de difusi\u00f3n pudimos enterarnos sobre los detalles de las etapas del proceso que viene para nuestra instituci\u00f3n, el cual es muy relevante para su real democratizaci\u00f3n. <strong>Todos somos responsables del futuro de esta instituci\u00f3n, por tanto es vital poder organizarnos y participar de estas instancias para construir una mejor universidad d\u00eda a d\u00eda<\/strong>\u201d.<br><br>Asimismo, el estudiante de Psicolog\u00eda y presidente de la Federaci\u00f3n de Estudiantes UTA-Iquique, Ren\u00e9 Guajardo, agradeci\u00f3 el espacio: \u201cSobre todo la difusi\u00f3n de estos nuevos estatutos; de qu\u00e9 manera se van a implementar, c\u00f3mo se van a hacer, las fechas, el periodo de elecciones, c\u00f3mo va a ser todo. <strong>Se agradece bastante que lo hayan explicado detalladamente y tambi\u00e9n el tema de c\u00f3mo se fueron construyendo todos estos procesos paso a paso<\/strong>\u201d.<\/p>\n\n\n\n<div class=\"wp-block-image\"><figure class=\"aligncenter size-large is-resized\"><img loading=\"lazy\" src=\"https:\/\/www.uta.cl\/wp-content\/uploads\/2025\/03\/WhatsApp-Image-2025-03-17-at-12.39.31-1024x768.jpeg\" alt=\"\" class=\"wp-image-65959\" width=\"491\" height=\"368\" srcset=\"https:\/\/www.uta.cl\/wp-content\/uploads\/2025\/03\/WhatsApp-Image-2025-03-17-at-12.39.31-1024x768.jpeg 1024w, https:\/\/www.uta.cl\/wp-content\/uploads\/2025\/03\/WhatsApp-Image-2025-03-17-at-12.39.31-300x225.jpeg 300w, https:\/\/www.uta.cl\/wp-content\/uploads\/2025\/03\/WhatsApp-Image-2025-03-17-at-12.39.31-768x576.jpeg 768w, https:\/\/www.uta.cl\/wp-content\/uploads\/2025\/03\/WhatsApp-Image-2025-03-17-at-12.39.31.jpeg 1280w\" sizes=\"(max-width: 491px) 100vw, 491px\" \/><\/figure><\/div>\n","protected":false},"excerpt":{"rendered":"<p>La Vicerrector\u00eda de Desarrollo Estrat\u00e9gico ha ejecutado un plan de difusi\u00f3n con cada una de las facultades y estamentos para informar a la comunidad sobre el proceso de elecciones en el marco de la implementaci\u00f3n del nuevo estatuto universitario.<\/p>\n","protected":false},"author":13,"featured_media":65981,"comment_status":"open","ping_status":"open","sticky":false,"template":"","format":"standard","meta":[],"categories":[315,337,316],"tags":[],"_links":{"self":[{"href":"https:\/\/www.uta.cl\/index.php\/wp-json\/wp\/v2\/posts\/65950"}],"collection":[{"href":"https:\/\/www.uta.cl\/index.php\/wp-json\/wp\/v2\/posts"}],"about":[{"href":"https:\/\/www.uta.cl\/index.php\/wp-json\/wp\/v2\/types\/post"}],"author":[{"embeddable":true,"href":"https:\/\/www.uta.cl\/index.php\/wp-json\/wp\/v2\/users\/13"}],"replies":[{"embeddable":true,"href":"https:\/\/www.uta.cl\/index.php\/wp-json\/wp\/v2\/comments?post=65950"}],"version-history":[{"count":3,"href":"https:\/\/www.uta.cl\/index.php\/wp-json\/wp\/v2\/posts\/65950\/revisions"}],"predecessor-version":[{"id":65974,"href":"https:\/\/www.uta.cl\/index.php\/wp-json\/wp\/v2\/posts\/65950\/revisions\/65974"}],"wp:featuredmedia":[{"embeddable":true,"href":"https:\/\/www.uta.cl\/index.php\/wp-json\/wp\/v2\/media\/65981"}],"wp:attachment":[{"href":"https:\/\/www.uta.cl\/index.php\/wp-json\/wp\/v2\/media?parent=65950"}],"wp:term":[{"taxonomy":"category","embeddable":true,"href":"https:\/\/www.uta.cl\/index.php\/wp-json\/wp\/v2\/categories?post=65950"},{"taxonomy":"post_tag","embeddable":true,"href":"https:\/\/www.uta.cl\/index.php\/wp-json\/wp\/v2\/tags?post=65950"}],"curies":[{"name":"wp","href":"https:\/\/api.w.org\/{rel}","templated":true}]}}