{"id":65231,"date":"2025-02-04T15:27:33","date_gmt":"2025-02-04T15:27:33","guid":{"rendered":"https:\/\/www.uta.cl\/?p=65231"},"modified":"2025-02-04T15:27:38","modified_gmt":"2025-02-04T15:27:38","slug":"saludo-protocolar-de-la-seremi-de-justicia-y-derechos-humanos","status":"publish","type":"post","link":"https:\/\/www.uta.cl\/index.php\/2025\/02\/04\/saludo-protocolar-de-la-seremi-de-justicia-y-derechos-humanos\/","title":{"rendered":"Saludo protocolar de la Seremi de Justicia y Derechos Humanos"},"content":{"rendered":"\n<p>La Seremi de Justicia y Derechos Humanos, Ana Vargas Valenzuela se reuni\u00f3 con el rector de la UTA, Emilio Rodr\u00edguez Ponce, y la directora de Equidad y G\u00e9nero, Jacqueline Godoy Contreras, con la finalidad de generar una vinculaci\u00f3n con la casa de estudios para avanzar en generar instancias de trabajo que ir\u00e1n en directo beneficio de la comunidad regional y universitaria.<\/p>\n\n\n\n<figure class=\"wp-block-gallery columns-3 is-cropped\"><ul class=\"blocks-gallery-grid\"><li class=\"blocks-gallery-item\"><figure><img loading=\"lazy\" width=\"1024\" height=\"770\" src=\"https:\/\/www.uta.cl\/wp-content\/uploads\/2025\/02\/1738681055525-1024x770.jpg\" alt=\"\" data-id=\"65233\" data-full-url=\"https:\/\/www.uta.cl\/wp-content\/uploads\/2025\/02\/1738681055525.jpg\" data-link=\"https:\/\/www.uta.cl\/?attachment_id=65233\" class=\"wp-image-65233\" srcset=\"https:\/\/www.uta.cl\/wp-content\/uploads\/2025\/02\/1738681055525-1024x770.jpg 1024w, https:\/\/www.uta.cl\/wp-content\/uploads\/2025\/02\/1738681055525-300x225.jpg 300w, https:\/\/www.uta.cl\/wp-content\/uploads\/2025\/02\/1738681055525-768x577.jpg 768w, https:\/\/www.uta.cl\/wp-content\/uploads\/2025\/02\/1738681055525-1536x1154.jpg 1536w, https:\/\/www.uta.cl\/wp-content\/uploads\/2025\/02\/1738681055525.jpg 2048w\" sizes=\"(max-width: 1024px) 100vw, 1024px\" \/><\/figure><\/li><li class=\"blocks-gallery-item\"><figure><img loading=\"lazy\" width=\"1024\" height=\"768\" src=\"https:\/\/www.uta.cl\/wp-content\/uploads\/2025\/02\/1738681055509-1024x768.jpg\" alt=\"\" data-id=\"65234\" data-full-url=\"https:\/\/www.uta.cl\/wp-content\/uploads\/2025\/02\/1738681055509.jpg\" data-link=\"https:\/\/www.uta.cl\/?attachment_id=65234\" class=\"wp-image-65234\" srcset=\"https:\/\/www.uta.cl\/wp-content\/uploads\/2025\/02\/1738681055509-1024x768.jpg 1024w, https:\/\/www.uta.cl\/wp-content\/uploads\/2025\/02\/1738681055509-300x225.jpg 300w, https:\/\/www.uta.cl\/wp-content\/uploads\/2025\/02\/1738681055509-768x576.jpg 768w, https:\/\/www.uta.cl\/wp-content\/uploads\/2025\/02\/1738681055509-1536x1152.jpg 1536w, https:\/\/www.uta.cl\/wp-content\/uploads\/2025\/02\/1738681055509.jpg 2048w\" sizes=\"(max-width: 1024px) 100vw, 1024px\" \/><\/figure><\/li><li class=\"blocks-gallery-item\"><figure><img loading=\"lazy\" width=\"1024\" height=\"768\" src=\"https:\/\/www.uta.cl\/wp-content\/uploads\/2025\/02\/1738681055564-1024x768.jpg\" alt=\"\" data-id=\"65236\" data-full-url=\"https:\/\/www.uta.cl\/wp-content\/uploads\/2025\/02\/1738681055564.jpg\" data-link=\"https:\/\/www.uta.cl\/?attachment_id=65236\" class=\"wp-image-65236\" srcset=\"https:\/\/www.uta.cl\/wp-content\/uploads\/2025\/02\/1738681055564-1024x768.jpg 1024w, https:\/\/www.uta.cl\/wp-content\/uploads\/2025\/02\/1738681055564-300x225.jpg 300w, https:\/\/www.uta.cl\/wp-content\/uploads\/2025\/02\/1738681055564-768x576.jpg 768w, https:\/\/www.uta.cl\/wp-content\/uploads\/2025\/02\/1738681055564-1536x1152.jpg 1536w, https:\/\/www.uta.cl\/wp-content\/uploads\/2025\/02\/1738681055564.jpg 2048w\" sizes=\"(max-width: 1024px) 100vw, 1024px\" \/><\/figure><\/li><li class=\"blocks-gallery-item\"><figure><img loading=\"lazy\" width=\"1024\" height=\"768\" src=\"https:\/\/www.uta.cl\/wp-content\/uploads\/2025\/02\/1738681055569-1024x768.jpg\" alt=\"\" data-id=\"65235\" data-full-url=\"https:\/\/www.uta.cl\/wp-content\/uploads\/2025\/02\/1738681055569.jpg\" data-link=\"https:\/\/www.uta.cl\/?attachment_id=65235\" class=\"wp-image-65235\" srcset=\"https:\/\/www.uta.cl\/wp-content\/uploads\/2025\/02\/1738681055569-1024x768.jpg 1024w, https:\/\/www.uta.cl\/wp-content\/uploads\/2025\/02\/1738681055569-300x225.jpg 300w, https:\/\/www.uta.cl\/wp-content\/uploads\/2025\/02\/1738681055569-768x576.jpg 768w, https:\/\/www.uta.cl\/wp-content\/uploads\/2025\/02\/1738681055569-1536x1152.jpg 1536w, https:\/\/www.uta.cl\/wp-content\/uploads\/2025\/02\/1738681055569.jpg 2048w\" sizes=\"(max-width: 1024px) 100vw, 1024px\" \/><\/figure><\/li><li class=\"blocks-gallery-item\"><figure><img loading=\"lazy\" width=\"1024\" height=\"768\" src=\"https:\/\/www.uta.cl\/wp-content\/uploads\/2025\/02\/1738681055561-1024x768.jpg\" alt=\"\" data-id=\"65232\" data-full-url=\"https:\/\/www.uta.cl\/wp-content\/uploads\/2025\/02\/1738681055561.jpg\" data-link=\"https:\/\/www.uta.cl\/?attachment_id=65232\" class=\"wp-image-65232\" srcset=\"https:\/\/www.uta.cl\/wp-content\/uploads\/2025\/02\/1738681055561-1024x768.jpg 1024w, https:\/\/www.uta.cl\/wp-content\/uploads\/2025\/02\/1738681055561-300x225.jpg 300w, https:\/\/www.uta.cl\/wp-content\/uploads\/2025\/02\/1738681055561-768x576.jpg 768w, https:\/\/www.uta.cl\/wp-content\/uploads\/2025\/02\/1738681055561-1536x1152.jpg 1536w, https:\/\/www.uta.cl\/wp-content\/uploads\/2025\/02\/1738681055561.jpg 2048w\" sizes=\"(max-width: 1024px) 100vw, 1024px\" \/><\/figure><\/li><\/ul><\/figure>\n","protected":false},"excerpt":{"rendered":"<p>La Seremi de Justicia y Derechos Humanos, Ana Vargas Valenzuela se reuni\u00f3 con el rector de la UTA, Emilio Rodr\u00edguez Ponce, y la directora de Equidad y G\u00e9nero, Jacqueline Godoy Contreras, con la finalidad de generar una vinculaci\u00f3n con la casa de estudios para avanzar en generar instancias de trabajo que ir\u00e1n en directo beneficio [&hellip;]<\/p>\n","protected":false},"author":13,"featured_media":65232,"comment_status":"open","ping_status":"open","sticky":false,"template":"","format":"standard","meta":[],"categories":[318],"tags":[],"_links":{"self":[{"href":"https:\/\/www.uta.cl\/index.php\/wp-json\/wp\/v2\/posts\/65231"}],"collection":[{"href":"https:\/\/www.uta.cl\/index.php\/wp-json\/wp\/v2\/posts"}],"about":[{"href":"https:\/\/www.uta.cl\/index.php\/wp-json\/wp\/v2\/types\/post"}],"author":[{"embeddable":true,"href":"https:\/\/www.uta.cl\/index.php\/wp-json\/wp\/v2\/users\/13"}],"replies":[{"embeddable":true,"href":"https:\/\/www.uta.cl\/index.php\/wp-json\/wp\/v2\/comments?post=65231"}],"version-history":[{"count":1,"href":"https:\/\/www.uta.cl\/index.php\/wp-json\/wp\/v2\/posts\/65231\/revisions"}],"predecessor-version":[{"id":65237,"href":"https:\/\/www.uta.cl\/index.php\/wp-json\/wp\/v2\/posts\/65231\/revisions\/65237"}],"wp:featuredmedia":[{"embeddable":true,"href":"https:\/\/www.uta.cl\/index.php\/wp-json\/wp\/v2\/media\/65232"}],"wp:attachment":[{"href":"https:\/\/www.uta.cl\/index.php\/wp-json\/wp\/v2\/media?parent=65231"}],"wp:term":[{"taxonomy":"category","embeddable":true,"href":"https:\/\/www.uta.cl\/index.php\/wp-json\/wp\/v2\/categories?post=65231"},{"taxonomy":"post_tag","embeddable":true,"href":"https:\/\/www.uta.cl\/index.php\/wp-json\/wp\/v2\/tags?post=65231"}],"curies":[{"name":"wp","href":"https:\/\/api.w.org\/{rel}","templated":true}]}}