{"id":65159,"date":"2025-01-28T17:47:05","date_gmt":"2025-01-28T17:47:05","guid":{"rendered":"https:\/\/www.uta.cl\/?p=65159"},"modified":"2025-01-28T17:47:12","modified_gmt":"2025-01-28T17:47:12","slug":"utarapaca-integra-mesa-para-la-formacion-de-medicos-especialistas-en-arica-y-parinacota","status":"publish","type":"post","link":"https:\/\/www.uta.cl\/index.php\/2025\/01\/28\/utarapaca-integra-mesa-para-la-formacion-de-medicos-especialistas-en-arica-y-parinacota\/","title":{"rendered":"UTarapac\u00e1 integra mesa para la formaci\u00f3n de m\u00e9dicos especialistas en Arica y Parinacota"},"content":{"rendered":"\n<p>En el marco de la visita a la regi\u00f3n del Subsecretario de Redes Asistenciales del Ministerio de Salud, Osvaldo Salgado, se conform\u00f3 una mesa de trabajo enfocada en la formaci\u00f3n de m\u00e9dicos especialistas. Este esfuerzo colaborativo involucra al gobernador de Arica y Parinacota, Diego Paco; al rector de la Universidad de Tarapac\u00e1 (UTA), Emilio Rodr\u00edguez; a la seremi de Salud, Marta Saavedra, y a la directora del Servicio de Salud Arica y Parinacota (SSAP), Patricia Sanhueza, as\u00ed como otros actores clave de la regi\u00f3n.&nbsp;<\/p>\n\n\n\n<p>Esta iniciativa surge en el marco de proyectos relevantes para la regi\u00f3n, como el Centro Oncol\u00f3gico y el Hospital de Especialidades, y tiene como objetivo la proyecci\u00f3n de un convenio de colaboraci\u00f3n que permita a m\u00e9dicos, as\u00ed como a estudiantes de la Facultad de Medicina de la UTA, acceder a becas del Gobierno Regional, facilitando su formaci\u00f3n en especialidades que actualmente presentan brechas en el sistema de salud de la regional.&nbsp;<\/p>\n\n\n\n<p>Durante su participaci\u00f3n en la mesa regional, el subsecretario Salgado destac\u00f3 la importancia de definir el desarrollo de la formaci\u00f3n de profesionales de la salud a corto, mediano y largo plazo, enfatizando que la salud es un tema multidimensional que requiere la colaboraci\u00f3n y compromiso de todos los actores involucrados. \u201cHay una necesidad sin duda de la poblaci\u00f3n de tener especialistas de calidad y en n\u00famero suficiente. Hemos establecido plazos precisos para presentar propuestas de trabajo, de manera que esto no quede en una buena intenci\u00f3n, sino que todas las autoridades que estamos aqu\u00ed presentes podamos ir monitoreando el avance de esta estrategia com\u00fan\u201d, indic\u00f3, destacando la voluntad manifiesta entre las autoridades de avanzar en este \u00e1mbito.&nbsp;<\/p>\n\n\n\n<p>El gobernador de Arica y Parinacota, Diego Paco resalt\u00f3 la relevancia de esta mesa de trabajo para aumentar el n\u00famero de especialistas en salud, especialmente en el contexto del Centro Oncol\u00f3gico y el futuro Hospital de Especialidades, adem\u00e1s agradeci\u00f3 que las voluntades coincidan para avanzar en beneficio de la regi\u00f3n y del pa\u00eds: \u201cDebemos darle celeridad a estos proyectos y formar a los profesionales necesarios para su operaci\u00f3n\u201d.<\/p>\n\n\n\n<p>Por su parte, el rector de la Universidad de Tarapac\u00e1, Dr. Emilio Rodr\u00edguez, agradeci\u00f3 la invitaci\u00f3n a formar parte de esta mesa para trabajo y expres\u00f3 su compromiso con el desarrollo de Arica y Parinacota. Asimismo, resalt\u00f3 el compromiso de la UTA para contribuir al desarrollo de una salud de calidad en la regi\u00f3n, trabajando en la formaci\u00f3n de especialistas y aumentando los cupos en la carrera de medicina: \u201cComo universidad nos sumamos con mucho \u00e1nimo y compromiso para cristalizar lo que es un sue\u00f1o de esta regi\u00f3n: tener una salud que sea equivalente o por lo menos cercana a lo que ocurre en el resto del pa\u00eds. Y en ese marco, vamos a trabajar en la formaci\u00f3n de especialistas y en el incremento de los cupos de medicina y de nuestra formaci\u00f3n, dado que en nuestra instituci\u00f3n, que es de excelencia, podemos hacer un trabajo fuerte con el gobierno regional\u201d, afirm\u00f3.<\/p>\n\n\n\n<p>Finalmente, la m\u00e1xima autoridad universitaria agreg\u00f3 que \u201cestamos contentos, optimistas y esperanzados de que veamos frutos en el corto plazo. Aqu\u00ed los plazos son cruciales: si al 30 de abril no tenemos una propuesta, eso significar\u00e1 un a\u00f1o m\u00e1s de espera, as\u00ed que vamos a trabajar fuertemente en conjunto\u201d, concluy\u00f3 el rector Rodr\u00edguez.\u00a0<\/p>\n\n\n\n<figure class=\"wp-block-gallery columns-3 is-cropped\"><ul class=\"blocks-gallery-grid\"><li class=\"blocks-gallery-item\"><figure><img loading=\"lazy\" width=\"1024\" height=\"572\" src=\"https:\/\/www.uta.cl\/wp-content\/uploads\/2025\/01\/15-1024x572.jpg\" alt=\"\" data-id=\"65165\" data-full-url=\"https:\/\/www.uta.cl\/wp-content\/uploads\/2025\/01\/15.jpg\" data-link=\"https:\/\/www.uta.cl\/?attachment_id=65165\" class=\"wp-image-65165\" srcset=\"https:\/\/www.uta.cl\/wp-content\/uploads\/2025\/01\/15-1024x572.jpg 1024w, https:\/\/www.uta.cl\/wp-content\/uploads\/2025\/01\/15-300x168.jpg 300w, https:\/\/www.uta.cl\/wp-content\/uploads\/2025\/01\/15-768x429.jpg 768w, https:\/\/www.uta.cl\/wp-content\/uploads\/2025\/01\/15.jpg 1033w\" sizes=\"(max-width: 1024px) 100vw, 1024px\" \/><\/figure><\/li><li class=\"blocks-gallery-item\"><figure><img loading=\"lazy\" width=\"1024\" height=\"768\" src=\"https:\/\/www.uta.cl\/wp-content\/uploads\/2025\/01\/11-1024x768.jpg\" alt=\"\" data-id=\"65164\" data-full-url=\"https:\/\/www.uta.cl\/wp-content\/uploads\/2025\/01\/11.jpg\" data-link=\"https:\/\/www.uta.cl\/?attachment_id=65164\" class=\"wp-image-65164\" srcset=\"https:\/\/www.uta.cl\/wp-content\/uploads\/2025\/01\/11-1024x768.jpg 1024w, https:\/\/www.uta.cl\/wp-content\/uploads\/2025\/01\/11-300x225.jpg 300w, https:\/\/www.uta.cl\/wp-content\/uploads\/2025\/01\/11-768x576.jpg 768w, https:\/\/www.uta.cl\/wp-content\/uploads\/2025\/01\/11.jpg 1440w\" sizes=\"(max-width: 1024px) 100vw, 1024px\" \/><\/figure><\/li><li class=\"blocks-gallery-item\"><figure><img loading=\"lazy\" width=\"1024\" height=\"570\" src=\"https:\/\/www.uta.cl\/wp-content\/uploads\/2025\/01\/10-1024x570.jpg\" alt=\"\" data-id=\"65163\" data-full-url=\"https:\/\/www.uta.cl\/wp-content\/uploads\/2025\/01\/10.jpg\" data-link=\"https:\/\/www.uta.cl\/?attachment_id=65163\" class=\"wp-image-65163\" srcset=\"https:\/\/www.uta.cl\/wp-content\/uploads\/2025\/01\/10-1024x570.jpg 1024w, https:\/\/www.uta.cl\/wp-content\/uploads\/2025\/01\/10-300x167.jpg 300w, https:\/\/www.uta.cl\/wp-content\/uploads\/2025\/01\/10-768x428.jpg 768w, https:\/\/www.uta.cl\/wp-content\/uploads\/2025\/01\/10.jpg 1415w\" sizes=\"(max-width: 1024px) 100vw, 1024px\" \/><\/figure><\/li><li class=\"blocks-gallery-item\"><figure><img loading=\"lazy\" width=\"1000\" height=\"584\" src=\"https:\/\/www.uta.cl\/wp-content\/uploads\/2025\/01\/8.jpg\" alt=\"\" data-id=\"65162\" data-full-url=\"https:\/\/www.uta.cl\/wp-content\/uploads\/2025\/01\/8.jpg\" data-link=\"https:\/\/www.uta.cl\/?attachment_id=65162\" class=\"wp-image-65162\" srcset=\"https:\/\/www.uta.cl\/wp-content\/uploads\/2025\/01\/8.jpg 1000w, https:\/\/www.uta.cl\/wp-content\/uploads\/2025\/01\/8-300x175.jpg 300w, https:\/\/www.uta.cl\/wp-content\/uploads\/2025\/01\/8-768x449.jpg 768w\" sizes=\"(max-width: 1000px) 100vw, 1000px\" \/><\/figure><\/li><li class=\"blocks-gallery-item\"><figure><img loading=\"lazy\" width=\"986\" height=\"504\" src=\"https:\/\/www.uta.cl\/wp-content\/uploads\/2025\/01\/7.jpg\" alt=\"\" data-id=\"65161\" data-full-url=\"https:\/\/www.uta.cl\/wp-content\/uploads\/2025\/01\/7.jpg\" data-link=\"https:\/\/www.uta.cl\/?attachment_id=65161\" class=\"wp-image-65161\" srcset=\"https:\/\/www.uta.cl\/wp-content\/uploads\/2025\/01\/7.jpg 986w, https:\/\/www.uta.cl\/wp-content\/uploads\/2025\/01\/7-300x153.jpg 300w, https:\/\/www.uta.cl\/wp-content\/uploads\/2025\/01\/7-768x393.jpg 768w\" sizes=\"(max-width: 986px) 100vw, 986px\" \/><\/figure><\/li><li class=\"blocks-gallery-item\"><figure><img loading=\"lazy\" width=\"1024\" height=\"565\" src=\"https:\/\/www.uta.cl\/wp-content\/uploads\/2025\/01\/3-1024x565.jpg\" alt=\"\" data-id=\"65160\" data-full-url=\"https:\/\/www.uta.cl\/wp-content\/uploads\/2025\/01\/3.jpg\" data-link=\"https:\/\/www.uta.cl\/?attachment_id=65160\" class=\"wp-image-65160\" srcset=\"https:\/\/www.uta.cl\/wp-content\/uploads\/2025\/01\/3-1024x565.jpg 1024w, https:\/\/www.uta.cl\/wp-content\/uploads\/2025\/01\/3-300x165.jpg 300w, https:\/\/www.uta.cl\/wp-content\/uploads\/2025\/01\/3-768x423.jpg 768w, https:\/\/www.uta.cl\/wp-content\/uploads\/2025\/01\/3-1536x847.jpg 1536w, https:\/\/www.uta.cl\/wp-content\/uploads\/2025\/01\/3.jpg 1569w\" sizes=\"(max-width: 1024px) 100vw, 1024px\" \/><\/figure><\/li><li class=\"blocks-gallery-item\"><figure><img loading=\"lazy\" width=\"1024\" height=\"783\" src=\"https:\/\/www.uta.cl\/wp-content\/uploads\/2025\/01\/foto-central-nota-1024x783.jpg\" alt=\"\" data-id=\"65166\" data-full-url=\"https:\/\/www.uta.cl\/wp-content\/uploads\/2025\/01\/foto-central-nota.jpg\" data-link=\"https:\/\/www.uta.cl\/?attachment_id=65166\" class=\"wp-image-65166\" srcset=\"https:\/\/www.uta.cl\/wp-content\/uploads\/2025\/01\/foto-central-nota-1024x783.jpg 1024w, https:\/\/www.uta.cl\/wp-content\/uploads\/2025\/01\/foto-central-nota-300x229.jpg 300w, https:\/\/www.uta.cl\/wp-content\/uploads\/2025\/01\/foto-central-nota-768x587.jpg 768w, https:\/\/www.uta.cl\/wp-content\/uploads\/2025\/01\/foto-central-nota.jpg 1215w\" sizes=\"(max-width: 1024px) 100vw, 1024px\" \/><\/figure><\/li><\/ul><\/figure>\n","protected":false},"excerpt":{"rendered":"<p>Con el fin de contribuir a la regi\u00f3n con especialistas en el \u00e1rea de la salud, en respuesta<br \/>\na proyectos regionales como el Centro Oncol\u00f3gico y el Hospital de Especialidades.<\/p>\n","protected":false},"author":13,"featured_media":65166,"comment_status":"open","ping_status":"open","sticky":false,"template":"","format":"standard","meta":[],"categories":[315,316],"tags":[],"_links":{"self":[{"href":"https:\/\/www.uta.cl\/index.php\/wp-json\/wp\/v2\/posts\/65159"}],"collection":[{"href":"https:\/\/www.uta.cl\/index.php\/wp-json\/wp\/v2\/posts"}],"about":[{"href":"https:\/\/www.uta.cl\/index.php\/wp-json\/wp\/v2\/types\/post"}],"author":[{"embeddable":true,"href":"https:\/\/www.uta.cl\/index.php\/wp-json\/wp\/v2\/users\/13"}],"replies":[{"embeddable":true,"href":"https:\/\/www.uta.cl\/index.php\/wp-json\/wp\/v2\/comments?post=65159"}],"version-history":[{"count":1,"href":"https:\/\/www.uta.cl\/index.php\/wp-json\/wp\/v2\/posts\/65159\/revisions"}],"predecessor-version":[{"id":65167,"href":"https:\/\/www.uta.cl\/index.php\/wp-json\/wp\/v2\/posts\/65159\/revisions\/65167"}],"wp:featuredmedia":[{"embeddable":true,"href":"https:\/\/www.uta.cl\/index.php\/wp-json\/wp\/v2\/media\/65166"}],"wp:attachment":[{"href":"https:\/\/www.uta.cl\/index.php\/wp-json\/wp\/v2\/media?parent=65159"}],"wp:term":[{"taxonomy":"category","embeddable":true,"href":"https:\/\/www.uta.cl\/index.php\/wp-json\/wp\/v2\/categories?post=65159"},{"taxonomy":"post_tag","embeddable":true,"href":"https:\/\/www.uta.cl\/index.php\/wp-json\/wp\/v2\/tags?post=65159"}],"curies":[{"name":"wp","href":"https:\/\/api.w.org\/{rel}","templated":true}]}}