{"id":65155,"date":"2025-01-28T15:33:10","date_gmt":"2025-01-28T15:33:10","guid":{"rendered":"https:\/\/www.uta.cl\/?p=65155"},"modified":"2025-01-28T15:33:22","modified_gmt":"2025-01-28T15:33:22","slug":"talleres-para-lideres-intermedios-de-la-region-de-arica-y-parinacota","status":"publish","type":"post","link":"https:\/\/www.uta.cl\/index.php\/2025\/01\/28\/talleres-para-lideres-intermedios-de-la-region-de-arica-y-parinacota\/","title":{"rendered":"Talleres para L\u00edderes Intermedios de la Regi\u00f3n de Arica y Parinacota"},"content":{"rendered":"\n<figure class=\"wp-block-image size-large\"><img loading=\"lazy\" width=\"1024\" height=\"768\" src=\"https:\/\/www.uta.cl\/wp-content\/uploads\/2025\/01\/unnamed-12.jpg\" alt=\"\" class=\"wp-image-65157\" srcset=\"https:\/\/www.uta.cl\/wp-content\/uploads\/2025\/01\/unnamed-12.jpg 1024w, https:\/\/www.uta.cl\/wp-content\/uploads\/2025\/01\/unnamed-12-300x225.jpg 300w, https:\/\/www.uta.cl\/wp-content\/uploads\/2025\/01\/unnamed-12-768x576.jpg 768w\" sizes=\"(max-width: 1024px) 100vw, 1024px\" \/><\/figure>\n\n\n\n<p>En el marco de fortalecer los distintos tipos de liderazgo en la Macro Zona Norte, el CILED junto a la FEH reunieron a 12 l\u00edderes del medio educativo local para exponer la relevancia de los l\u00edderes intermedios. Tanto el Dr. Christian Lazcano, Director de Formaci\u00f3n de la Universidad de Desarrollo, como el Dr. Isaac Fierro, Coordinador de Investigaci\u00f3n, Evaluaci\u00f3n y Pol\u00edticas P\u00fablicas, fueron los encargados de argumentar a favor esta postura.<\/p>\n\n\n\n<figure class=\"wp-block-image\"><img src=\"https:\/\/lh7-rt.googleusercontent.com\/docsz\/AD_4nXeWNexn_VYzqP2GOPNbDJabi2d8RnId4sV26mEA03o6zj55jP4j2bT-3XNhos9xWqlSVDCxHYq2m3xdbJcTAYZMRVldP78BIfKYecA2nsYD3wF-J1NgeFfMPitve2ujIUsy7x-Ki27mkJ_Xq34DjOc?key=zGVUDeeTGP5CvhH5cJz91RTf\" alt=\"C:\\Users\\usuario\\Downloads\\WhatsApp Image 2024-11-29 at 18.01.45.jpeg\"\/><\/figure>\n\n\n\n<p>Mediante la basta evidencia recolectada por CILED en los a\u00f1os que lleva operando en el territorio nacional, demostraron como estos l\u00edderes participan en la gesti\u00f3n y la ejecuci\u00f3n de distintas situaciones que competen a la educaci\u00f3n escolar. Por ende, su rol ser\u00eda clave, ya que poseen las facultades y capacidades para dirigir a las instituciones dentro de la l\u00f3gica del sistema.<\/p>\n\n\n\n<figure class=\"wp-block-image\"><img src=\"https:\/\/lh7-rt.googleusercontent.com\/docsz\/AD_4nXfJda48g70dlnTTbX8FvcuFwir6tRq2JMuQOJsG4CArd7fP12hgwhl6cYsw70p7Ad2jzuwPtF0qDQ8DljD2ynEb3rrKY2i1NCRPZr3jBVILm-HJdoMvEWG2Ea1cyFfG2WTDaU1A4YgJ-PsuXcUtdqI?key=zGVUDeeTGP5CvhH5cJz91RTf\" alt=\"C:\\Users\\usuario\\Downloads\\WhatsApp Image 2024-11-29 at 18.05.26.jpeg\"\/><\/figure>\n\n\n\n<p>Por otra parte, es imperativo aclarar que la jornada no solo se limit\u00f3 a esta exposici\u00f3n que, por lo dem\u00e1s, se acompa\u00f1\u00f3 con una experiencia presencial y online, sino que tambi\u00e9n fue llevada a los establecimientos, destacando la visita al Liceo Polit\u00e9cnico y al Colegio Miramar.<\/p>\n\n\n\n<p>Esta actividad se realiz\u00f3 en la Sala 102 de la Facultad de Educaci\u00f3n y Humanidades de la Universidad de Tarapac\u00e1, el jueves 23 de noviembre de 2023.<\/p>\n","protected":false},"excerpt":{"rendered":"<p>Importantes personalidades del sistema educativo arique\u00f1o participaron de un ciclo de talleres organizados por el Centro de Innovaci\u00f3n de Liderazgo Educativo (CILED) en conjunto con la Facultad de Educaci\u00f3n y Humanidades (FEH) de la Universidad de Tarapac\u00e1 (UTA).<\/p>\n","protected":false},"author":13,"featured_media":65157,"comment_status":"open","ping_status":"open","sticky":false,"template":"","format":"standard","meta":[],"categories":[342],"tags":[],"_links":{"self":[{"href":"https:\/\/www.uta.cl\/index.php\/wp-json\/wp\/v2\/posts\/65155"}],"collection":[{"href":"https:\/\/www.uta.cl\/index.php\/wp-json\/wp\/v2\/posts"}],"about":[{"href":"https:\/\/www.uta.cl\/index.php\/wp-json\/wp\/v2\/types\/post"}],"author":[{"embeddable":true,"href":"https:\/\/www.uta.cl\/index.php\/wp-json\/wp\/v2\/users\/13"}],"replies":[{"embeddable":true,"href":"https:\/\/www.uta.cl\/index.php\/wp-json\/wp\/v2\/comments?post=65155"}],"version-history":[{"count":2,"href":"https:\/\/www.uta.cl\/index.php\/wp-json\/wp\/v2\/posts\/65155\/revisions"}],"predecessor-version":[{"id":65158,"href":"https:\/\/www.uta.cl\/index.php\/wp-json\/wp\/v2\/posts\/65155\/revisions\/65158"}],"wp:featuredmedia":[{"embeddable":true,"href":"https:\/\/www.uta.cl\/index.php\/wp-json\/wp\/v2\/media\/65157"}],"wp:attachment":[{"href":"https:\/\/www.uta.cl\/index.php\/wp-json\/wp\/v2\/media?parent=65155"}],"wp:term":[{"taxonomy":"category","embeddable":true,"href":"https:\/\/www.uta.cl\/index.php\/wp-json\/wp\/v2\/categories?post=65155"},{"taxonomy":"post_tag","embeddable":true,"href":"https:\/\/www.uta.cl\/index.php\/wp-json\/wp\/v2\/tags?post=65155"}],"curies":[{"name":"wp","href":"https:\/\/api.w.org\/{rel}","templated":true}]}}