{"id":65151,"date":"2025-01-28T15:22:48","date_gmt":"2025-01-28T15:22:48","guid":{"rendered":"https:\/\/www.uta.cl\/?p=65151"},"modified":"2025-01-28T15:22:55","modified_gmt":"2025-01-28T15:22:55","slug":"seminario-de-educacion-diagnostico-y-perspectivas-de-desarrollo-en-la-educacion-del-norte-de-chile","status":"publish","type":"post","link":"https:\/\/www.uta.cl\/index.php\/2025\/01\/28\/seminario-de-educacion-diagnostico-y-perspectivas-de-desarrollo-en-la-educacion-del-norte-de-chile\/","title":{"rendered":"Seminario de Educaci\u00f3n: \u201cDiagn\u00f3stico y perspectivas de desarrollo en la educaci\u00f3n del norte de Chile\u201d"},"content":{"rendered":"\n<figure class=\"wp-block-image size-large\"><img loading=\"lazy\" width=\"1024\" height=\"576\" src=\"https:\/\/www.uta.cl\/wp-content\/uploads\/2025\/01\/unnamed-1-6-1024x576.jpg\" alt=\"\" class=\"wp-image-65153\" srcset=\"https:\/\/www.uta.cl\/wp-content\/uploads\/2025\/01\/unnamed-1-6-1024x576.jpg 1024w, https:\/\/www.uta.cl\/wp-content\/uploads\/2025\/01\/unnamed-1-6-300x169.jpg 300w, https:\/\/www.uta.cl\/wp-content\/uploads\/2025\/01\/unnamed-1-6-768x432.jpg 768w, https:\/\/www.uta.cl\/wp-content\/uploads\/2025\/01\/unnamed-1-6-1536x864.jpg 1536w, https:\/\/www.uta.cl\/wp-content\/uploads\/2025\/01\/unnamed-1-6.jpg 1599w\" sizes=\"(max-width: 1024px) 100vw, 1024px\" \/><\/figure>\n\n\n\n<p>Cerca de 80 personas llegaron a las dependencias de la UTA Sede Iquique para participar en un seminario dedicado a la Educaci\u00f3n en el Norte de Chile. La bienvenida estuvo a cargo de la&nbsp; Dr. Yasna Godoy Henriquez, Directora General de la Sede, dando inicio a la primera parte del programa protagonizada por las ponencias de la Dr. Ana Mar\u00eda Bustos Soto, Subdirectora Unidad T\u00e9cnico Pedag\u00f3gico del Servicio Local de Educaci\u00f3n P\u00fablica (Iquique- Alto Hospicio); el Dr. Carlos Mondaca Rojas, Decano de la Facultad de Educaci\u00f3n y Humanidades (UTA); y el Dr. Jorge Varela Torres de la Universidad del Desarrollo, representando al CILED.<\/p>\n\n\n\n<div class=\"wp-block-image\"><figure class=\"aligncenter\"><img src=\"https:\/\/lh7-rt.googleusercontent.com\/docsz\/AD_4nXcrd9taJe0L-LLrwo0B7ZwmMd0at96EkuAL6eknXq23dTePftN98HIF59NNOvYqeez-HHGV7TVNLflkRuvXvzbNiY4c09WtGQgib_UH1rjjz8TcYcp2XMcGqf-TM9SvdnCYcHhuRkGWfG1cbP_RzQ?key=zGVUDeeTGP5CvhH5cJz91RTf\" alt=\"C:\\Users\\usuario\\AppData\\Local\\Temp\\{A3E0E1B7-2CE5-44EC-932E-44CFD608EAA5}.tmp\"\/><\/figure><\/div>\n\n\n\n<p>Principalmente se abordaron tem\u00e1ticas de contingencia nacional a trav\u00e9s de los contextos nortinos, partiendo por los principales desaf\u00edos de la educaci\u00f3n p\u00fablica de la Regi\u00f3n de Tarapac\u00e1, pasando por las pr\u00e1cticas de inclusi\u00f3n que se ejercen en establecimientos de Educaci\u00f3n Media T\u00e9cnico Profesional de la Macro Zona Norte de Chile, y finalizando con los resultados de investigaciones sobre clima escolar y la violencia en los establecimientos.&nbsp;<\/p>\n\n\n\n<div class=\"wp-block-image\"><figure class=\"aligncenter\"><img src=\"https:\/\/lh7-rt.googleusercontent.com\/docsz\/AD_4nXc685UJcbvQe9ADdLn0FSeLwoK5LgfuJjvewOOrwQ9GfUckIW0KG6KyaBx8qNyPDC9l_74PiNM-HaUCEiOs_Nyri1hgoQCQIO5KVoLfLOS02_5l77YZDaFbHTjICPmfOYJw_RHdZ1nMJknirvLyl3c?key=zGVUDeeTGP5CvhH5cJz91RTf\" alt=\"C:\\Users\\usuario\\AppData\\Local\\Temp\\{D0943FAC-AE2B-4801-B0AA-708677CA756D}.tmp\"\/><\/figure><\/div>\n\n\n\n<p>La segunda parte, comenz\u00f3 con la exposici\u00f3n del Dr. Francisco Leal Soto del Centro de Investigaci\u00f3n para la Educaci\u00f3n Inclusiva (UTA), quien se refiri\u00f3 a la labor de los equipos de gesti\u00f3n y su impacto en el bienestar de las y los estudiantes. A ello le sigui\u00f3 una ronda para las reflexiones finales moderada por el Mg. Paulo Lanas Castillo (UTA). Finiquitadas ambas secciones, el evento concluy\u00f3 con la entrega de certificados para las y los participantes.<\/p>\n\n\n\n<div class=\"wp-block-image\"><figure class=\"aligncenter\"><img src=\"https:\/\/lh7-rt.googleusercontent.com\/docsz\/AD_4nXf0uxcbP7z5t3W8KFlZve5oca_SluC76YBrFbQXFS8I2an58vh9SQp5sf9XUEL1YrBiRBX5gHYwb_0u8r2r8sukGfHpkiBUlO3-acFY5tZ8tlNSOg-rBr8QZuWyYLKiuDABqsHXI0_aGSww_qzFKkQ?key=zGVUDeeTGP5CvhH5cJz91RTf\" alt=\"C:\\Users\\usuario\\AppData\\Local\\Temp\\{E37CB57D-6094-4EFC-81D9-75CAF11EF532}.tmp\"\/><\/figure><\/div>\n\n\n\n<p>La experiencia signific\u00f3 un nuevo esfuerzo correctamente ejecutado para proseguir difundiendo investigaciones que exponen la realidad del norte de Chile, promoviendo el di\u00e1logo de los entornos universitarios con la realidad que se vive dentro de las comunidades educativas.<\/p>\n\n\n\n<p>Esta actividad se realiz\u00f3 en el Campus La Tirana de la Universidad de Tarapac\u00e1 Sede Iquique, el jueves 18 de abril de 2024 a las 9:00 horas.<\/p>\n","protected":false},"excerpt":{"rendered":"<p>Con una alta convocatoria se vivi\u00f3 el Seminario de Educaci\u00f3n organizado por la Universidad de Tarapac\u00e1 (UTA) Sede Iquique en colaboraci\u00f3n con el Centro de Innovaci\u00f3n y Liderazgo Educativo (CILED).<\/p>\n","protected":false},"author":13,"featured_media":65153,"comment_status":"open","ping_status":"open","sticky":false,"template":"","format":"standard","meta":[],"categories":[342],"tags":[],"_links":{"self":[{"href":"https:\/\/www.uta.cl\/index.php\/wp-json\/wp\/v2\/posts\/65151"}],"collection":[{"href":"https:\/\/www.uta.cl\/index.php\/wp-json\/wp\/v2\/posts"}],"about":[{"href":"https:\/\/www.uta.cl\/index.php\/wp-json\/wp\/v2\/types\/post"}],"author":[{"embeddable":true,"href":"https:\/\/www.uta.cl\/index.php\/wp-json\/wp\/v2\/users\/13"}],"replies":[{"embeddable":true,"href":"https:\/\/www.uta.cl\/index.php\/wp-json\/wp\/v2\/comments?post=65151"}],"version-history":[{"count":2,"href":"https:\/\/www.uta.cl\/index.php\/wp-json\/wp\/v2\/posts\/65151\/revisions"}],"predecessor-version":[{"id":65154,"href":"https:\/\/www.uta.cl\/index.php\/wp-json\/wp\/v2\/posts\/65151\/revisions\/65154"}],"wp:featuredmedia":[{"embeddable":true,"href":"https:\/\/www.uta.cl\/index.php\/wp-json\/wp\/v2\/media\/65153"}],"wp:attachment":[{"href":"https:\/\/www.uta.cl\/index.php\/wp-json\/wp\/v2\/media?parent=65151"}],"wp:term":[{"taxonomy":"category","embeddable":true,"href":"https:\/\/www.uta.cl\/index.php\/wp-json\/wp\/v2\/categories?post=65151"},{"taxonomy":"post_tag","embeddable":true,"href":"https:\/\/www.uta.cl\/index.php\/wp-json\/wp\/v2\/tags?post=65151"}],"curies":[{"name":"wp","href":"https:\/\/api.w.org\/{rel}","templated":true}]}}