{"id":65145,"date":"2025-01-28T15:11:52","date_gmt":"2025-01-28T15:11:52","guid":{"rendered":"https:\/\/www.uta.cl\/?p=65145"},"modified":"2025-01-28T15:11:59","modified_gmt":"2025-01-28T15:11:59","slug":"charla-magistral-neurodiversidad-en-positivo-como-garantizar-la-participacion-de-estudiantes-neurodivergentes","status":"publish","type":"post","link":"https:\/\/www.uta.cl\/index.php\/2025\/01\/28\/charla-magistral-neurodiversidad-en-positivo-como-garantizar-la-participacion-de-estudiantes-neurodivergentes\/","title":{"rendered":"Charla Magistral: \u201cNeurodiversidad en Positivo: \u00bfC\u00f3mo garantizar la participaci\u00f3n de estudiantes neurodivergentes?\u201d"},"content":{"rendered":"\n<figure class=\"wp-block-image size-large\"><img loading=\"lazy\" width=\"1024\" height=\"768\" src=\"https:\/\/www.uta.cl\/wp-content\/uploads\/2025\/01\/unnamed-10-1024x768.jpg\" alt=\"\" class=\"wp-image-65146\" srcset=\"https:\/\/www.uta.cl\/wp-content\/uploads\/2025\/01\/unnamed-10-1024x768.jpg 1024w, https:\/\/www.uta.cl\/wp-content\/uploads\/2025\/01\/unnamed-10-300x225.jpg 300w, https:\/\/www.uta.cl\/wp-content\/uploads\/2025\/01\/unnamed-10-768x576.jpg 768w, https:\/\/www.uta.cl\/wp-content\/uploads\/2025\/01\/unnamed-10-1536x1152.jpg 1536w, https:\/\/www.uta.cl\/wp-content\/uploads\/2025\/01\/unnamed-10.jpg 1600w\" sizes=\"(max-width: 1024px) 100vw, 1024px\" \/><\/figure>\n\n\n\n<p>El Dr. Carlos Mondaca Decano de la Facultad de Educaci\u00f3n de la UTA y Bernardita Hern\u00e1ndez en representaci\u00f3n de Mauricio Bravo Vicedecano de la UDD dieron las palabras de bienvenida a los docentes, directivos y profesionales de la educaci\u00f3n que se hicieron presentes en el recinto. Posteriormente, se dio paso a Tatiana Luis, Master en autismo, diplomada en Neuropsicolog\u00eda y fundadora de Autismo en Positivo, quien adem\u00e1s es una de las voces m\u00e1s reconocidas sobre autismo en el mundo de habla hispana.<\/p>\n\n\n\n<figure class=\"wp-block-image\"><img src=\"https:\/\/lh7-rt.googleusercontent.com\/docsz\/AD_4nXcQef4kyppmBt4UsijL0OyYGZQnPFyqwATiMX0WnQQRZ4pDvgeYYwD0wWl0B2K32u72ZQWWqYIW4RiSSd2XMYfYmUinuzr2sFxMt4gtc7dzYgWIqKsZXdH_7i9xk-4RDrJmIO6l7hANpvpj3UUrrQ?key=zGVUDeeTGP5CvhH5cJz91RTf\" alt=\"C:\\Users\\usuario\\Desktop\\CENTRO EDUCAR\\P\u00c1GINA EDUCAR\\IMAGENES NOTAS\\TALLER NEURODIVERGENCIA\\WhatsApp Image 2024-10-15 at 10.23.28 (1).jpeg\"\/><\/figure>\n\n\n\n<p>Mediante su propia perspectiva de autista y utilizando un discurso cercano a la audiencia, Tatiana Luis centr\u00f3 su exposici\u00f3n en la participaci\u00f3n de los estudiantes neurodivergentes en contextos educativos. Inici\u00f3 describiendo el escenario en el que se desenvuelven los sujetos y los miedos que eso despierta, para lo cual declar\u00f3: \u201c(\u2026) todos convivimos con la diversidad, sin embargo, no nos educan para relacionarnos con la diversidad\u201d.&nbsp;<\/p>\n\n\n\n<figure class=\"wp-block-image\"><img src=\"https:\/\/lh7-rt.googleusercontent.com\/docsz\/AD_4nXfR3-bvsjAwK7Cr9CNAfXblDURTKdHRuyGcSJxkwaEWaMjH-wTjWHKGe6SXLtFqtsP4HBcrxjkhVnveWTQAFfSoQlgf2Qru2jAM9OiIFqmelKMf4BtQZPit9Vwwvyo9dJ9tCpwGlT-OGLdl6ogAlA?key=zGVUDeeTGP5CvhH5cJz91RTf\" alt=\"C:\\Users\\usuario\\AppData\\Local\\Packages\\Microsoft.Windows.Photos_8wekyb3d8bbwe\\TempState\\ShareServiceTempFolder\\unnamed.jpeg\"\/><\/figure>\n\n\n\n<p>Por otra parte, se refiri\u00f3 a las limitantes que rondan la tem\u00e1tica como lo son legislaci\u00f3n, la realidad del aula, los prejuicios y el concepto en boga que engloba la tem\u00e1tica: \u201cinclusi\u00f3n\u201d, permiti\u00e9ndole resaltar el concepto de \u201cparticipaci\u00f3n\u201d por sobre otros que son m\u00e1s empleados. En suma dio a conocer realidades poco vistas por las que atraviesan las personas neurodivergentes en distintos pa\u00edses, sembrando reflexiones e inquietudes pertinentes que se dejaron ver en la ronda de preguntas que cerraron el evento.<\/p>\n\n\n\n<figure class=\"wp-block-image\"><img src=\"https:\/\/lh7-rt.googleusercontent.com\/docsz\/AD_4nXfTHDYkFjHI6mmwTO38V5dmrn54EeFtETZqqrg1fClMKBASvoxIDoxD4h0ZPZltl3a47taSTMYCvRyjPObMAH-wiaxS7O8oJLe60kv8_hkdeo9nxyebyngtZQiEjmRWrBICqkXCPD_1Fcjm8KTuiq4?key=zGVUDeeTGP5CvhH5cJz91RTf\" alt=\"C:\\Users\\usuario\\Desktop\\CENTRO EDUCAR\\P\u00c1GINA EDUCAR\\IMAGENES NOTAS\\TALLER NEURODIVERGENCIA\\WhatsApp Image 2024-10-14 at 19.39.35.jpeg\"\/><\/figure>\n\n\n\n<p>De esta manera, la jornada se vivi\u00f3 no solo con una alta asistencia, sino que con un alto grado de participaci\u00f3n en los distintos momentos que se destinaron para ello.&nbsp;<\/p>\n\n\n\n<p>Esta actividad se realiz\u00f3 en el Aula Magna del Campus Vel\u00e1squez de la Universidad de Tarapac\u00e1, el lunes 14 de octubre a las 16:30 horas.<\/p>\n","protected":false},"excerpt":{"rendered":"<p>La Universidad de Tarapac\u00e1 (UTA) junto a la Universidad del Desarrollo (UDD) e Integratepie reuni\u00f3 a 300 asistentes en el evento \u201cNeurodiversidad en Positivo: \u00bfC\u00f3mo garantizar la participaci\u00f3n de estudiantes neurodivergentes?\u201d impartido por la especialista en autismo y neurodiversidad Tatiana Luis.<\/p>\n","protected":false},"author":13,"featured_media":65146,"comment_status":"open","ping_status":"open","sticky":false,"template":"","format":"standard","meta":[],"categories":[342],"tags":[],"_links":{"self":[{"href":"https:\/\/www.uta.cl\/index.php\/wp-json\/wp\/v2\/posts\/65145"}],"collection":[{"href":"https:\/\/www.uta.cl\/index.php\/wp-json\/wp\/v2\/posts"}],"about":[{"href":"https:\/\/www.uta.cl\/index.php\/wp-json\/wp\/v2\/types\/post"}],"author":[{"embeddable":true,"href":"https:\/\/www.uta.cl\/index.php\/wp-json\/wp\/v2\/users\/13"}],"replies":[{"embeddable":true,"href":"https:\/\/www.uta.cl\/index.php\/wp-json\/wp\/v2\/comments?post=65145"}],"version-history":[{"count":1,"href":"https:\/\/www.uta.cl\/index.php\/wp-json\/wp\/v2\/posts\/65145\/revisions"}],"predecessor-version":[{"id":65147,"href":"https:\/\/www.uta.cl\/index.php\/wp-json\/wp\/v2\/posts\/65145\/revisions\/65147"}],"wp:featuredmedia":[{"embeddable":true,"href":"https:\/\/www.uta.cl\/index.php\/wp-json\/wp\/v2\/media\/65146"}],"wp:attachment":[{"href":"https:\/\/www.uta.cl\/index.php\/wp-json\/wp\/v2\/media?parent=65145"}],"wp:term":[{"taxonomy":"category","embeddable":true,"href":"https:\/\/www.uta.cl\/index.php\/wp-json\/wp\/v2\/categories?post=65145"},{"taxonomy":"post_tag","embeddable":true,"href":"https:\/\/www.uta.cl\/index.php\/wp-json\/wp\/v2\/tags?post=65145"}],"curies":[{"name":"wp","href":"https:\/\/api.w.org\/{rel}","templated":true}]}}