{"id":65142,"date":"2025-01-28T15:07:19","date_gmt":"2025-01-28T15:07:19","guid":{"rendered":"https:\/\/www.uta.cl\/?p=65142"},"modified":"2025-01-28T15:07:27","modified_gmt":"2025-01-28T15:07:27","slug":"pilotaje-evaluacion-de-medio-termino-emt-para-las-carreras-de-pedagogia-de-la-universidad-de-tarapaca","status":"publish","type":"post","link":"https:\/\/www.uta.cl\/index.php\/2025\/01\/28\/pilotaje-evaluacion-de-medio-termino-emt-para-las-carreras-de-pedagogia-de-la-universidad-de-tarapaca\/","title":{"rendered":"\u201cPilotaje: Evaluaci\u00f3n de Medio T\u00e9rmino (EMT) para las carreras de pedagog\u00eda de la Universidad de Tarapac\u00e1\u201d"},"content":{"rendered":"\n<figure class=\"wp-block-image size-large\"><img loading=\"lazy\" width=\"1024\" height=\"768\" src=\"https:\/\/www.uta.cl\/wp-content\/uploads\/2025\/01\/unnamed-1-5-1024x768.jpg\" alt=\"\" class=\"wp-image-65143\" srcset=\"https:\/\/www.uta.cl\/wp-content\/uploads\/2025\/01\/unnamed-1-5-1024x768.jpg 1024w, https:\/\/www.uta.cl\/wp-content\/uploads\/2025\/01\/unnamed-1-5-300x225.jpg 300w, https:\/\/www.uta.cl\/wp-content\/uploads\/2025\/01\/unnamed-1-5-768x576.jpg 768w, https:\/\/www.uta.cl\/wp-content\/uploads\/2025\/01\/unnamed-1-5-1536x1152.jpg 1536w, https:\/\/www.uta.cl\/wp-content\/uploads\/2025\/01\/unnamed-1-5.jpg 1600w\" sizes=\"(max-width: 1024px) 100vw, 1024px\" \/><\/figure>\n\n\n\n<p>En consonancia con los procesos de calidad que la Universidad de Tarapac\u00e1 estipula e instados por el Dr. Carlos Mondaca Rojas, Decano de la Facultad de Educaci\u00f3n y Humanidades (FEH), un grupo de estudiantes rindi\u00f3 el pilotaje de la EMT 2024, donde pusieron a prueba el instrumento destinado a dicha instancia en funci\u00f3n de las competencias adquiridas durante su desarrollo formativo.&nbsp;<\/p>\n\n\n\n<p>La jornada result\u00f3 una oportunidad provechosa gracias al compromiso y retroalimentaci\u00f3n de los estudiantes, permitiendo concluir exitosamente la primera etapa de construcci\u00f3n y validaci\u00f3n del instrumento de cara a su aplicaci\u00f3n masiva desde el 11 al 21 de noviembre del presente a\u00f1o.&nbsp;<\/p>\n\n\n\n<p>Esta actividad se realiz\u00f3 en la Sala de Computaci\u00f3n Educativa de la FEH, el mi\u00e9rcoles 16 de octubre a las 9:30 horas.<\/p>\n","protected":false},"excerpt":{"rendered":"<p>El Centro Educar aplic\u00f3 el pilotaje para la EMT 2024 con el objeto de comprobar la pertinencia del instrumento elaborado en conjunto de una comisi\u00f3n de expertos del Departamento de Educaci\u00f3n.<\/p>\n","protected":false},"author":13,"featured_media":65143,"comment_status":"open","ping_status":"open","sticky":false,"template":"","format":"standard","meta":[],"categories":[342],"tags":[],"_links":{"self":[{"href":"https:\/\/www.uta.cl\/index.php\/wp-json\/wp\/v2\/posts\/65142"}],"collection":[{"href":"https:\/\/www.uta.cl\/index.php\/wp-json\/wp\/v2\/posts"}],"about":[{"href":"https:\/\/www.uta.cl\/index.php\/wp-json\/wp\/v2\/types\/post"}],"author":[{"embeddable":true,"href":"https:\/\/www.uta.cl\/index.php\/wp-json\/wp\/v2\/users\/13"}],"replies":[{"embeddable":true,"href":"https:\/\/www.uta.cl\/index.php\/wp-json\/wp\/v2\/comments?post=65142"}],"version-history":[{"count":1,"href":"https:\/\/www.uta.cl\/index.php\/wp-json\/wp\/v2\/posts\/65142\/revisions"}],"predecessor-version":[{"id":65144,"href":"https:\/\/www.uta.cl\/index.php\/wp-json\/wp\/v2\/posts\/65142\/revisions\/65144"}],"wp:featuredmedia":[{"embeddable":true,"href":"https:\/\/www.uta.cl\/index.php\/wp-json\/wp\/v2\/media\/65143"}],"wp:attachment":[{"href":"https:\/\/www.uta.cl\/index.php\/wp-json\/wp\/v2\/media?parent=65142"}],"wp:term":[{"taxonomy":"category","embeddable":true,"href":"https:\/\/www.uta.cl\/index.php\/wp-json\/wp\/v2\/categories?post=65142"},{"taxonomy":"post_tag","embeddable":true,"href":"https:\/\/www.uta.cl\/index.php\/wp-json\/wp\/v2\/tags?post=65142"}],"curies":[{"name":"wp","href":"https:\/\/api.w.org\/{rel}","templated":true}]}}