{"id":65139,"date":"2025-01-28T14:59:51","date_gmt":"2025-01-28T14:59:51","guid":{"rendered":"https:\/\/www.uta.cl\/?p=65139"},"modified":"2025-01-28T14:59:58","modified_gmt":"2025-01-28T14:59:58","slug":"seminario-internacional-2024-de-la-comision-nacional-de-acreditacion-expresiones-sobre-cultura-de-calidad-en-las-instituciones-de-educacion-superior","status":"publish","type":"post","link":"https:\/\/www.uta.cl\/index.php\/2025\/01\/28\/seminario-internacional-2024-de-la-comision-nacional-de-acreditacion-expresiones-sobre-cultura-de-calidad-en-las-instituciones-de-educacion-superior\/","title":{"rendered":"Seminario Internacional 2024 de la Comisi\u00f3n Nacional de Acreditaci\u00f3n: \u201cExpresiones sobre cultura de calidad en las instituciones de educaci\u00f3n superior\u201d"},"content":{"rendered":"\n<figure class=\"wp-block-image size-large\"><img loading=\"lazy\" width=\"1024\" height=\"768\" src=\"https:\/\/www.uta.cl\/wp-content\/uploads\/2025\/01\/unnamed-9-1024x768.jpg\" alt=\"\" class=\"wp-image-65140\" srcset=\"https:\/\/www.uta.cl\/wp-content\/uploads\/2025\/01\/unnamed-9-1024x768.jpg 1024w, https:\/\/www.uta.cl\/wp-content\/uploads\/2025\/01\/unnamed-9-300x225.jpg 300w, https:\/\/www.uta.cl\/wp-content\/uploads\/2025\/01\/unnamed-9-768x576.jpg 768w, https:\/\/www.uta.cl\/wp-content\/uploads\/2025\/01\/unnamed-9-1536x1152.jpg 1536w, https:\/\/www.uta.cl\/wp-content\/uploads\/2025\/01\/unnamed-9.jpg 1600w\" sizes=\"(max-width: 1024px) 100vw, 1024px\" \/><\/figure>\n\n\n\n<p>El seminario inici\u00f3 con las palabras de Andr\u00e9s Bernasconi Ram\u00edrez, Presidente de la CNA. Posteriormente, se dio paso a la primera charla magistral dictada por la Dra. Juliette E. Torabian acad\u00e9mica en la University of Fribourg (Suiza), quien se refiri\u00f3 a la movilidad internacional a escala mundial, destacando su\u00a0 proceso hist\u00f3rico vinculado a los cambios de modelos econ\u00f3micos y la situaci\u00f3n actual post pandemia del COVID-19.<\/p>\n\n\n\n<figure class=\"wp-block-image\"><img src=\"https:\/\/lh7-rt.googleusercontent.com\/docsz\/AD_4nXcAzzAyhSs5g1rt-2Qm4uF8z-BsVpcxPXmRcS7nCM5jWv-5zrYk8o550SiBx2HTgPCVDyMNB63OWo83UjazH66WSoLWWEeWfbS4ehqHT5WgwHrHYxdBIcxkZrYWLkI4niUH23xrrlYb2s-Jgj0lzQ?key=zGVUDeeTGP5CvhH5cJz91RTf\" alt=\"C:\\Users\\usuario\\Downloads\\WhatsApp Image 2024-10-25 at 15.53.57.jpeg\"\/><\/figure>\n\n\n\n<p>Le siguieron las exposiciones sobre la educaci\u00f3n a distancia u online, vinculaci\u00f3n con el medio y oferta formativa en pregrado y postgrado. En ellas los expositores presentaron avances, iniciativas e investigaciones realizadas en sus instituciones, las que dan cuenta de las labores que se est\u00e1n realizando a lo largo del pa\u00eds intentando no solo cumplir con los est\u00e1ndares de la CNA sino que tambi\u00e9n con las din\u00e1micas que proponen los cambios generacionales y los flujos del mercado. La jornada que fue de las 9:00 am hasta las 6:00 pm finaliz\u00f3 con una breve reflexi\u00f3n de Renato Bartet Zambrano, Secretario Ejecutivo de la CNA. As\u00ed, se agradeci\u00f3 la alta asistencia y se extendi\u00f3 la invitaci\u00f3n para el d\u00eda siguiente.<\/p>\n\n\n\n<figure class=\"wp-block-image\"><img src=\"https:\/\/lh7-rt.googleusercontent.com\/docsz\/AD_4nXfQz6S63F9pXy8IfowN4I5XeMUSPg13G-Kduht4dLTSjCWqTMqmmyRCLvXzBcfW7NR1Vnzg027omADeShXVHBIlVxsawjZLI5YjnSyXw5VlSlTtjNtL4M3FH2Etg7l8jQ2f3sILvrlRV5MYrcdy91Y?key=zGVUDeeTGP5CvhH5cJz91RTf\" alt=\"C:\\Users\\usuario\\Downloads\\WhatsApp Image 2024-10-25 at 15.50.38.jpeg\"\/><\/figure>\n\n\n\n<p>La segunda parte del seminario inici\u00f3 a la misma hora, pero esta vez la charla magistral tuvo por expositor al Dr. Carlos Marcelo Garc\u00eda, acad\u00e9mico de la Universidad de Sevilla (Espa\u00f1a). En su segmento se refiri\u00f3 a las problem\u00e1ticas que afronta la Formaci\u00f3n Inicial Docente evidenciando que sus caracter\u00edsticas son compartidas, al menos en Hispanoam\u00e9rica. De igual forma que el d\u00eda anterior se efectuaron exposiciones referentes a movilidad y dimensi\u00f3n pr\u00e1ctica de las pedagog\u00edas, investigaci\u00f3n, innovaci\u00f3n y creaci\u00f3n, y participaci\u00f3n y compromiso de la comunidad educativa. Por \u00faltimo, se le concedi\u00f3 nuevamente un espacio al Secretario Ejecutivo de la CNA para dar cierre a la jornada y con ello al seminario internacional.<\/p>\n\n\n\n<p>Esta actividad se realiz\u00f3 en el Hotel Almacruz de la Comuna de Santiago Centro, Regi\u00f3n Metropolitana, los d\u00edas 23 y 24 de octubre del 2024.<\/p>\n","protected":false},"excerpt":{"rendered":"<p>La Comisi\u00f3n Nacional de Acreditaci\u00f3n (CNA) convoc\u00f3 a la Regi\u00f3n Metropolitana a las y los representantes de las casas de estudio a nivel nacional para ser part\u00edcipes de un seminario internacional sobre Educaci\u00f3n Superior.<\/p>\n","protected":false},"author":13,"featured_media":65140,"comment_status":"open","ping_status":"open","sticky":false,"template":"","format":"standard","meta":[],"categories":[342],"tags":[],"_links":{"self":[{"href":"https:\/\/www.uta.cl\/index.php\/wp-json\/wp\/v2\/posts\/65139"}],"collection":[{"href":"https:\/\/www.uta.cl\/index.php\/wp-json\/wp\/v2\/posts"}],"about":[{"href":"https:\/\/www.uta.cl\/index.php\/wp-json\/wp\/v2\/types\/post"}],"author":[{"embeddable":true,"href":"https:\/\/www.uta.cl\/index.php\/wp-json\/wp\/v2\/users\/13"}],"replies":[{"embeddable":true,"href":"https:\/\/www.uta.cl\/index.php\/wp-json\/wp\/v2\/comments?post=65139"}],"version-history":[{"count":1,"href":"https:\/\/www.uta.cl\/index.php\/wp-json\/wp\/v2\/posts\/65139\/revisions"}],"predecessor-version":[{"id":65141,"href":"https:\/\/www.uta.cl\/index.php\/wp-json\/wp\/v2\/posts\/65139\/revisions\/65141"}],"wp:featuredmedia":[{"embeddable":true,"href":"https:\/\/www.uta.cl\/index.php\/wp-json\/wp\/v2\/media\/65140"}],"wp:attachment":[{"href":"https:\/\/www.uta.cl\/index.php\/wp-json\/wp\/v2\/media?parent=65139"}],"wp:term":[{"taxonomy":"category","embeddable":true,"href":"https:\/\/www.uta.cl\/index.php\/wp-json\/wp\/v2\/categories?post=65139"},{"taxonomy":"post_tag","embeddable":true,"href":"https:\/\/www.uta.cl\/index.php\/wp-json\/wp\/v2\/tags?post=65139"}],"curies":[{"name":"wp","href":"https:\/\/api.w.org\/{rel}","templated":true}]}}