{"id":65136,"date":"2025-01-28T14:52:23","date_gmt":"2025-01-28T14:52:23","guid":{"rendered":"https:\/\/www.uta.cl\/?p=65136"},"modified":"2025-01-28T14:53:39","modified_gmt":"2025-01-28T14:53:39","slug":"talleres-edi-para-pedagogia-en-ingles-y-pedagogia-en-historia-y-geografia-conocimientos-pedagogicos-generales-mbe-ep-2019-e-identidad-profesional-vocacion-y-carrera-docent","status":"publish","type":"post","link":"https:\/\/www.uta.cl\/index.php\/2025\/01\/28\/talleres-edi-para-pedagogia-en-ingles-y-pedagogia-en-historia-y-geografia-conocimientos-pedagogicos-generales-mbe-ep-2019-e-identidad-profesional-vocacion-y-carrera-docent\/","title":{"rendered":"Talleres EDI para Pedagog\u00eda en Ingl\u00e9s y Pedagog\u00eda en Historia y Geograf\u00eda: \u201cConocimientos Pedag\u00f3gicos generales MBE EP 2019\u201d e \u201cIdentidad profesional, vocaci\u00f3n y carrera docente\u201d"},"content":{"rendered":"\n<p>Estudiantes de ambas pedagog\u00edas se hicieron presentes en una serie de talleres organizados por el Centro Educar, los que ten\u00edan por fin trabajar temas de relevancia, identificados en la EDI que se rindi\u00f3 a comienzos de 2024.<\/p>\n\n\n\n<figure class=\"wp-block-image size-large\"><img loading=\"lazy\" width=\"1024\" height=\"603\" src=\"https:\/\/www.uta.cl\/wp-content\/uploads\/2025\/01\/unnamed-1024x603.png\" alt=\"\" class=\"wp-image-65132\" srcset=\"https:\/\/www.uta.cl\/wp-content\/uploads\/2025\/01\/unnamed-1024x603.png 1024w, https:\/\/www.uta.cl\/wp-content\/uploads\/2025\/01\/unnamed-300x177.png 300w, https:\/\/www.uta.cl\/wp-content\/uploads\/2025\/01\/unnamed-768x452.png 768w, https:\/\/www.uta.cl\/wp-content\/uploads\/2025\/01\/unnamed.png 1237w\" sizes=\"(max-width: 1024px) 100vw, 1024px\" \/><\/figure>\n\n\n\n<p>El primer taller centrado en el Marco para la Buena Ense\u00f1anza, fue una instancia donde las y los estudiantes tomaron conocimiento de esta gu\u00eda del quehacer docente. As\u00ed, se les proporcion\u00f3 un acercamiento a su contenido demarcando que los acompa\u00f1ar\u00e1 en toda su trayectoria acad\u00e9mica y, posteriormente, en su ejercicio profesional. La metodolog\u00eda mixta seleccionada parti\u00f3 con una charla magistral y desemboc\u00f3 en una actividad reflexiva que se materializ\u00f3 en la elaboraci\u00f3n de reels y afiches sobre los dominios del MBE.<\/p>\n\n\n\n<figure class=\"wp-block-image size-large\"><img loading=\"lazy\" width=\"1024\" height=\"652\" src=\"https:\/\/www.uta.cl\/wp-content\/uploads\/2025\/01\/unnamed-1-1024x652.png\" alt=\"\" class=\"wp-image-65133\" srcset=\"https:\/\/www.uta.cl\/wp-content\/uploads\/2025\/01\/unnamed-1-1024x652.png 1024w, https:\/\/www.uta.cl\/wp-content\/uploads\/2025\/01\/unnamed-1-300x191.png 300w, https:\/\/www.uta.cl\/wp-content\/uploads\/2025\/01\/unnamed-1-768x489.png 768w, https:\/\/www.uta.cl\/wp-content\/uploads\/2025\/01\/unnamed-1.png 1242w\" sizes=\"(max-width: 1024px) 100vw, 1024px\" \/><\/figure>\n\n\n\n<p>El segundo taller estuvo orientado a la identidad profesional, vocaci\u00f3n y carrera docente, colocando especial atenci\u00f3n a las trayectorias que llevaron a las y los estudiantes a escoger la pedagog\u00eda y c\u00f3mo se proyectan a futuro mediante una conversaci\u00f3n guiada por el Centro. Para terminar, las y los asistentes fueron motivados a expresar dichas ideas mediante la elaboraci\u00f3n de un producto art\u00edstico, sustentado en la metodolog\u00eda de narrativas autoetnogr\u00e1ficas.<\/p>\n\n\n\n<figure class=\"wp-block-image size-large\"><img loading=\"lazy\" width=\"1024\" height=\"628\" src=\"https:\/\/www.uta.cl\/wp-content\/uploads\/2025\/01\/unnamed-4-1-1024x628.jpg\" alt=\"\" class=\"wp-image-65134\" srcset=\"https:\/\/www.uta.cl\/wp-content\/uploads\/2025\/01\/unnamed-4-1-1024x628.jpg 1024w, https:\/\/www.uta.cl\/wp-content\/uploads\/2025\/01\/unnamed-4-1-300x184.jpg 300w, https:\/\/www.uta.cl\/wp-content\/uploads\/2025\/01\/unnamed-4-1-768x471.jpg 768w, https:\/\/www.uta.cl\/wp-content\/uploads\/2025\/01\/unnamed-4-1.jpg 1169w\" sizes=\"(max-width: 1024px) 100vw, 1024px\" \/><\/figure>\n\n\n\n<p>Con el \u00faltimo taller aplicado, el Centro Educar finaliz\u00f3 un proceso iniciado el primer semestre del presente a\u00f1o, dando cuenta de su compromiso con la Formaci\u00f3n Inicial Docente para conseguir los altos est\u00e1ndares de calidad que promueve la instituci\u00f3n y el Estado.<\/p>\n\n\n\n<p>Esta actividad se realiz\u00f3 en las salas del Hall Central, Campus Saucache, los d\u00edas 4, 7, 15 y 25 de noviembre de 2024.&nbsp;&nbsp;<\/p>\n","protected":false},"excerpt":{"rendered":"<p>El Centro Educar realiz\u00f3 dos talleres para los estudiantes de primer a\u00f1o de las carreras de Pedagog\u00eda en Ingl\u00e9s y Pedagog\u00eda en Historia y Geograf\u00eda de la Universidad de Tarapac\u00e1, en virtud de los resultados de la Evaluaci\u00f3n Diagn\u00f3stica Inicial (EDI).<\/p>\n","protected":false},"author":13,"featured_media":65134,"comment_status":"open","ping_status":"open","sticky":false,"template":"","format":"standard","meta":[],"categories":[342],"tags":[],"_links":{"self":[{"href":"https:\/\/www.uta.cl\/index.php\/wp-json\/wp\/v2\/posts\/65136"}],"collection":[{"href":"https:\/\/www.uta.cl\/index.php\/wp-json\/wp\/v2\/posts"}],"about":[{"href":"https:\/\/www.uta.cl\/index.php\/wp-json\/wp\/v2\/types\/post"}],"author":[{"embeddable":true,"href":"https:\/\/www.uta.cl\/index.php\/wp-json\/wp\/v2\/users\/13"}],"replies":[{"embeddable":true,"href":"https:\/\/www.uta.cl\/index.php\/wp-json\/wp\/v2\/comments?post=65136"}],"version-history":[{"count":2,"href":"https:\/\/www.uta.cl\/index.php\/wp-json\/wp\/v2\/posts\/65136\/revisions"}],"predecessor-version":[{"id":65138,"href":"https:\/\/www.uta.cl\/index.php\/wp-json\/wp\/v2\/posts\/65136\/revisions\/65138"}],"wp:featuredmedia":[{"embeddable":true,"href":"https:\/\/www.uta.cl\/index.php\/wp-json\/wp\/v2\/media\/65134"}],"wp:attachment":[{"href":"https:\/\/www.uta.cl\/index.php\/wp-json\/wp\/v2\/media?parent=65136"}],"wp:term":[{"taxonomy":"category","embeddable":true,"href":"https:\/\/www.uta.cl\/index.php\/wp-json\/wp\/v2\/categories?post=65136"},{"taxonomy":"post_tag","embeddable":true,"href":"https:\/\/www.uta.cl\/index.php\/wp-json\/wp\/v2\/tags?post=65136"}],"curies":[{"name":"wp","href":"https:\/\/api.w.org\/{rel}","templated":true}]}}