{"id":65123,"date":"2025-01-28T14:51:00","date_gmt":"2025-01-28T14:51:00","guid":{"rendered":"https:\/\/www.uta.cl\/?p=65123"},"modified":"2025-01-28T14:51:07","modified_gmt":"2025-01-28T14:51:07","slug":"talleres-edi-para-educacion-parvularia-conocimientos-pedagogicos-generales-mbe-ep-2019-e-identidad-profesional-vocacion-y-carrera-docente","status":"publish","type":"post","link":"https:\/\/www.uta.cl\/index.php\/2025\/01\/28\/talleres-edi-para-educacion-parvularia-conocimientos-pedagogicos-generales-mbe-ep-2019-e-identidad-profesional-vocacion-y-carrera-docente\/","title":{"rendered":"Talleres EDI para Educaci\u00f3n Parvularia: \u201cConocimientos Pedag\u00f3gicos generales MBE EP 2019\u201d e \u201cIdentidad profesional, vocaci\u00f3n y carrera docente\u201d"},"content":{"rendered":"\n<figure class=\"wp-block-image size-large\"><img loading=\"lazy\" width=\"1024\" height=\"768\" src=\"https:\/\/www.uta.cl\/wp-content\/uploads\/2025\/01\/unnamed-8-1024x768.jpg\" alt=\"\" class=\"wp-image-65129\" srcset=\"https:\/\/www.uta.cl\/wp-content\/uploads\/2025\/01\/unnamed-8-1024x768.jpg 1024w, https:\/\/www.uta.cl\/wp-content\/uploads\/2025\/01\/unnamed-8-300x225.jpg 300w, https:\/\/www.uta.cl\/wp-content\/uploads\/2025\/01\/unnamed-8-768x576.jpg 768w, https:\/\/www.uta.cl\/wp-content\/uploads\/2025\/01\/unnamed-8.jpg 1280w\" sizes=\"(max-width: 1024px) 100vw, 1024px\" \/><\/figure>\n\n\n\n<p>Con la colaboraci\u00f3n de la Carrera y las estudiantes de Educaci\u00f3n Parvularia, el Centro Educar llev\u00f3 a cabo los talleres destinados a abordar los vac\u00edos evidenciados en la EDI, tomada por la misma unidad durante el primer semestre. En los mismos, prim\u00f3 un enfoque acorde al contexto educativo del siglo XXI para brindar una acercamiento al Marco para la Buena Ense\u00f1anza de Educaci\u00f3n Parvularia 2019 (MBE EP 2019) y a los temas centrales que competen al quehacer docente.<\/p>\n\n\n\n<p class=\"has-text-align-center\"><img loading=\"lazy\" alt=\"C:\\Users\\usuario\\Downloads\\WhatsApp Image 2024-11-11 at 14.36.56.jpeg\" src=\"https:\/\/lh7-rt.googleusercontent.com\/docsz\/AD_4nXfr7SeYBG5xYHzR9viNWrXmV3MoQJY-aFI8ikzpyrxSK6SKZe7FjaeewKNhzI9A7023cresg105xjl1THPy-xu4nJ9wo7ODrbNscLsOFZf2XBqH83DCaNUnzxqv539UkbnFU5aQX-3UCbDpf9h_KZ0?key=zGVUDeeTGP5CvhH5cJz91RTf\" width=\"533\" height=\"400.1287127327672\"><\/p>\n\n\n\n<p>Durante el primer taller las estudiantes se enfrentaron al MBE EP (2019) desde una metodolog\u00eda mixta que combin\u00f3 clases magistrales y actividades pr\u00e1cticas y reflexivas, donde se tocaron aspectos te\u00f3ricos y \u00e9ticos, los que fueron vinculados al MBE EP y dirigidos a la\u00a0 confecci\u00f3n de un afiche en <em>CANVA<\/em> o un <em>Reel<\/em> sobre los Dominios que lo componen. En el segundo taller, las futuras educadoras demostraron sus capacidades art\u00edsticas a trav\u00e9s de una metodolog\u00eda de narrativas autoetnogr\u00e1ficas. En ella reflexionaron sobre su identidad profesional, vocaci\u00f3n y carrera docente para, posteriormente, expresarse con el dibujo y la pintura.<\/p>\n\n\n\n<div class=\"wp-block-image\"><figure class=\"aligncenter size-large\"><img loading=\"lazy\" width=\"723\" height=\"964\" src=\"https:\/\/www.uta.cl\/wp-content\/uploads\/2025\/01\/unnamed-2-2.jpg\" alt=\"\" class=\"wp-image-65131\" srcset=\"https:\/\/www.uta.cl\/wp-content\/uploads\/2025\/01\/unnamed-2-2.jpg 723w, https:\/\/www.uta.cl\/wp-content\/uploads\/2025\/01\/unnamed-2-2-225x300.jpg 225w\" sizes=\"(max-width: 723px) 100vw, 723px\" \/><\/figure><\/div>\n\n\n\n<p>Los talleres contaron con una alta tasa de asistencia, participaci\u00f3n y aprobaci\u00f3n, destacando el compromiso de las estudiantes con su formaci\u00f3n inicial en cada parte de las jornadas.<\/p>\n\n\n\n<p>Estas actividades se realizaron en la Sala 314 de la Facultad de Educaci\u00f3n y Humanidades, los martes 29 de octubre y 5 de noviembre a las 14:45 horas.<\/p>\n\n\n\n<p><\/p>\n","protected":false},"excerpt":{"rendered":"<p>El Centro Educar realiz\u00f3 dos talleres al primer a\u00f1o de la carrera de Educaci\u00f3n Parvularia de la Universidad de Tarapac\u00e1 en funci\u00f3n de los resultados de la Evaluaci\u00f3n Diagn\u00f3stica Inicial (EDI).<\/p>\n","protected":false},"author":13,"featured_media":65129,"comment_status":"open","ping_status":"open","sticky":false,"template":"","format":"standard","meta":[],"categories":[342],"tags":[],"_links":{"self":[{"href":"https:\/\/www.uta.cl\/index.php\/wp-json\/wp\/v2\/posts\/65123"}],"collection":[{"href":"https:\/\/www.uta.cl\/index.php\/wp-json\/wp\/v2\/posts"}],"about":[{"href":"https:\/\/www.uta.cl\/index.php\/wp-json\/wp\/v2\/types\/post"}],"author":[{"embeddable":true,"href":"https:\/\/www.uta.cl\/index.php\/wp-json\/wp\/v2\/users\/13"}],"replies":[{"embeddable":true,"href":"https:\/\/www.uta.cl\/index.php\/wp-json\/wp\/v2\/comments?post=65123"}],"version-history":[{"count":2,"href":"https:\/\/www.uta.cl\/index.php\/wp-json\/wp\/v2\/posts\/65123\/revisions"}],"predecessor-version":[{"id":65135,"href":"https:\/\/www.uta.cl\/index.php\/wp-json\/wp\/v2\/posts\/65123\/revisions\/65135"}],"wp:featuredmedia":[{"embeddable":true,"href":"https:\/\/www.uta.cl\/index.php\/wp-json\/wp\/v2\/media\/65129"}],"wp:attachment":[{"href":"https:\/\/www.uta.cl\/index.php\/wp-json\/wp\/v2\/media?parent=65123"}],"wp:term":[{"taxonomy":"category","embeddable":true,"href":"https:\/\/www.uta.cl\/index.php\/wp-json\/wp\/v2\/categories?post=65123"},{"taxonomy":"post_tag","embeddable":true,"href":"https:\/\/www.uta.cl\/index.php\/wp-json\/wp\/v2\/tags?post=65123"}],"curies":[{"name":"wp","href":"https:\/\/api.w.org\/{rel}","templated":true}]}}