{"id":65116,"date":"2025-01-28T14:42:10","date_gmt":"2025-01-28T14:42:10","guid":{"rendered":"https:\/\/www.uta.cl\/?p=65116"},"modified":"2025-01-28T14:47:01","modified_gmt":"2025-01-28T14:47:01","slug":"congreso-internacional-educacion-emocional-en-el-aula-como-regular-emocionalmente-a-nuestros-estudiantes-reunio-a-distinguidos-conferencistas","status":"publish","type":"post","link":"https:\/\/www.uta.cl\/index.php\/2025\/01\/28\/congreso-internacional-educacion-emocional-en-el-aula-como-regular-emocionalmente-a-nuestros-estudiantes-reunio-a-distinguidos-conferencistas\/","title":{"rendered":"Congreso Internacional \u201cEducaci\u00f3n Emocional en el aula. C\u00f3mo regular emocionalmente a nuestros estudiantes\u201d reuni\u00f3 a distinguidos conferencistas"},"content":{"rendered":"\n<figure class=\"wp-block-image size-large\"><img loading=\"lazy\" width=\"1024\" height=\"768\" src=\"https:\/\/www.uta.cl\/wp-content\/uploads\/2025\/01\/unnamed-5-1024x768.jpg\" alt=\"\" class=\"wp-image-65117\" srcset=\"https:\/\/www.uta.cl\/wp-content\/uploads\/2025\/01\/unnamed-5-1024x768.jpg 1024w, https:\/\/www.uta.cl\/wp-content\/uploads\/2025\/01\/unnamed-5-300x225.jpg 300w, https:\/\/www.uta.cl\/wp-content\/uploads\/2025\/01\/unnamed-5-768x576.jpg 768w, https:\/\/www.uta.cl\/wp-content\/uploads\/2025\/01\/unnamed-5-1536x1152.jpg 1536w, https:\/\/www.uta.cl\/wp-content\/uploads\/2025\/01\/unnamed-5.jpg 1600w\" sizes=\"(max-width: 1024px) 100vw, 1024px\" \/><\/figure>\n\n\n\n<p>El pasado viernes 8 de noviembre, el Gimnasio Mayor de la Universidad de Tarapac\u00e1 acogi\u00f3 el congreso internacional \u201cEducaci\u00f3n Emocional en el Aula: C\u00f3mo Regular Emocionalmente a Nuestros Estudiantes\u201d. El evento, organizado por la Asociaci\u00f3n de Establecimientos Particulares y Subvencionados (ADEP) en conjunto con la la Facultad de Educaci\u00f3n y Humanidades, alcanz\u00f3 el m\u00e1ximo aforo del gimnasio, gracias al apoyo del Doctorado en Educaci\u00f3n de la Universidad de Tarapac\u00e1 y del Centro de Innovaci\u00f3n y Liderazgo Educativo (CILED). La jornada fue un \u00e9xito, no solo por la destacada asistencia, sino tambi\u00e9n por las din\u00e1micas de las exposiciones, lideradas por expertos en educaci\u00f3n emocional como Arnaldo Canales, Mar\u00eda Jos\u00e9 Palmero y Miguel \u00c1ngel Santos.<\/p>\n\n\n\n<p>El congreso tuvo como prop\u00f3sito profundizar y reflexionar sobre el papel crucial de la educaci\u00f3n emocional en el \u00e1mbito educativo, consider\u00e1ndola como un proceso continuo, sistem\u00e1tico y constante que impulsa el desarrollo de habilidades emocionales, esenciales para el desarrollo integral de las personas, promoviendo su bienestar personal y social. Adem\u00e1s, se destac\u00f3 la importancia de generar ambientes inclusivos, organizados, respetuosos y comprometidos con la convivencia positiva, elementos fundamentales para crear condiciones propicias para el aprendizaje. Estos factores favorecen un mayor inter\u00e9s, motivaci\u00f3n y participaci\u00f3n de los estudiantes ante nuevos retos educativos.<\/p>\n\n\n\n<p>Durante el evento, el Dr. Carlos Mondaca Rojas, decano de la Facultad de Educaci\u00f3n y Humanidades de la Universidad de Tarapac\u00e1, destac\u00f3 la relevancia de llevar a cabo iniciativas como esta y felicit\u00f3 a los organizadores del congreso. Por su parte, Mery Mart\u00ednez Limache, presidenta de la Asociaci\u00f3n de Establecimientos Particulares, Subvencionados y Pagados de Arica (ADEP), se\u00f1al\u00f3 que el congreso fue una respuesta &#8220;a una demanda y una necesidad que tienen las unidades educativas de c\u00f3mo enfrentar las desregulaciones emocionales de los estudiantes tras la pandemia. Estamos felices de que hoy se haya concretado este evento&#8221;.<\/p>\n\n\n\n<p>La primera presentaci\u00f3n, titulada \u2018Educaci\u00f3n Emocional: Emociones Facilitadoras y Obstaculizadoras del Aprendizaje\u2019, estuvo a cargo de Arnaldo Canales Ben\u00edtez, PhD (c) en pedagog\u00eda y educaci\u00f3n. El objetivo de su intervenci\u00f3n fue ense\u00f1ar a los educadores a dise\u00f1ar experiencias de aprendizaje que no solo transmiten conocimientos, sino que tambi\u00e9n inspiran a los estudiantes a convertirse en aprendices de por vida, motivados a descubrir y comprender el mundo que los rodea. Canales Ben\u00edtez destac\u00f3 que es fundamental que los docentes comprendan que la educaci\u00f3n emocional no se limita a trabajar con un par de emociones, sino que debe incluir la prevenci\u00f3n de problemas de salud mental.<\/p>\n\n\n\n<p>A continuaci\u00f3n, Mar\u00eda Jos\u00e9 Palmero, especialista en Educaci\u00f3n Emocional y entrenamiento en Habilidades Socioemocionales Training Theraplay, present\u00f3 \u2018C\u00f3mo hacer que los padres de mis estudiantes est\u00e9n conmigo y no contra m\u00ed: Trabajo en equipo efectivo entre Familia-Escuela\u2019. Su intervenci\u00f3n tuvo como fin dotar a los participantes de estrategias para regular sus emociones y relaciones de manera m\u00e1s efectiva, lo que contribuye a una mejor calidad de vida y a un ambiente m\u00e1s armonioso y colaborativo. Palmero resalt\u00f3 la importancia del trabajo colaborativo entre la Universidad de Tarapac\u00e1 y la ADEP, indicando que &#8220;mientras los distintos actores de la educaci\u00f3n puedan unirse para trabajar juntos, llegaremos m\u00e1s lejos. Adem\u00e1s, que se junte tanta gente es espectacular, porque genera un lenguaje y una mirada com\u00fan&#8221;.<\/p>\n\n\n\n<p>La tercera presentaci\u00f3n que dio el cierre a la jornada fue del Dr. Miguel \u00c1ngel Santos Guerra, catedr\u00e1tico em\u00e9rito de la Universidad de M\u00e1laga, quien abord\u00f3 el tema \u2018Docentes del Siglo XXI: Ense\u00f1ar y aprender a convivir en la escuela\u2019. Su intervenci\u00f3n busc\u00f3 sensibilizar sobre la relevancia de la escuela para las personas y la sociedad, proponer un perfil de docente competente para el Siglo XXI y reflexionar sobre la educaci\u00f3n como una tarea compartida por todos los agentes de la sociedad. El Dr. Santos Guerra destac\u00f3 que el congreso abord\u00f3 temas cruciales que han sido desatendidos por mucho tiempo y que requieren atenci\u00f3n urgente.<\/p>\n\n\n\n<figure class=\"wp-block-gallery columns-3 is-cropped\"><ul class=\"blocks-gallery-grid\"><li class=\"blocks-gallery-item\"><figure><a href=\"https:\/\/www.uta.cl\/wp-content\/uploads\/2025\/01\/unnamed-1-3.jpg\"><img loading=\"lazy\" width=\"1024\" height=\"575\" src=\"https:\/\/www.uta.cl\/wp-content\/uploads\/2025\/01\/unnamed-1-3-1024x575.jpg\" alt=\"\" data-id=\"65125\" data-full-url=\"https:\/\/www.uta.cl\/wp-content\/uploads\/2025\/01\/unnamed-1-3.jpg\" data-link=\"https:\/\/www.uta.cl\/index.php\/2025\/01\/28\/congreso-internacional-educacion-emocional-en-el-aula-como-regular-emocionalmente-a-nuestros-estudiantes-reunio-a-distinguidos-conferencistas\/unnamed-1-6\/\" class=\"wp-image-65125\" srcset=\"https:\/\/www.uta.cl\/wp-content\/uploads\/2025\/01\/unnamed-1-3-1024x575.jpg 1024w, https:\/\/www.uta.cl\/wp-content\/uploads\/2025\/01\/unnamed-1-3-300x168.jpg 300w, https:\/\/www.uta.cl\/wp-content\/uploads\/2025\/01\/unnamed-1-3-768x431.jpg 768w, https:\/\/www.uta.cl\/wp-content\/uploads\/2025\/01\/unnamed-1-3-1536x862.jpg 1536w, https:\/\/www.uta.cl\/wp-content\/uploads\/2025\/01\/unnamed-1-3.jpg 1600w\" sizes=\"(max-width: 1024px) 100vw, 1024px\" \/><\/a><\/figure><\/li><li class=\"blocks-gallery-item\"><figure><a href=\"https:\/\/www.uta.cl\/wp-content\/uploads\/2025\/01\/unnamed-7.jpg\"><img loading=\"lazy\" width=\"1024\" height=\"682\" src=\"https:\/\/www.uta.cl\/wp-content\/uploads\/2025\/01\/unnamed-7-1024x682.jpg\" alt=\"\" data-id=\"65126\" data-full-url=\"https:\/\/www.uta.cl\/wp-content\/uploads\/2025\/01\/unnamed-7.jpg\" data-link=\"https:\/\/www.uta.cl\/index.php\/2025\/01\/28\/congreso-internacional-educacion-emocional-en-el-aula-como-regular-emocionalmente-a-nuestros-estudiantes-reunio-a-distinguidos-conferencistas\/unnamed-16\/\" class=\"wp-image-65126\" srcset=\"https:\/\/www.uta.cl\/wp-content\/uploads\/2025\/01\/unnamed-7-1024x682.jpg 1024w, https:\/\/www.uta.cl\/wp-content\/uploads\/2025\/01\/unnamed-7-300x200.jpg 300w, https:\/\/www.uta.cl\/wp-content\/uploads\/2025\/01\/unnamed-7-768x512.jpg 768w, https:\/\/www.uta.cl\/wp-content\/uploads\/2025\/01\/unnamed-7-1536x1023.jpg 1536w, https:\/\/www.uta.cl\/wp-content\/uploads\/2025\/01\/unnamed-7.jpg 1600w\" sizes=\"(max-width: 1024px) 100vw, 1024px\" \/><\/a><\/figure><\/li><li class=\"blocks-gallery-item\"><figure><a href=\"https:\/\/www.uta.cl\/wp-content\/uploads\/2025\/01\/unnamed-6.jpg\"><img loading=\"lazy\" width=\"1024\" height=\"575\" src=\"https:\/\/www.uta.cl\/wp-content\/uploads\/2025\/01\/unnamed-6-1024x575.jpg\" alt=\"\" data-id=\"65119\" data-full-url=\"https:\/\/www.uta.cl\/wp-content\/uploads\/2025\/01\/unnamed-6.jpg\" data-link=\"https:\/\/www.uta.cl\/index.php\/2025\/01\/28\/congreso-internacional-educacion-emocional-en-el-aula-como-regular-emocionalmente-a-nuestros-estudiantes-reunio-a-distinguidos-conferencistas\/unnamed-15\/\" class=\"wp-image-65119\" srcset=\"https:\/\/www.uta.cl\/wp-content\/uploads\/2025\/01\/unnamed-6-1024x575.jpg 1024w, https:\/\/www.uta.cl\/wp-content\/uploads\/2025\/01\/unnamed-6-300x168.jpg 300w, https:\/\/www.uta.cl\/wp-content\/uploads\/2025\/01\/unnamed-6-768x431.jpg 768w, https:\/\/www.uta.cl\/wp-content\/uploads\/2025\/01\/unnamed-6-1536x862.jpg 1536w, https:\/\/www.uta.cl\/wp-content\/uploads\/2025\/01\/unnamed-6.jpg 1600w\" sizes=\"(max-width: 1024px) 100vw, 1024px\" \/><\/a><\/figure><\/li><li class=\"blocks-gallery-item\"><figure><a href=\"https:\/\/www.uta.cl\/wp-content\/uploads\/2025\/01\/unnamed-1-2.jpg\"><img loading=\"lazy\" width=\"1024\" height=\"682\" src=\"https:\/\/www.uta.cl\/wp-content\/uploads\/2025\/01\/unnamed-1-2-1024x682.jpg\" alt=\"\" data-id=\"65120\" data-full-url=\"https:\/\/www.uta.cl\/wp-content\/uploads\/2025\/01\/unnamed-1-2.jpg\" data-link=\"https:\/\/www.uta.cl\/index.php\/2025\/01\/28\/congreso-internacional-educacion-emocional-en-el-aula-como-regular-emocionalmente-a-nuestros-estudiantes-reunio-a-distinguidos-conferencistas\/unnamed-1-5\/\" class=\"wp-image-65120\" srcset=\"https:\/\/www.uta.cl\/wp-content\/uploads\/2025\/01\/unnamed-1-2-1024x682.jpg 1024w, https:\/\/www.uta.cl\/wp-content\/uploads\/2025\/01\/unnamed-1-2-300x200.jpg 300w, https:\/\/www.uta.cl\/wp-content\/uploads\/2025\/01\/unnamed-1-2-768x512.jpg 768w, https:\/\/www.uta.cl\/wp-content\/uploads\/2025\/01\/unnamed-1-2-1536x1023.jpg 1536w, https:\/\/www.uta.cl\/wp-content\/uploads\/2025\/01\/unnamed-1-2.jpg 1600w\" sizes=\"(max-width: 1024px) 100vw, 1024px\" \/><\/a><\/figure><\/li><\/ul><\/figure>\n","protected":false},"excerpt":{"rendered":"<p>El evento, organizado por la Asociaci\u00f3n de Establecimientos Particulares y Subvencionados (ADEP), en conjunto con la Facultad de Educaci\u00f3n y Humanidades de la Universidad de Tarapac\u00e1 fue un logro destacado.<\/p>\n","protected":false},"author":13,"featured_media":65117,"comment_status":"open","ping_status":"open","sticky":false,"template":"","format":"standard","meta":[],"categories":[342],"tags":[],"_links":{"self":[{"href":"https:\/\/www.uta.cl\/index.php\/wp-json\/wp\/v2\/posts\/65116"}],"collection":[{"href":"https:\/\/www.uta.cl\/index.php\/wp-json\/wp\/v2\/posts"}],"about":[{"href":"https:\/\/www.uta.cl\/index.php\/wp-json\/wp\/v2\/types\/post"}],"author":[{"embeddable":true,"href":"https:\/\/www.uta.cl\/index.php\/wp-json\/wp\/v2\/users\/13"}],"replies":[{"embeddable":true,"href":"https:\/\/www.uta.cl\/index.php\/wp-json\/wp\/v2\/comments?post=65116"}],"version-history":[{"count":4,"href":"https:\/\/www.uta.cl\/index.php\/wp-json\/wp\/v2\/posts\/65116\/revisions"}],"predecessor-version":[{"id":65127,"href":"https:\/\/www.uta.cl\/index.php\/wp-json\/wp\/v2\/posts\/65116\/revisions\/65127"}],"wp:featuredmedia":[{"embeddable":true,"href":"https:\/\/www.uta.cl\/index.php\/wp-json\/wp\/v2\/media\/65117"}],"wp:attachment":[{"href":"https:\/\/www.uta.cl\/index.php\/wp-json\/wp\/v2\/media?parent=65116"}],"wp:term":[{"taxonomy":"category","embeddable":true,"href":"https:\/\/www.uta.cl\/index.php\/wp-json\/wp\/v2\/categories?post=65116"},{"taxonomy":"post_tag","embeddable":true,"href":"https:\/\/www.uta.cl\/index.php\/wp-json\/wp\/v2\/tags?post=65116"}],"curies":[{"name":"wp","href":"https:\/\/api.w.org\/{rel}","templated":true}]}}