{"id":65110,"date":"2025-01-28T14:37:55","date_gmt":"2025-01-28T14:37:55","guid":{"rendered":"https:\/\/www.uta.cl\/?p=65110"},"modified":"2025-01-28T14:38:09","modified_gmt":"2025-01-28T14:38:09","slug":"taller-para-equipos-directivos-liderazgo-para-el-bienestar-docente-claves-para-la-sostenibilidad-de-las-escuelas","status":"publish","type":"post","link":"https:\/\/www.uta.cl\/index.php\/2025\/01\/28\/taller-para-equipos-directivos-liderazgo-para-el-bienestar-docente-claves-para-la-sostenibilidad-de-las-escuelas\/","title":{"rendered":"Taller para equipos directivos:  \u201cLiderazgo para el bienestar docente: Claves para la sostenibilidad de las escuelas\u201d"},"content":{"rendered":"\n<figure class=\"wp-block-image size-large\"><img loading=\"lazy\" width=\"1024\" height=\"768\" src=\"https:\/\/www.uta.cl\/wp-content\/uploads\/2025\/01\/unnamed-4-1024x768.jpg\" alt=\"\" class=\"wp-image-65113\" srcset=\"https:\/\/www.uta.cl\/wp-content\/uploads\/2025\/01\/unnamed-4-1024x768.jpg 1024w, https:\/\/www.uta.cl\/wp-content\/uploads\/2025\/01\/unnamed-4-300x225.jpg 300w, https:\/\/www.uta.cl\/wp-content\/uploads\/2025\/01\/unnamed-4-768x576.jpg 768w, https:\/\/www.uta.cl\/wp-content\/uploads\/2025\/01\/unnamed-4.jpg 1221w\" sizes=\"(max-width: 1024px) 100vw, 1024px\" \/><\/figure>\n\n\n\n<p>La colaboraci\u00f3n entre CILED y la UTA permiti\u00f3 reunir a 46 l\u00edderes regionales, entre directores y sus equipos, todos miembros de la Asociaci\u00f3n de Directores de Colegios Particulares de Arica (ADEP). Despu\u00e9s de un almuerzo para fortalecer los lazos entre las instituciones participantes, el Dr. Christian Lazcano (UDD), Director de Formaci\u00f3n de CILED, dict\u00f3 un taller para todas y todos los presentes.<\/p>\n\n\n\n<figure class=\"wp-block-image size-large\"><img loading=\"lazy\" width=\"1024\" height=\"768\" src=\"https:\/\/www.uta.cl\/wp-content\/uploads\/2025\/01\/unnamed-1-1-1024x768.jpg\" alt=\"\" class=\"wp-image-65114\" srcset=\"https:\/\/www.uta.cl\/wp-content\/uploads\/2025\/01\/unnamed-1-1-1024x768.jpg 1024w, https:\/\/www.uta.cl\/wp-content\/uploads\/2025\/01\/unnamed-1-1-300x225.jpg 300w, https:\/\/www.uta.cl\/wp-content\/uploads\/2025\/01\/unnamed-1-1-768x576.jpg 768w, https:\/\/www.uta.cl\/wp-content\/uploads\/2025\/01\/unnamed-1-1-1536x1152.jpg 1536w, https:\/\/www.uta.cl\/wp-content\/uploads\/2025\/01\/unnamed-1-1.jpg 1600w\" sizes=\"(max-width: 1024px) 100vw, 1024px\" \/><\/figure>\n\n\n\n<p>Como en otras colaboraciones, Lazcano expuso evidencia contundente respecto a la influencias de las buenas pr\u00e1cticas directivas, contrastando los datos con las tendencias nacionales e internacionales. Aquello fue nutrido por las intervenciones y comentarios los asistentes, permitiendo generar un di\u00e1logo que demostr\u00f3 la relevancia, vigencia y pertinencia tem\u00e1tica.<\/p>\n\n\n\n<figure class=\"wp-block-image size-large\"><img loading=\"lazy\" width=\"1024\" height=\"768\" src=\"https:\/\/www.uta.cl\/wp-content\/uploads\/2025\/01\/unnamed-2-1-1024x768.jpg\" alt=\"\" class=\"wp-image-65112\" srcset=\"https:\/\/www.uta.cl\/wp-content\/uploads\/2025\/01\/unnamed-2-1-1024x768.jpg 1024w, https:\/\/www.uta.cl\/wp-content\/uploads\/2025\/01\/unnamed-2-1-300x225.jpg 300w, https:\/\/www.uta.cl\/wp-content\/uploads\/2025\/01\/unnamed-2-1-768x576.jpg 768w, https:\/\/www.uta.cl\/wp-content\/uploads\/2025\/01\/unnamed-2-1-1536x1152.jpg 1536w, https:\/\/www.uta.cl\/wp-content\/uploads\/2025\/01\/unnamed-2-1.jpg 1600w\" sizes=\"(max-width: 1024px) 100vw, 1024px\" \/><\/figure>\n\n\n\n<p>La jornada finaliz\u00f3 con una retroalimentaci\u00f3n positiva, cuyo agradecimiento se hizo llegar al equipo que gestion\u00f3 el encuentro. Todo lo acontecido dio cuenta de la disposici\u00f3n y compromiso para seguir fortaleciendo el liderazgo eficaz y contextualizado, el que sin lugar a dudas contribuye a la mejora sist\u00e9mica, avanzando hacia una educaci\u00f3n de calidad en la Macro Zona Norte de Chile.<\/p>\n\n\n\n<p>Esta actividad se realiz\u00f3 en el Hotel Arica, el viernes 8 de noviembre de 2024 a las 15:30 horas.<\/p>\n","protected":false},"excerpt":{"rendered":"<p>El Centro de Innovaci\u00f3n y Liderazgo Educativo (CILED) en conjunto de la Universidad de Tarapac\u00e1 (UTA), realiz\u00f3 un taller para los directores y l\u00edderes del sistema educativo de la Regi\u00f3n de Arica y Parinacota.<\/p>\n","protected":false},"author":13,"featured_media":65112,"comment_status":"open","ping_status":"open","sticky":false,"template":"","format":"standard","meta":[],"categories":[342],"tags":[],"_links":{"self":[{"href":"https:\/\/www.uta.cl\/index.php\/wp-json\/wp\/v2\/posts\/65110"}],"collection":[{"href":"https:\/\/www.uta.cl\/index.php\/wp-json\/wp\/v2\/posts"}],"about":[{"href":"https:\/\/www.uta.cl\/index.php\/wp-json\/wp\/v2\/types\/post"}],"author":[{"embeddable":true,"href":"https:\/\/www.uta.cl\/index.php\/wp-json\/wp\/v2\/users\/13"}],"replies":[{"embeddable":true,"href":"https:\/\/www.uta.cl\/index.php\/wp-json\/wp\/v2\/comments?post=65110"}],"version-history":[{"count":2,"href":"https:\/\/www.uta.cl\/index.php\/wp-json\/wp\/v2\/posts\/65110\/revisions"}],"predecessor-version":[{"id":65115,"href":"https:\/\/www.uta.cl\/index.php\/wp-json\/wp\/v2\/posts\/65110\/revisions\/65115"}],"wp:featuredmedia":[{"embeddable":true,"href":"https:\/\/www.uta.cl\/index.php\/wp-json\/wp\/v2\/media\/65112"}],"wp:attachment":[{"href":"https:\/\/www.uta.cl\/index.php\/wp-json\/wp\/v2\/media?parent=65110"}],"wp:term":[{"taxonomy":"category","embeddable":true,"href":"https:\/\/www.uta.cl\/index.php\/wp-json\/wp\/v2\/categories?post=65110"},{"taxonomy":"post_tag","embeddable":true,"href":"https:\/\/www.uta.cl\/index.php\/wp-json\/wp\/v2\/tags?post=65110"}],"curies":[{"name":"wp","href":"https:\/\/api.w.org\/{rel}","templated":true}]}}