{"id":65103,"date":"2025-01-28T14:25:03","date_gmt":"2025-01-28T14:25:03","guid":{"rendered":"https:\/\/www.uta.cl\/?p=65103"},"modified":"2025-01-28T14:25:09","modified_gmt":"2025-01-28T14:25:09","slug":"licenciatura-de-la-escuela-carlos-condell-de-la-haza-licenciatura-2024-para-kinder-y-octavo-basico","status":"publish","type":"post","link":"https:\/\/www.uta.cl\/index.php\/2025\/01\/28\/licenciatura-de-la-escuela-carlos-condell-de-la-haza-licenciatura-2024-para-kinder-y-octavo-basico\/","title":{"rendered":"Licenciatura de la Escuela Carlos Condell de la Haza: \u201cLicenciatura 2024 para K\u00ednder y Octavo B\u00e1sico\u201d"},"content":{"rendered":"\n<figure class=\"wp-block-image size-large\"><img loading=\"lazy\" width=\"1024\" height=\"627\" src=\"https:\/\/www.uta.cl\/wp-content\/uploads\/2025\/01\/unnamed-1024x627.jpg\" alt=\"\" class=\"wp-image-65105\" srcset=\"https:\/\/www.uta.cl\/wp-content\/uploads\/2025\/01\/unnamed-1024x627.jpg 1024w, https:\/\/www.uta.cl\/wp-content\/uploads\/2025\/01\/unnamed-300x184.jpg 300w, https:\/\/www.uta.cl\/wp-content\/uploads\/2025\/01\/unnamed-768x470.jpg 768w, https:\/\/www.uta.cl\/wp-content\/uploads\/2025\/01\/unnamed.jpg 1370w\" sizes=\"(max-width: 1024px) 100vw, 1024px\" \/><\/figure>\n\n\n\n<p>Despu\u00e9s de una entrada solemne realizada por los estudiantes, se efectu\u00f3 el saludo protocolar hacia los presentes y el Coro de Profesores de Arica enton\u00f3 el himno nacional para concretar la apertura del evento. Posteriormente las y los estudiantes destacados de K\u00ednder y Octavo B\u00e1sico fueron reconocidos por sus resultados acad\u00e9micos y su disposici\u00f3n hacia la instituci\u00f3n educativa.<\/p>\n\n\n\n<figure class=\"wp-block-image size-large\"><img loading=\"lazy\" width=\"1024\" height=\"639\" src=\"https:\/\/www.uta.cl\/wp-content\/uploads\/2025\/01\/unnamed-1-1024x639.jpg\" alt=\"\" class=\"wp-image-65106\" srcset=\"https:\/\/www.uta.cl\/wp-content\/uploads\/2025\/01\/unnamed-1-1024x639.jpg 1024w, https:\/\/www.uta.cl\/wp-content\/uploads\/2025\/01\/unnamed-1-300x187.jpg 300w, https:\/\/www.uta.cl\/wp-content\/uploads\/2025\/01\/unnamed-1-768x480.jpg 768w, https:\/\/www.uta.cl\/wp-content\/uploads\/2025\/01\/unnamed-1.jpg 1347w\" sizes=\"(max-width: 1024px) 100vw, 1024px\" \/><\/figure>\n\n\n\n<p>El K\u00ednder fue el primero en licenciarse y, antes de que el Octavo B\u00e1sico tuviera su turno, el interludio estuvo nuevamente dirigido por el Coro de Profesores de Arica, lo que dio paso a una emotivas palabras de despedida de la estudiante Milagros Huanca y el estudiante Rub\u00e9n Larijo, ambos prestos para la Ense\u00f1anza Media.<\/p>\n\n\n\n<figure class=\"wp-block-image size-large\"><img loading=\"lazy\" width=\"1024\" height=\"656\" src=\"https:\/\/www.uta.cl\/wp-content\/uploads\/2025\/01\/unnamed-2-1024x656.jpg\" alt=\"\" class=\"wp-image-65107\" srcset=\"https:\/\/www.uta.cl\/wp-content\/uploads\/2025\/01\/unnamed-2-1024x656.jpg 1024w, https:\/\/www.uta.cl\/wp-content\/uploads\/2025\/01\/unnamed-2-300x192.jpg 300w, https:\/\/www.uta.cl\/wp-content\/uploads\/2025\/01\/unnamed-2-768x492.jpg 768w, https:\/\/www.uta.cl\/wp-content\/uploads\/2025\/01\/unnamed-2.jpg 1376w\" sizes=\"(max-width: 1024px) 100vw, 1024px\" \/><\/figure>\n\n\n\n<p>La Jefa de UTP dirigi\u00f3 el siguiente segmento galardonando a aquellos padres, madres y apoderados cuya labor fue sobresaliente durante los a\u00f1os de escolaridad b\u00e1sica de sus hijos e hijas. Finalizada esta parte, la Fundaci\u00f3n Altiplano en alianza con la Escuela Sara\u00f1ami present\u00f3 su conjunto de charangos, interpretando distintos temas musicales que tuvieron buena acogida por el p\u00fablico asistente.<\/p>\n\n\n\n<figure class=\"wp-block-image size-large\"><img loading=\"lazy\" width=\"1024\" height=\"658\" src=\"https:\/\/www.uta.cl\/wp-content\/uploads\/2025\/01\/unnamed-3-1024x658.jpg\" alt=\"\" class=\"wp-image-65108\" srcset=\"https:\/\/www.uta.cl\/wp-content\/uploads\/2025\/01\/unnamed-3-1024x658.jpg 1024w, https:\/\/www.uta.cl\/wp-content\/uploads\/2025\/01\/unnamed-3-300x193.jpg 300w, https:\/\/www.uta.cl\/wp-content\/uploads\/2025\/01\/unnamed-3-768x493.jpg 768w, https:\/\/www.uta.cl\/wp-content\/uploads\/2025\/01\/unnamed-3.jpg 1389w\" sizes=\"(max-width: 1024px) 100vw, 1024px\" \/><\/figure>\n\n\n\n<p>Por \u00faltimo, las palabras finales estuvieron a cargo del director del establecimiento, Sr. Nicol\u00e1s Montecinos Gonz\u00e1lez, quien se refiri\u00f3 al trabajo hecho por la instituci\u00f3n y al desempe\u00f1o de la comunidad educativa.<\/p>\n\n\n\n<p>Esta actividad se realiz\u00f3 en el Aula Magna del Campus Vel\u00e1squez de la Universidad de Tarapac\u00e1, el mi\u00e9rcoles 18 de diciembre de 2024 a las 9:30 horas.<\/p>\n","protected":false},"excerpt":{"rendered":"<p>La Universidad de Tarapac\u00e1  abre sus puertas para la licenciatura de K\u00ednder y Octavo B\u00e1sico de la Escuela Carlos Condell de la Haza, contribuyendo al fortalecimiento de las relaciones de colaboraci\u00f3n entre la instituci\u00f3n y el medio regional.<\/p>\n","protected":false},"author":13,"featured_media":65105,"comment_status":"open","ping_status":"open","sticky":false,"template":"","format":"standard","meta":[],"categories":[342],"tags":[],"_links":{"self":[{"href":"https:\/\/www.uta.cl\/index.php\/wp-json\/wp\/v2\/posts\/65103"}],"collection":[{"href":"https:\/\/www.uta.cl\/index.php\/wp-json\/wp\/v2\/posts"}],"about":[{"href":"https:\/\/www.uta.cl\/index.php\/wp-json\/wp\/v2\/types\/post"}],"author":[{"embeddable":true,"href":"https:\/\/www.uta.cl\/index.php\/wp-json\/wp\/v2\/users\/13"}],"replies":[{"embeddable":true,"href":"https:\/\/www.uta.cl\/index.php\/wp-json\/wp\/v2\/comments?post=65103"}],"version-history":[{"count":2,"href":"https:\/\/www.uta.cl\/index.php\/wp-json\/wp\/v2\/posts\/65103\/revisions"}],"predecessor-version":[{"id":65109,"href":"https:\/\/www.uta.cl\/index.php\/wp-json\/wp\/v2\/posts\/65103\/revisions\/65109"}],"wp:featuredmedia":[{"embeddable":true,"href":"https:\/\/www.uta.cl\/index.php\/wp-json\/wp\/v2\/media\/65105"}],"wp:attachment":[{"href":"https:\/\/www.uta.cl\/index.php\/wp-json\/wp\/v2\/media?parent=65103"}],"wp:term":[{"taxonomy":"category","embeddable":true,"href":"https:\/\/www.uta.cl\/index.php\/wp-json\/wp\/v2\/categories?post=65103"},{"taxonomy":"post_tag","embeddable":true,"href":"https:\/\/www.uta.cl\/index.php\/wp-json\/wp\/v2\/tags?post=65103"}],"curies":[{"name":"wp","href":"https:\/\/api.w.org\/{rel}","templated":true}]}}