{"id":64708,"date":"2025-01-18T00:29:58","date_gmt":"2025-01-18T00:29:58","guid":{"rendered":"https:\/\/www.uta.cl\/?p=64708"},"modified":"2025-01-20T14:17:11","modified_gmt":"2025-01-20T14:17:11","slug":"mas-de-200-personas-asistieron-a-congreso-futuro-2025-en-la-utarapaca","status":"publish","type":"post","link":"https:\/\/www.uta.cl\/index.php\/2025\/01\/18\/mas-de-200-personas-asistieron-a-congreso-futuro-2025-en-la-utarapaca\/","title":{"rendered":"M\u00e1s de 200 personas asistieron a Congreso Futuro 2025 en la UTarapac\u00e1"},"content":{"rendered":"\n<div class=\"wp-block-image\"><figure class=\"aligncenter size-large is-resized\"><img loading=\"lazy\" src=\"https:\/\/www.uta.cl\/wp-content\/uploads\/2025\/01\/1737159494898-1024x768.jpg\" alt=\"\" class=\"wp-image-64714\" width=\"642\" height=\"481\" srcset=\"https:\/\/www.uta.cl\/wp-content\/uploads\/2025\/01\/1737159494898-1024x768.jpg 1024w, https:\/\/www.uta.cl\/wp-content\/uploads\/2025\/01\/1737159494898-300x225.jpg 300w, https:\/\/www.uta.cl\/wp-content\/uploads\/2025\/01\/1737159494898-768x576.jpg 768w, https:\/\/www.uta.cl\/wp-content\/uploads\/2025\/01\/1737159494898-1536x1152.jpg 1536w, https:\/\/www.uta.cl\/wp-content\/uploads\/2025\/01\/1737159494898.jpg 2048w\" sizes=\"(max-width: 642px) 100vw, 642px\" \/><\/figure><\/div>\n\n\n\n<p>Siendo su tercer a\u00f1o en la regi\u00f3n de Arica y Parinacota, y con m\u00e1s de 200 asistentes, se llev\u00f3 a cabo la 14\u00ba versi\u00f3n de Congreso Futuro bajo la tem\u00e1tica \u201c\u00bfQu\u00e9 humanidad queremos ser?\u201d que cont\u00f3 con los destacados expositores internacionales Esen K. T\u00fct\u00fcnc\u00fc, artista y cineasta turca especializada en fotograf\u00eda, video y tecnolog\u00edas inmersivas; y el Dr. Timothy Marzullo, neurocient\u00edfico y comunicador, cofundador de Backyard Brains, una iniciativa que busca popularizar la neurociencia a trav\u00e9s de proyectos educativos accesibles.<\/p>\n\n\n\n<p>durante sus palabras de bienvenida al evento, el vicerrector acad\u00e9mico Dr. Gonzalo Vald\u00e9s, se refiri\u00f3 a la interrogante planteada por esta edici\u00f3n de Congreso Futuro y su relaci\u00f3n con las tecnolog\u00edas emergentes, indicando que \u201cla inteligencia artificial ciertamente nos puede colaborar en problemas de sostenibilidad, de medio ambiente e incluso de salud, pero la pregunta entonces es c\u00f3mo o qu\u00e9 tipo de valores queremos preservar, c\u00f3mo utilizamos esta inteligencia artificial, no para sustituir labores o personas, sino m\u00e1s bien para construir una sociedad justa y equitativa\u201d.<\/p>\n\n\n\n<div class=\"wp-block-image\"><figure class=\"aligncenter size-large is-resized\"><img loading=\"lazy\" src=\"https:\/\/www.uta.cl\/wp-content\/uploads\/2025\/01\/1737159494908-1024x768.jpg\" alt=\"\" class=\"wp-image-64713\" width=\"563\" height=\"422\" srcset=\"https:\/\/www.uta.cl\/wp-content\/uploads\/2025\/01\/1737159494908-1024x768.jpg 1024w, https:\/\/www.uta.cl\/wp-content\/uploads\/2025\/01\/1737159494908-300x225.jpg 300w, https:\/\/www.uta.cl\/wp-content\/uploads\/2025\/01\/1737159494908-768x576.jpg 768w, https:\/\/www.uta.cl\/wp-content\/uploads\/2025\/01\/1737159494908-1536x1152.jpg 1536w, https:\/\/www.uta.cl\/wp-content\/uploads\/2025\/01\/1737159494908.jpg 2048w\" sizes=\"(max-width: 563px) 100vw, 563px\" \/><\/figure><\/div>\n\n\n\n<p>La primera expositora de la jornada fue Esen K. T\u00fct\u00fcnc\u00fc, investigadora doctoral en el Event Lab del Instituto de Neurociencias de la Universidad de Barcelona e investigadora en Google con un enfoque en entradas de usuarios de realidad aumentada y en interacciones multimodales, quien present\u00f3 sobre el punto en el que nos encontramos con la inteligencia artificial y el salto que se est\u00e1 dando desde el texto a la interacci\u00f3n desde varios tipos de entradas con estas tecnolog\u00eda.<\/p>\n\n\n\n<p>\u201cCongreso Futuro es una gran oportunidad para realmente divulgar ese tipo de informaci\u00f3n de ciencia, para que Latinoam\u00e9rica tambi\u00e9n tenga acceso, en idioma espa\u00f1ol, a la manera de conversar y avanzar en esas tecnolog\u00edas, y llegar al punto global de integraci\u00f3n cient\u00edfica\u201d, valor\u00f3 T\u00fct\u00fcnc\u00fc.<\/p>\n\n\n\n<div class=\"wp-block-image\"><figure class=\"aligncenter size-large is-resized\"><img loading=\"lazy\" src=\"https:\/\/www.uta.cl\/wp-content\/uploads\/2025\/01\/DSC_0209-1024x683.jpg\" alt=\"\" class=\"wp-image-64709\" width=\"573\" height=\"382\" srcset=\"https:\/\/www.uta.cl\/wp-content\/uploads\/2025\/01\/DSC_0209-1024x683.jpg 1024w, https:\/\/www.uta.cl\/wp-content\/uploads\/2025\/01\/DSC_0209-300x200.jpg 300w, https:\/\/www.uta.cl\/wp-content\/uploads\/2025\/01\/DSC_0209-768x512.jpg 768w, https:\/\/www.uta.cl\/wp-content\/uploads\/2025\/01\/DSC_0209-1536x1025.jpg 1536w, https:\/\/www.uta.cl\/wp-content\/uploads\/2025\/01\/DSC_0209.jpg 2048w\" sizes=\"(max-width: 573px) 100vw, 573px\" \/><\/figure><\/div>\n\n\n\n<p>El segundo expositor fue Timothy Marzullo, Ph.D. por la Universidad de Michigan, cient\u00edfico y emprendedor dedicado a democratizar la educaci\u00f3n en neurociencia a trav\u00e9s de la fundaci\u00f3n Backyard Brains, donde han distribuido equipos de neurociencia en m\u00e1s de dos mil instituciones educativas en 99 pa\u00edses. En su presentaci\u00f3n ense\u00f1\u00f3 los equipos que se usan para medir las se\u00f1ales el\u00e9ctricas del cuerpo y c\u00f3mo estos permitieron que estudiantes en etapa escolar pudieran realizar una publicaci\u00f3n en la prestigiosa revista acad\u00e9mica Taylor &amp; Francis.<\/p>\n\n\n\n<div class=\"wp-block-image\"><figure class=\"aligncenter size-large is-resized\"><img loading=\"lazy\" src=\"https:\/\/www.uta.cl\/wp-content\/uploads\/2025\/01\/DSC_0283-1024x648.jpg\" alt=\"\" class=\"wp-image-64711\" width=\"570\" height=\"360\" srcset=\"https:\/\/www.uta.cl\/wp-content\/uploads\/2025\/01\/DSC_0283-1024x648.jpg 1024w, https:\/\/www.uta.cl\/wp-content\/uploads\/2025\/01\/DSC_0283-300x190.jpg 300w, https:\/\/www.uta.cl\/wp-content\/uploads\/2025\/01\/DSC_0283-768x486.jpg 768w, https:\/\/www.uta.cl\/wp-content\/uploads\/2025\/01\/DSC_0283-1536x971.jpg 1536w, https:\/\/www.uta.cl\/wp-content\/uploads\/2025\/01\/DSC_0283.jpg 2048w\" sizes=\"(max-width: 570px) 100vw, 570px\" \/><\/figure><\/div>\n\n\n\n<p>\u201cDespu\u00e9s de una ronda de revisiones fue publicado y estoy muy orgulloso de eso porque los primeros cinco autores son ni\u00f1os y ni\u00f1as de colegio de Chile. Es algo de patrimonio gigante, yo he trabajo como cient\u00edfico por casi 25 a\u00f1os y me emociona mucho, es nuestra obra m\u00e1s gigante\u201d, expres\u00f3 el dr. Marzullo.<\/p>\n\n\n\n<p>\u201cPara m\u00ed, Congreso Futuro, m\u00e1s que nada, fue una celebraci\u00f3n del patrimonio chileno\u201d, apunt\u00f3 el neurocient\u00edfico.<\/p>\n\n\n\n<div class=\"wp-block-image\"><figure class=\"aligncenter size-large is-resized\"><img loading=\"lazy\" src=\"https:\/\/www.uta.cl\/wp-content\/uploads\/2025\/01\/DSC_0350-1024x683.jpg\" alt=\"\" class=\"wp-image-64712\" width=\"581\" height=\"387\" srcset=\"https:\/\/www.uta.cl\/wp-content\/uploads\/2025\/01\/DSC_0350-1024x683.jpg 1024w, https:\/\/www.uta.cl\/wp-content\/uploads\/2025\/01\/DSC_0350-300x200.jpg 300w, https:\/\/www.uta.cl\/wp-content\/uploads\/2025\/01\/DSC_0350-768x512.jpg 768w, https:\/\/www.uta.cl\/wp-content\/uploads\/2025\/01\/DSC_0350-1536x1025.jpg 1536w, https:\/\/www.uta.cl\/wp-content\/uploads\/2025\/01\/DSC_0350.jpg 2048w\" sizes=\"(max-width: 581px) 100vw, 581px\" \/><\/figure><\/div>\n\n\n\n<figure class=\"wp-block-gallery columns-3 is-cropped\"><ul class=\"blocks-gallery-grid\"><li class=\"blocks-gallery-item\"><figure><a href=\"https:\/\/www.uta.cl\/wp-content\/uploads\/2025\/01\/DSC_0199.jpg\"><img loading=\"lazy\" width=\"1024\" height=\"683\" src=\"https:\/\/www.uta.cl\/wp-content\/uploads\/2025\/01\/DSC_0199-1024x683.jpg\" alt=\"\" data-id=\"64736\" data-full-url=\"https:\/\/www.uta.cl\/wp-content\/uploads\/2025\/01\/DSC_0199.jpg\" data-link=\"https:\/\/www.uta.cl\/index.php\/2025\/01\/18\/mas-de-200-personas-asistieron-a-congreso-futuro-2025-en-la-utarapaca\/dsc_0199\/\" class=\"wp-image-64736\" srcset=\"https:\/\/www.uta.cl\/wp-content\/uploads\/2025\/01\/DSC_0199-1024x683.jpg 1024w, https:\/\/www.uta.cl\/wp-content\/uploads\/2025\/01\/DSC_0199-300x200.jpg 300w, https:\/\/www.uta.cl\/wp-content\/uploads\/2025\/01\/DSC_0199-768x512.jpg 768w, https:\/\/www.uta.cl\/wp-content\/uploads\/2025\/01\/DSC_0199-1536x1024.jpg 1536w, https:\/\/www.uta.cl\/wp-content\/uploads\/2025\/01\/DSC_0199.jpg 1800w\" sizes=\"(max-width: 1024px) 100vw, 1024px\" \/><\/a><\/figure><\/li><li class=\"blocks-gallery-item\"><figure><a href=\"https:\/\/www.uta.cl\/wp-content\/uploads\/2025\/01\/DSC_0226.jpg\"><img loading=\"lazy\" width=\"1024\" height=\"683\" src=\"https:\/\/www.uta.cl\/wp-content\/uploads\/2025\/01\/DSC_0226-1024x683.jpg\" alt=\"\" data-id=\"64737\" data-full-url=\"https:\/\/www.uta.cl\/wp-content\/uploads\/2025\/01\/DSC_0226.jpg\" data-link=\"https:\/\/www.uta.cl\/index.php\/2025\/01\/18\/mas-de-200-personas-asistieron-a-congreso-futuro-2025-en-la-utarapaca\/dsc_0226\/\" class=\"wp-image-64737\" srcset=\"https:\/\/www.uta.cl\/wp-content\/uploads\/2025\/01\/DSC_0226-1024x683.jpg 1024w, https:\/\/www.uta.cl\/wp-content\/uploads\/2025\/01\/DSC_0226-300x200.jpg 300w, https:\/\/www.uta.cl\/wp-content\/uploads\/2025\/01\/DSC_0226-768x512.jpg 768w, https:\/\/www.uta.cl\/wp-content\/uploads\/2025\/01\/DSC_0226-1536x1024.jpg 1536w, https:\/\/www.uta.cl\/wp-content\/uploads\/2025\/01\/DSC_0226.jpg 1800w\" sizes=\"(max-width: 1024px) 100vw, 1024px\" \/><\/a><\/figure><\/li><li class=\"blocks-gallery-item\"><figure><a href=\"https:\/\/www.uta.cl\/wp-content\/uploads\/2025\/01\/DSC_0237.jpg\"><img loading=\"lazy\" width=\"1024\" height=\"683\" src=\"https:\/\/www.uta.cl\/wp-content\/uploads\/2025\/01\/DSC_0237-1024x683.jpg\" alt=\"\" data-id=\"64738\" data-full-url=\"https:\/\/www.uta.cl\/wp-content\/uploads\/2025\/01\/DSC_0237.jpg\" data-link=\"https:\/\/www.uta.cl\/index.php\/2025\/01\/18\/mas-de-200-personas-asistieron-a-congreso-futuro-2025-en-la-utarapaca\/dsc_0237\/\" class=\"wp-image-64738\" srcset=\"https:\/\/www.uta.cl\/wp-content\/uploads\/2025\/01\/DSC_0237-1024x683.jpg 1024w, https:\/\/www.uta.cl\/wp-content\/uploads\/2025\/01\/DSC_0237-300x200.jpg 300w, https:\/\/www.uta.cl\/wp-content\/uploads\/2025\/01\/DSC_0237-768x512.jpg 768w, https:\/\/www.uta.cl\/wp-content\/uploads\/2025\/01\/DSC_0237-1536x1024.jpg 1536w, https:\/\/www.uta.cl\/wp-content\/uploads\/2025\/01\/DSC_0237.jpg 1800w\" sizes=\"(max-width: 1024px) 100vw, 1024px\" \/><\/a><\/figure><\/li><li class=\"blocks-gallery-item\"><figure><a href=\"https:\/\/www.uta.cl\/wp-content\/uploads\/2025\/01\/DSC_0243.jpg\"><img loading=\"lazy\" width=\"1024\" height=\"683\" src=\"https:\/\/www.uta.cl\/wp-content\/uploads\/2025\/01\/DSC_0243-1024x683.jpg\" alt=\"\" data-id=\"64739\" data-full-url=\"https:\/\/www.uta.cl\/wp-content\/uploads\/2025\/01\/DSC_0243.jpg\" data-link=\"https:\/\/www.uta.cl\/index.php\/2025\/01\/18\/mas-de-200-personas-asistieron-a-congreso-futuro-2025-en-la-utarapaca\/dsc_0243-2\/\" class=\"wp-image-64739\" srcset=\"https:\/\/www.uta.cl\/wp-content\/uploads\/2025\/01\/DSC_0243-1024x683.jpg 1024w, https:\/\/www.uta.cl\/wp-content\/uploads\/2025\/01\/DSC_0243-300x200.jpg 300w, https:\/\/www.uta.cl\/wp-content\/uploads\/2025\/01\/DSC_0243-768x512.jpg 768w, https:\/\/www.uta.cl\/wp-content\/uploads\/2025\/01\/DSC_0243-1536x1024.jpg 1536w, https:\/\/www.uta.cl\/wp-content\/uploads\/2025\/01\/DSC_0243.jpg 1800w\" sizes=\"(max-width: 1024px) 100vw, 1024px\" \/><\/a><\/figure><\/li><li class=\"blocks-gallery-item\"><figure><a href=\"https:\/\/www.uta.cl\/wp-content\/uploads\/2025\/01\/DSC_0246.jpg\"><img loading=\"lazy\" width=\"1024\" height=\"683\" src=\"https:\/\/www.uta.cl\/wp-content\/uploads\/2025\/01\/DSC_0246-1024x683.jpg\" alt=\"\" data-id=\"64740\" data-full-url=\"https:\/\/www.uta.cl\/wp-content\/uploads\/2025\/01\/DSC_0246.jpg\" data-link=\"https:\/\/www.uta.cl\/index.php\/2025\/01\/18\/mas-de-200-personas-asistieron-a-congreso-futuro-2025-en-la-utarapaca\/dsc_0246\/\" class=\"wp-image-64740\" srcset=\"https:\/\/www.uta.cl\/wp-content\/uploads\/2025\/01\/DSC_0246-1024x683.jpg 1024w, https:\/\/www.uta.cl\/wp-content\/uploads\/2025\/01\/DSC_0246-300x200.jpg 300w, https:\/\/www.uta.cl\/wp-content\/uploads\/2025\/01\/DSC_0246-768x512.jpg 768w, https:\/\/www.uta.cl\/wp-content\/uploads\/2025\/01\/DSC_0246-1536x1024.jpg 1536w, https:\/\/www.uta.cl\/wp-content\/uploads\/2025\/01\/DSC_0246.jpg 1800w\" sizes=\"(max-width: 1024px) 100vw, 1024px\" \/><\/a><\/figure><\/li><li class=\"blocks-gallery-item\"><figure><a href=\"https:\/\/www.uta.cl\/wp-content\/uploads\/2025\/01\/DSC_0255.jpg\"><img loading=\"lazy\" width=\"1024\" height=\"683\" src=\"https:\/\/www.uta.cl\/wp-content\/uploads\/2025\/01\/DSC_0255-1024x683.jpg\" alt=\"\" data-id=\"64741\" data-full-url=\"https:\/\/www.uta.cl\/wp-content\/uploads\/2025\/01\/DSC_0255.jpg\" data-link=\"https:\/\/www.uta.cl\/index.php\/2025\/01\/18\/mas-de-200-personas-asistieron-a-congreso-futuro-2025-en-la-utarapaca\/dsc_0255\/\" class=\"wp-image-64741\" srcset=\"https:\/\/www.uta.cl\/wp-content\/uploads\/2025\/01\/DSC_0255-1024x683.jpg 1024w, https:\/\/www.uta.cl\/wp-content\/uploads\/2025\/01\/DSC_0255-300x200.jpg 300w, https:\/\/www.uta.cl\/wp-content\/uploads\/2025\/01\/DSC_0255-768x512.jpg 768w, https:\/\/www.uta.cl\/wp-content\/uploads\/2025\/01\/DSC_0255-1536x1024.jpg 1536w, https:\/\/www.uta.cl\/wp-content\/uploads\/2025\/01\/DSC_0255.jpg 1800w\" sizes=\"(max-width: 1024px) 100vw, 1024px\" \/><\/a><\/figure><\/li><li class=\"blocks-gallery-item\"><figure><a href=\"https:\/\/www.uta.cl\/wp-content\/uploads\/2025\/01\/DSC_0273.jpg\"><img loading=\"lazy\" width=\"1024\" height=\"683\" src=\"https:\/\/www.uta.cl\/wp-content\/uploads\/2025\/01\/DSC_0273-1024x683.jpg\" alt=\"\" data-id=\"64742\" data-full-url=\"https:\/\/www.uta.cl\/wp-content\/uploads\/2025\/01\/DSC_0273.jpg\" data-link=\"https:\/\/www.uta.cl\/index.php\/2025\/01\/18\/mas-de-200-personas-asistieron-a-congreso-futuro-2025-en-la-utarapaca\/dsc_0273\/\" class=\"wp-image-64742\" srcset=\"https:\/\/www.uta.cl\/wp-content\/uploads\/2025\/01\/DSC_0273-1024x683.jpg 1024w, https:\/\/www.uta.cl\/wp-content\/uploads\/2025\/01\/DSC_0273-300x200.jpg 300w, https:\/\/www.uta.cl\/wp-content\/uploads\/2025\/01\/DSC_0273-768x512.jpg 768w, https:\/\/www.uta.cl\/wp-content\/uploads\/2025\/01\/DSC_0273-1536x1024.jpg 1536w, https:\/\/www.uta.cl\/wp-content\/uploads\/2025\/01\/DSC_0273.jpg 1800w\" sizes=\"(max-width: 1024px) 100vw, 1024px\" \/><\/a><\/figure><\/li><li class=\"blocks-gallery-item\"><figure><a href=\"https:\/\/www.uta.cl\/wp-content\/uploads\/2025\/01\/DSC_0285.jpg\"><img loading=\"lazy\" width=\"1024\" height=\"683\" src=\"https:\/\/www.uta.cl\/wp-content\/uploads\/2025\/01\/DSC_0285-1024x683.jpg\" alt=\"\" data-id=\"64743\" data-full-url=\"https:\/\/www.uta.cl\/wp-content\/uploads\/2025\/01\/DSC_0285.jpg\" data-link=\"https:\/\/www.uta.cl\/index.php\/2025\/01\/18\/mas-de-200-personas-asistieron-a-congreso-futuro-2025-en-la-utarapaca\/dsc_0285\/\" class=\"wp-image-64743\" srcset=\"https:\/\/www.uta.cl\/wp-content\/uploads\/2025\/01\/DSC_0285-1024x683.jpg 1024w, https:\/\/www.uta.cl\/wp-content\/uploads\/2025\/01\/DSC_0285-300x200.jpg 300w, https:\/\/www.uta.cl\/wp-content\/uploads\/2025\/01\/DSC_0285-768x512.jpg 768w, https:\/\/www.uta.cl\/wp-content\/uploads\/2025\/01\/DSC_0285-1536x1024.jpg 1536w, https:\/\/www.uta.cl\/wp-content\/uploads\/2025\/01\/DSC_0285.jpg 1800w\" sizes=\"(max-width: 1024px) 100vw, 1024px\" \/><\/a><\/figure><\/li><li class=\"blocks-gallery-item\"><figure><a href=\"https:\/\/www.uta.cl\/wp-content\/uploads\/2025\/01\/DSC_0293.jpg\"><img loading=\"lazy\" width=\"1024\" height=\"683\" src=\"https:\/\/www.uta.cl\/wp-content\/uploads\/2025\/01\/DSC_0293-1024x683.jpg\" alt=\"\" data-id=\"64744\" data-full-url=\"https:\/\/www.uta.cl\/wp-content\/uploads\/2025\/01\/DSC_0293.jpg\" data-link=\"https:\/\/www.uta.cl\/index.php\/2025\/01\/18\/mas-de-200-personas-asistieron-a-congreso-futuro-2025-en-la-utarapaca\/dsc_0293-2\/\" class=\"wp-image-64744\" srcset=\"https:\/\/www.uta.cl\/wp-content\/uploads\/2025\/01\/DSC_0293-1024x683.jpg 1024w, https:\/\/www.uta.cl\/wp-content\/uploads\/2025\/01\/DSC_0293-300x200.jpg 300w, https:\/\/www.uta.cl\/wp-content\/uploads\/2025\/01\/DSC_0293-768x512.jpg 768w, https:\/\/www.uta.cl\/wp-content\/uploads\/2025\/01\/DSC_0293-1536x1024.jpg 1536w, https:\/\/www.uta.cl\/wp-content\/uploads\/2025\/01\/DSC_0293.jpg 1800w\" sizes=\"(max-width: 1024px) 100vw, 1024px\" \/><\/a><\/figure><\/li><li class=\"blocks-gallery-item\"><figure><a href=\"https:\/\/www.uta.cl\/wp-content\/uploads\/2025\/01\/DSC_0298.jpg\"><img loading=\"lazy\" width=\"1024\" height=\"683\" src=\"https:\/\/www.uta.cl\/wp-content\/uploads\/2025\/01\/DSC_0298-1024x683.jpg\" alt=\"\" data-id=\"64745\" data-full-url=\"https:\/\/www.uta.cl\/wp-content\/uploads\/2025\/01\/DSC_0298.jpg\" data-link=\"https:\/\/www.uta.cl\/index.php\/2025\/01\/18\/mas-de-200-personas-asistieron-a-congreso-futuro-2025-en-la-utarapaca\/dsc_0298-2\/\" class=\"wp-image-64745\" srcset=\"https:\/\/www.uta.cl\/wp-content\/uploads\/2025\/01\/DSC_0298-1024x683.jpg 1024w, https:\/\/www.uta.cl\/wp-content\/uploads\/2025\/01\/DSC_0298-300x200.jpg 300w, https:\/\/www.uta.cl\/wp-content\/uploads\/2025\/01\/DSC_0298-768x512.jpg 768w, https:\/\/www.uta.cl\/wp-content\/uploads\/2025\/01\/DSC_0298-1536x1024.jpg 1536w, https:\/\/www.uta.cl\/wp-content\/uploads\/2025\/01\/DSC_0298.jpg 1800w\" sizes=\"(max-width: 1024px) 100vw, 1024px\" \/><\/a><\/figure><\/li><li class=\"blocks-gallery-item\"><figure><a href=\"https:\/\/www.uta.cl\/wp-content\/uploads\/2025\/01\/DSC_0312.jpg\"><img loading=\"lazy\" width=\"1024\" height=\"683\" src=\"https:\/\/www.uta.cl\/wp-content\/uploads\/2025\/01\/DSC_0312-1024x683.jpg\" alt=\"\" data-id=\"64746\" data-full-url=\"https:\/\/www.uta.cl\/wp-content\/uploads\/2025\/01\/DSC_0312.jpg\" data-link=\"https:\/\/www.uta.cl\/index.php\/2025\/01\/18\/mas-de-200-personas-asistieron-a-congreso-futuro-2025-en-la-utarapaca\/dsc_0312\/\" class=\"wp-image-64746\" srcset=\"https:\/\/www.uta.cl\/wp-content\/uploads\/2025\/01\/DSC_0312-1024x683.jpg 1024w, https:\/\/www.uta.cl\/wp-content\/uploads\/2025\/01\/DSC_0312-300x200.jpg 300w, https:\/\/www.uta.cl\/wp-content\/uploads\/2025\/01\/DSC_0312-768x512.jpg 768w, https:\/\/www.uta.cl\/wp-content\/uploads\/2025\/01\/DSC_0312-1536x1024.jpg 1536w, https:\/\/www.uta.cl\/wp-content\/uploads\/2025\/01\/DSC_0312.jpg 1800w\" sizes=\"(max-width: 1024px) 100vw, 1024px\" \/><\/a><\/figure><\/li><li class=\"blocks-gallery-item\"><figure><a href=\"https:\/\/www.uta.cl\/wp-content\/uploads\/2025\/01\/DSC_0317.jpg\"><img loading=\"lazy\" width=\"1024\" height=\"683\" src=\"https:\/\/www.uta.cl\/wp-content\/uploads\/2025\/01\/DSC_0317-1024x683.jpg\" alt=\"\" data-id=\"64747\" data-full-url=\"https:\/\/www.uta.cl\/wp-content\/uploads\/2025\/01\/DSC_0317.jpg\" data-link=\"https:\/\/www.uta.cl\/index.php\/2025\/01\/18\/mas-de-200-personas-asistieron-a-congreso-futuro-2025-en-la-utarapaca\/dsc_0317\/\" class=\"wp-image-64747\" srcset=\"https:\/\/www.uta.cl\/wp-content\/uploads\/2025\/01\/DSC_0317-1024x683.jpg 1024w, https:\/\/www.uta.cl\/wp-content\/uploads\/2025\/01\/DSC_0317-300x200.jpg 300w, https:\/\/www.uta.cl\/wp-content\/uploads\/2025\/01\/DSC_0317-768x512.jpg 768w, https:\/\/www.uta.cl\/wp-content\/uploads\/2025\/01\/DSC_0317-1536x1024.jpg 1536w, https:\/\/www.uta.cl\/wp-content\/uploads\/2025\/01\/DSC_0317.jpg 1800w\" sizes=\"(max-width: 1024px) 100vw, 1024px\" \/><\/a><\/figure><\/li><li class=\"blocks-gallery-item\"><figure><a href=\"https:\/\/www.uta.cl\/wp-content\/uploads\/2025\/01\/DSC_0318.jpg\"><img loading=\"lazy\" width=\"1024\" height=\"683\" src=\"https:\/\/www.uta.cl\/wp-content\/uploads\/2025\/01\/DSC_0318-1024x683.jpg\" alt=\"\" data-id=\"64748\" data-full-url=\"https:\/\/www.uta.cl\/wp-content\/uploads\/2025\/01\/DSC_0318.jpg\" data-link=\"https:\/\/www.uta.cl\/index.php\/2025\/01\/18\/mas-de-200-personas-asistieron-a-congreso-futuro-2025-en-la-utarapaca\/dsc_0318\/\" class=\"wp-image-64748\" srcset=\"https:\/\/www.uta.cl\/wp-content\/uploads\/2025\/01\/DSC_0318-1024x683.jpg 1024w, https:\/\/www.uta.cl\/wp-content\/uploads\/2025\/01\/DSC_0318-300x200.jpg 300w, https:\/\/www.uta.cl\/wp-content\/uploads\/2025\/01\/DSC_0318-768x512.jpg 768w, https:\/\/www.uta.cl\/wp-content\/uploads\/2025\/01\/DSC_0318-1536x1024.jpg 1536w, https:\/\/www.uta.cl\/wp-content\/uploads\/2025\/01\/DSC_0318.jpg 1800w\" sizes=\"(max-width: 1024px) 100vw, 1024px\" \/><\/a><\/figure><\/li><li class=\"blocks-gallery-item\"><figure><a href=\"https:\/\/www.uta.cl\/wp-content\/uploads\/2025\/01\/DSC_0330.jpg\"><img loading=\"lazy\" width=\"1024\" height=\"683\" src=\"https:\/\/www.uta.cl\/wp-content\/uploads\/2025\/01\/DSC_0330-1024x683.jpg\" alt=\"\" data-id=\"64749\" data-full-url=\"https:\/\/www.uta.cl\/wp-content\/uploads\/2025\/01\/DSC_0330.jpg\" data-link=\"https:\/\/www.uta.cl\/index.php\/2025\/01\/18\/mas-de-200-personas-asistieron-a-congreso-futuro-2025-en-la-utarapaca\/dsc_0330\/\" class=\"wp-image-64749\" srcset=\"https:\/\/www.uta.cl\/wp-content\/uploads\/2025\/01\/DSC_0330-1024x683.jpg 1024w, https:\/\/www.uta.cl\/wp-content\/uploads\/2025\/01\/DSC_0330-300x200.jpg 300w, https:\/\/www.uta.cl\/wp-content\/uploads\/2025\/01\/DSC_0330-768x512.jpg 768w, https:\/\/www.uta.cl\/wp-content\/uploads\/2025\/01\/DSC_0330-1536x1024.jpg 1536w, https:\/\/www.uta.cl\/wp-content\/uploads\/2025\/01\/DSC_0330.jpg 1800w\" sizes=\"(max-width: 1024px) 100vw, 1024px\" \/><\/a><\/figure><\/li><li class=\"blocks-gallery-item\"><figure><a href=\"https:\/\/www.uta.cl\/wp-content\/uploads\/2025\/01\/DSC_0333.jpg\"><img loading=\"lazy\" width=\"1024\" height=\"683\" src=\"https:\/\/www.uta.cl\/wp-content\/uploads\/2025\/01\/DSC_0333-1024x683.jpg\" alt=\"\" data-id=\"64750\" data-full-url=\"https:\/\/www.uta.cl\/wp-content\/uploads\/2025\/01\/DSC_0333.jpg\" data-link=\"https:\/\/www.uta.cl\/index.php\/2025\/01\/18\/mas-de-200-personas-asistieron-a-congreso-futuro-2025-en-la-utarapaca\/dsc_0333\/\" class=\"wp-image-64750\" srcset=\"https:\/\/www.uta.cl\/wp-content\/uploads\/2025\/01\/DSC_0333-1024x683.jpg 1024w, https:\/\/www.uta.cl\/wp-content\/uploads\/2025\/01\/DSC_0333-300x200.jpg 300w, https:\/\/www.uta.cl\/wp-content\/uploads\/2025\/01\/DSC_0333-768x512.jpg 768w, https:\/\/www.uta.cl\/wp-content\/uploads\/2025\/01\/DSC_0333-1536x1024.jpg 1536w, https:\/\/www.uta.cl\/wp-content\/uploads\/2025\/01\/DSC_0333.jpg 1800w\" sizes=\"(max-width: 1024px) 100vw, 1024px\" \/><\/a><\/figure><\/li><li class=\"blocks-gallery-item\"><figure><a href=\"https:\/\/www.uta.cl\/wp-content\/uploads\/2025\/01\/DSC_0339.jpg\"><img loading=\"lazy\" width=\"1024\" height=\"683\" src=\"https:\/\/www.uta.cl\/wp-content\/uploads\/2025\/01\/DSC_0339-1024x683.jpg\" alt=\"\" data-id=\"64751\" data-full-url=\"https:\/\/www.uta.cl\/wp-content\/uploads\/2025\/01\/DSC_0339.jpg\" data-link=\"https:\/\/www.uta.cl\/index.php\/2025\/01\/18\/mas-de-200-personas-asistieron-a-congreso-futuro-2025-en-la-utarapaca\/dsc_0339\/\" class=\"wp-image-64751\" srcset=\"https:\/\/www.uta.cl\/wp-content\/uploads\/2025\/01\/DSC_0339-1024x683.jpg 1024w, https:\/\/www.uta.cl\/wp-content\/uploads\/2025\/01\/DSC_0339-300x200.jpg 300w, https:\/\/www.uta.cl\/wp-content\/uploads\/2025\/01\/DSC_0339-768x512.jpg 768w, https:\/\/www.uta.cl\/wp-content\/uploads\/2025\/01\/DSC_0339-1536x1024.jpg 1536w, https:\/\/www.uta.cl\/wp-content\/uploads\/2025\/01\/DSC_0339.jpg 1800w\" sizes=\"(max-width: 1024px) 100vw, 1024px\" \/><\/a><\/figure><\/li><li class=\"blocks-gallery-item\"><figure><a href=\"https:\/\/www.uta.cl\/wp-content\/uploads\/2025\/01\/DSC_0345.jpg\"><img loading=\"lazy\" width=\"1024\" height=\"683\" src=\"https:\/\/www.uta.cl\/wp-content\/uploads\/2025\/01\/DSC_0345-1024x683.jpg\" alt=\"\" data-id=\"64752\" data-full-url=\"https:\/\/www.uta.cl\/wp-content\/uploads\/2025\/01\/DSC_0345.jpg\" data-link=\"https:\/\/www.uta.cl\/index.php\/2025\/01\/18\/mas-de-200-personas-asistieron-a-congreso-futuro-2025-en-la-utarapaca\/dsc_0345\/\" class=\"wp-image-64752\" srcset=\"https:\/\/www.uta.cl\/wp-content\/uploads\/2025\/01\/DSC_0345-1024x683.jpg 1024w, https:\/\/www.uta.cl\/wp-content\/uploads\/2025\/01\/DSC_0345-300x200.jpg 300w, https:\/\/www.uta.cl\/wp-content\/uploads\/2025\/01\/DSC_0345-768x512.jpg 768w, https:\/\/www.uta.cl\/wp-content\/uploads\/2025\/01\/DSC_0345-1536x1024.jpg 1536w, https:\/\/www.uta.cl\/wp-content\/uploads\/2025\/01\/DSC_0345.jpg 1800w\" sizes=\"(max-width: 1024px) 100vw, 1024px\" \/><\/a><\/figure><\/li><\/ul><\/figure>\n","protected":false},"excerpt":{"rendered":"<p>La casa de estudios nuevamente fue la anfitriona regional del evento de divulgaci\u00f3n cient\u00edfica m\u00e1s importante de latinoam\u00e9rica, albergando tem\u00e1ticas relacionadas a la innovaci\u00f3n educativa y el desarrollo de la realidad aumentada.<\/p>\n","protected":false},"author":13,"featured_media":64714,"comment_status":"open","ping_status":"open","sticky":false,"template":"","format":"standard","meta":[],"categories":[315,316],"tags":[],"_links":{"self":[{"href":"https:\/\/www.uta.cl\/index.php\/wp-json\/wp\/v2\/posts\/64708"}],"collection":[{"href":"https:\/\/www.uta.cl\/index.php\/wp-json\/wp\/v2\/posts"}],"about":[{"href":"https:\/\/www.uta.cl\/index.php\/wp-json\/wp\/v2\/types\/post"}],"author":[{"embeddable":true,"href":"https:\/\/www.uta.cl\/index.php\/wp-json\/wp\/v2\/users\/13"}],"replies":[{"embeddable":true,"href":"https:\/\/www.uta.cl\/index.php\/wp-json\/wp\/v2\/comments?post=64708"}],"version-history":[{"count":3,"href":"https:\/\/www.uta.cl\/index.php\/wp-json\/wp\/v2\/posts\/64708\/revisions"}],"predecessor-version":[{"id":64754,"href":"https:\/\/www.uta.cl\/index.php\/wp-json\/wp\/v2\/posts\/64708\/revisions\/64754"}],"wp:featuredmedia":[{"embeddable":true,"href":"https:\/\/www.uta.cl\/index.php\/wp-json\/wp\/v2\/media\/64714"}],"wp:attachment":[{"href":"https:\/\/www.uta.cl\/index.php\/wp-json\/wp\/v2\/media?parent=64708"}],"wp:term":[{"taxonomy":"category","embeddable":true,"href":"https:\/\/www.uta.cl\/index.php\/wp-json\/wp\/v2\/categories?post=64708"},{"taxonomy":"post_tag","embeddable":true,"href":"https:\/\/www.uta.cl\/index.php\/wp-json\/wp\/v2\/tags?post=64708"}],"curies":[{"name":"wp","href":"https:\/\/api.w.org\/{rel}","templated":true}]}}