{"id":64184,"date":"2024-12-16T12:03:00","date_gmt":"2024-12-16T12:03:00","guid":{"rendered":"https:\/\/www.uta.cl\/?p=64184"},"modified":"2025-02-27T15:42:18","modified_gmt":"2025-02-27T15:42:18","slug":"utarapaca-conmemoro-el-dia-internacional-de-la-eliminacion-de-la-violencia-contra-la-mujer-con-exposicion-de-especialista-en-etica-feminismo-y-derechos-humanos","status":"publish","type":"post","link":"https:\/\/www.uta.cl\/index.php\/2024\/12\/16\/utarapaca-conmemoro-el-dia-internacional-de-la-eliminacion-de-la-violencia-contra-la-mujer-con-exposicion-de-especialista-en-etica-feminismo-y-derechos-humanos\/","title":{"rendered":"UTarapac\u00e1 conmemor\u00f3 el D\u00eda Internacional de la Eliminaci\u00f3n de la Violencia contra la Mujer con exposici\u00f3n de especialista en \u00c9tica, Feminismo y Derechos Humanos"},"content":{"rendered":"\n<div class=\"wp-block-image\"><figure class=\"aligncenter size-large is-resized\"><img loading=\"lazy\" src=\"https:\/\/www.uta.cl\/wp-content\/uploads\/2024\/12\/1734436872956-1024x768.jpg\" alt=\"\" class=\"wp-image-64185\" width=\"594\" height=\"446\" srcset=\"https:\/\/www.uta.cl\/wp-content\/uploads\/2024\/12\/1734436872956-1024x768.jpg 1024w, https:\/\/www.uta.cl\/wp-content\/uploads\/2024\/12\/1734436872956-300x225.jpg 300w, https:\/\/www.uta.cl\/wp-content\/uploads\/2024\/12\/1734436872956-768x576.jpg 768w, https:\/\/www.uta.cl\/wp-content\/uploads\/2024\/12\/1734436872956-1536x1152.jpg 1536w, https:\/\/www.uta.cl\/wp-content\/uploads\/2024\/12\/1734436872956.jpg 2048w\" sizes=\"(max-width: 594px) 100vw, 594px\" \/><\/figure><\/div>\n\n\n\n<p>En el marco de la conmemoraci\u00f3n por el D\u00eda Internacional de la Eliminaci\u00f3n de la Violencia contra la Mujer, la Direcci\u00f3n de Equidad y G\u00e9nero (DEyGEN) de la Universidad de Tarapac\u00e1 (UTA) invit\u00f3 a la acad\u00e9mica y directora del Programa G\u00e9nero, Derecho y Justicia Social de la Universidad Alberto Hurtado, Dra. Lieta Vivaldi Macho, a dictar la charla magistral &#8220;Violencia contra las mujeres: Nuevas normativas y formas de prevenci\u00f3n&#8221;.<\/p>\n\n\n\n<p>\u201cLas actividades de conmemoraci\u00f3n han reafirmado el compromiso institucional con el fortalecimiento de espacios universitarios libres de cualquier forma de violencia y en particular la violencia de g\u00e9nero, y contin\u00faa con las acciones que se desprenden del marco normativo dispuesto por la ley 21.369, que regula el acoso sexual, la violencia y la discriminaci\u00f3n de g\u00e9nero en el \u00e1mbito de la educaci\u00f3n superior, y que hemos difundido activamente durante todo el a\u00f1o 2024 mediante diferentes acciones de capacitaci\u00f3n y sensibilizaci\u00f3n con la comunidad universitaria para transversalizar la perspectiva de g\u00e9nero en todo el quehacer institucional\u201d, destac\u00f3 la directora, Jacqueline Godoy.<\/p>\n\n\n\n<div class=\"wp-block-image\"><figure class=\"aligncenter size-large is-resized\"><img loading=\"lazy\" src=\"https:\/\/www.uta.cl\/wp-content\/uploads\/2024\/12\/1734436872950-1024x768.jpg\" alt=\"\" class=\"wp-image-64186\" width=\"517\" height=\"388\" srcset=\"https:\/\/www.uta.cl\/wp-content\/uploads\/2024\/12\/1734436872950-1024x768.jpg 1024w, https:\/\/www.uta.cl\/wp-content\/uploads\/2024\/12\/1734436872950-300x225.jpg 300w, https:\/\/www.uta.cl\/wp-content\/uploads\/2024\/12\/1734436872950-768x576.jpg 768w, https:\/\/www.uta.cl\/wp-content\/uploads\/2024\/12\/1734436872950-1536x1152.jpg 1536w, https:\/\/www.uta.cl\/wp-content\/uploads\/2024\/12\/1734436872950.jpg 2048w\" sizes=\"(max-width: 517px) 100vw, 517px\" \/><\/figure><\/div>\n\n\n\n<p>Durante su exposici\u00f3n, la Dra. Vivaldi, quien es especialista en derechos sexuales y reproductivos, sociolog\u00eda jur\u00eddica, biopol\u00edtica, \u00e9tica y feminismos, se\u00f1al\u00f3 el \u201cc\u00f3mo podemos generar mejores formas de prevenci\u00f3n y de qu\u00e9 forma las legislaciones respecto a la violencia contra las mujeres y contra diversidades ha posibilitado un verdadero corpus con el que podemos hablar de las diversas regulaciones que intentan abordar la materia\u201d.&nbsp;<\/p>\n\n\n\n<p>Sin embargo, la experta indic\u00f3 que si bien estas regulaciones enfatizan la importancia de la prevenci\u00f3n, este punto ha sido m\u00e1s dif\u00edcil de instalar: \u201cJustamente en prevenci\u00f3n hablamos de sensibilizar, de entender c\u00f3mo estas situaciones de las relaciones de poder se materializan en que finalmente haya una parte de la poblaci\u00f3n, que son las mujeres y diversidades, se han visto hist\u00f3ricamente como de segunda clase, podr\u00edamos decir, o como ciudadanas de segunda categor\u00eda\u201d.<\/p>\n\n\n\n<div class=\"wp-block-image\"><figure class=\"aligncenter size-large is-resized\"><img loading=\"lazy\" src=\"https:\/\/www.uta.cl\/wp-content\/uploads\/2024\/12\/1734436872944-1024x768.jpg\" alt=\"\" class=\"wp-image-64188\" width=\"489\" height=\"367\" srcset=\"https:\/\/www.uta.cl\/wp-content\/uploads\/2024\/12\/1734436872944-1024x768.jpg 1024w, https:\/\/www.uta.cl\/wp-content\/uploads\/2024\/12\/1734436872944-300x225.jpg 300w, https:\/\/www.uta.cl\/wp-content\/uploads\/2024\/12\/1734436872944-768x576.jpg 768w, https:\/\/www.uta.cl\/wp-content\/uploads\/2024\/12\/1734436872944-1536x1152.jpg 1536w, https:\/\/www.uta.cl\/wp-content\/uploads\/2024\/12\/1734436872944.jpg 2048w\" sizes=\"(max-width: 489px) 100vw, 489px\" \/><\/figure><\/div>\n\n\n\n<p>Seguido de la charla magistral, el an\u00e1lisis fue acompa\u00f1ado por un panel de conversaci\u00f3n conformado por la decana de la Facultad de Derecho de la UTA, Dra. Claudia Moraga; la abogada regional del Servicio Nacional de la Mujer, Elizabeth Lewin; y la presidenta de la ONG Madre Nativa, Yasna Cuadros.&nbsp;<\/p>\n\n\n\n<p>Adicionalmente, durante su visita la acad\u00e9mica tambi\u00e9n particip\u00f3 de un taller con el proyecto InES G\u00e9nero de la universidad, para analizar los avances y desaf\u00edos en torno a la visibilizaci\u00f3n de la violencia hacia mujeres y diversidades sexogen\u00e9ricas en el contexto universitario.&nbsp;<\/p>\n\n\n\n<p>En este contexto, el director general de Investigaci\u00f3n e Innovaci\u00f3n, Dr. Ignacio Jessop, quien tambi\u00e9n es director del proyecto InES G\u00e9nero, indic\u00f3 que \u201cen nuestro proyecto uno de sus objetivos tiene que ver con avanzar en reducir brechas y esas brechas es importante diagnosticarlas y se diagnostican, por ejemplo, revisando las pol\u00edticas que tenemos y c\u00f3mo podemos ir introduciendo mejoras en esas pol\u00edticas. Y en ese contexto se da el taller que le pedimos a la doctora Vivaldi que justamente tiene que ver con c\u00f3mo podemos mirar esas pol\u00edticas y c\u00f3mo podemos introducir algunos elementos que contribuyan a reducir brechas en nuestras academias\u201d.&nbsp;<\/p>\n\n\n\n<p>En esta l\u00ednea, la Dra. Vivaldi valor\u00f3 la instancia de di\u00e1logo con el proyecto: \u201cA veces uno se centra en los desaf\u00edos pendientes y dejamos de ver el hecho de que existe hoy en d\u00eda una institucionalidad sobre las pol\u00edticas de g\u00e9nero que nos ha permitido conversar de las tem\u00e1ticas, abordarlas, generar pol\u00edticas p\u00fablicas y tambi\u00e9n evaluarlas de forma que se vayan produciendo relaciones entre las personas que convivimos en una universidad de forma m\u00e1s justa\u201d.<\/p>\n\n\n\n<div class=\"wp-block-image\"><figure class=\"aligncenter size-large is-resized\"><img loading=\"lazy\" src=\"https:\/\/www.uta.cl\/wp-content\/uploads\/2024\/12\/1734436872962-1024x768.jpg\" alt=\"\" class=\"wp-image-64187\" width=\"489\" height=\"367\" srcset=\"https:\/\/www.uta.cl\/wp-content\/uploads\/2024\/12\/1734436872962-1024x768.jpg 1024w, https:\/\/www.uta.cl\/wp-content\/uploads\/2024\/12\/1734436872962-300x225.jpg 300w, https:\/\/www.uta.cl\/wp-content\/uploads\/2024\/12\/1734436872962-768x576.jpg 768w, https:\/\/www.uta.cl\/wp-content\/uploads\/2024\/12\/1734436872962-1536x1152.jpg 1536w, https:\/\/www.uta.cl\/wp-content\/uploads\/2024\/12\/1734436872962.jpg 2048w\" sizes=\"(max-width: 489px) 100vw, 489px\" \/><\/figure><\/div>\n","protected":false},"excerpt":{"rendered":"<p>Durante su visita, la acad\u00e9mica tambi\u00e9n particip\u00f3 de un taller con el proyecto InES G\u00e9nero de la universidad, para analizar los avances y desaf\u00edos en torno a la visibilizaci\u00f3n de la violencia hacia mujeres y diversidades sexogen\u00e9ricas en el contexto universitario. <\/p>\n","protected":false},"author":13,"featured_media":64185,"comment_status":"open","ping_status":"open","sticky":false,"template":"","format":"standard","meta":[],"categories":[45,316],"tags":[],"_links":{"self":[{"href":"https:\/\/www.uta.cl\/index.php\/wp-json\/wp\/v2\/posts\/64184"}],"collection":[{"href":"https:\/\/www.uta.cl\/index.php\/wp-json\/wp\/v2\/posts"}],"about":[{"href":"https:\/\/www.uta.cl\/index.php\/wp-json\/wp\/v2\/types\/post"}],"author":[{"embeddable":true,"href":"https:\/\/www.uta.cl\/index.php\/wp-json\/wp\/v2\/users\/13"}],"replies":[{"embeddable":true,"href":"https:\/\/www.uta.cl\/index.php\/wp-json\/wp\/v2\/comments?post=64184"}],"version-history":[{"count":1,"href":"https:\/\/www.uta.cl\/index.php\/wp-json\/wp\/v2\/posts\/64184\/revisions"}],"predecessor-version":[{"id":64189,"href":"https:\/\/www.uta.cl\/index.php\/wp-json\/wp\/v2\/posts\/64184\/revisions\/64189"}],"wp:featuredmedia":[{"embeddable":true,"href":"https:\/\/www.uta.cl\/index.php\/wp-json\/wp\/v2\/media\/64185"}],"wp:attachment":[{"href":"https:\/\/www.uta.cl\/index.php\/wp-json\/wp\/v2\/media?parent=64184"}],"wp:term":[{"taxonomy":"category","embeddable":true,"href":"https:\/\/www.uta.cl\/index.php\/wp-json\/wp\/v2\/categories?post=64184"},{"taxonomy":"post_tag","embeddable":true,"href":"https:\/\/www.uta.cl\/index.php\/wp-json\/wp\/v2\/tags?post=64184"}],"curies":[{"name":"wp","href":"https:\/\/api.w.org\/{rel}","templated":true}]}}