{"id":64172,"date":"2024-12-16T22:04:00","date_gmt":"2024-12-16T22:04:00","guid":{"rendered":"https:\/\/www.uta.cl\/?p=64172"},"modified":"2024-12-27T00:48:54","modified_gmt":"2024-12-27T00:48:54","slug":"43o-aniversario-ocho-academicos-y-funcionarios-de-gestion-acogidos-a-retiro-recibieron-la-medalla-al-merito-universitario","status":"publish","type":"post","link":"https:\/\/www.uta.cl\/index.php\/2024\/12\/16\/43o-aniversario-ocho-academicos-y-funcionarios-de-gestion-acogidos-a-retiro-recibieron-la-medalla-al-merito-universitario\/","title":{"rendered":"43\u00ba Aniversario: Ocho acad\u00e9micos y funcionarios de gesti\u00f3n acogidos a retiro recibieron la medalla al M\u00e9rito Universitario"},"content":{"rendered":"\n<div class=\"wp-block-image\"><figure class=\"aligncenter size-large is-resized\"><img loading=\"lazy\" src=\"https:\/\/www.uta.cl\/wp-content\/uploads\/2024\/12\/1734385088661-1024x768.jpg\" alt=\"\" class=\"wp-image-64173\" width=\"584\" height=\"438\" srcset=\"https:\/\/www.uta.cl\/wp-content\/uploads\/2024\/12\/1734385088661-1024x768.jpg 1024w, https:\/\/www.uta.cl\/wp-content\/uploads\/2024\/12\/1734385088661-300x225.jpg 300w, https:\/\/www.uta.cl\/wp-content\/uploads\/2024\/12\/1734385088661-768x576.jpg 768w, https:\/\/www.uta.cl\/wp-content\/uploads\/2024\/12\/1734385088661-1536x1152.jpg 1536w, https:\/\/www.uta.cl\/wp-content\/uploads\/2024\/12\/1734385088661.jpg 2048w\" sizes=\"(max-width: 584px) 100vw, 584px\" \/><\/figure><\/div>\n\n\n\n<p>En el marco de las actividades de conmemoraci\u00f3n por el 43\u00b0 aniversario de la Universidad de Tarapac\u00e1, ocho acad\u00e9micos y funcionarios de gesti\u00f3n acogidos a retiro fueron reconocidos por el aporte de sus conocimientos, experiencias y entrega durante gran parte de sus vidas al desarrollo de la casa de estudios.<\/p>\n\n\n\n<p>\u201cLa instituci\u00f3n tiene que ser capaz de mirar hacia el futuro siempre, porque todo lo que estamos haciendo hoy va a tener repercusiones en el futuro, pero tambi\u00e9n tiene que ser capaz de mirar hacia el pasado; todo lo obrado, todo lo construido, todo lo logrado, y en ese marco tiene que ser capaz de identificar a aquellas personas que han dejado huella en nuestra casa de estudios\u201d, apunt\u00f3 el rector, Dr. Emilio Rodr\u00edguez Ponce.<\/p>\n\n\n\n<div class=\"wp-block-image\"><figure class=\"aligncenter size-large is-resized\"><img loading=\"lazy\" src=\"https:\/\/www.uta.cl\/wp-content\/uploads\/2024\/12\/1734385088687-1024x717.jpg\" alt=\"\" class=\"wp-image-64177\" width=\"569\" height=\"398\" srcset=\"https:\/\/www.uta.cl\/wp-content\/uploads\/2024\/12\/1734385088687-1024x717.jpg 1024w, https:\/\/www.uta.cl\/wp-content\/uploads\/2024\/12\/1734385088687-300x210.jpg 300w, https:\/\/www.uta.cl\/wp-content\/uploads\/2024\/12\/1734385088687-768x538.jpg 768w, https:\/\/www.uta.cl\/wp-content\/uploads\/2024\/12\/1734385088687-1536x1076.jpg 1536w, https:\/\/www.uta.cl\/wp-content\/uploads\/2024\/12\/1734385088687.jpg 2048w\" sizes=\"(max-width: 569px) 100vw, 569px\" \/><\/figure><\/div>\n\n\n\n<p>El acad\u00e9mico Edmundo Lazo N\u00fanez, nacido en Valpara\u00edso en 1948, dedic\u00f3 50 a\u00f1os a la docencia e investigaci\u00f3n en F\u00edsica en la Universidad de Chile y la Universidad de Tarapac\u00e1. Ejerci\u00f3 cargos como director del Departamento de F\u00edsica, decano de la Facultad de Ciencia, integrante de la Junta Directiva, secretario del Consejo Nacional de Decanos de Ciencias de Chile, y fue presidente y cofundador de la Agrupaci\u00f3n de F\u00edsicos de la Regi\u00f3n Norte por casi 20 a\u00f1os.<\/p>\n\n\n\n<p>\u201cLa Universidad est\u00e1 hecha por acad\u00e9micos, por estudiantes y por funcionarios, cada uno cumple su rol y valoramos cada uno de los roles porque ninguno funciona sin el otro. Desde aqu\u00ed tengo palabras de agradecimiento, obviamente a mis estudiantes, no a los m\u00edos, me refiero a los estudiantes de la Universidad, porque han hecho soporte de enriquecernos con sus luchas, sus sue\u00f1os y anhelos, nos han hecho exigirnos m\u00e1s como docentes, a los administrativos que nos han permitido realmente realizar la labor acad\u00e9mica\u201d, manifest\u00f3 Lazo durante la ceremonia.<\/p>\n\n\n\n<div class=\"wp-block-image\"><figure class=\"aligncenter size-large is-resized\"><img loading=\"lazy\" src=\"https:\/\/www.uta.cl\/wp-content\/uploads\/2024\/12\/1734385088683-1024x768.jpg\" alt=\"\" class=\"wp-image-64174\" width=\"531\" height=\"398\" srcset=\"https:\/\/www.uta.cl\/wp-content\/uploads\/2024\/12\/1734385088683-1024x768.jpg 1024w, https:\/\/www.uta.cl\/wp-content\/uploads\/2024\/12\/1734385088683-300x225.jpg 300w, https:\/\/www.uta.cl\/wp-content\/uploads\/2024\/12\/1734385088683-768x576.jpg 768w, https:\/\/www.uta.cl\/wp-content\/uploads\/2024\/12\/1734385088683-1536x1152.jpg 1536w, https:\/\/www.uta.cl\/wp-content\/uploads\/2024\/12\/1734385088683.jpg 2048w\" sizes=\"(max-width: 531px) 100vw, 531px\" \/><\/figure><\/div>\n\n\n\n<p>La funcionaria de gesti\u00f3n Julia Villanueva Molina, secretaria ejecutiva biling\u00fce egresada de la Universidad del Norte, inici\u00f3 su labor en 1980, ocupando diversos roles en unidades acad\u00e9micas y administrativas. Con la creaci\u00f3n de la UTA, asumi\u00f3 como secretaria en la Facultad de Administraci\u00f3n y Econom\u00eda (FAE), m\u00e1s tarde Facultad de Ciencias Sociales y Jur\u00eddicas. Durante 40 a\u00f1os se caracteriz\u00f3 por su responsabilidad, eficiencia, calidad humana y compromiso con la instituci\u00f3n.<\/p>\n\n\n\n<p>\u201cAl final es una vida de trabajo, estoy contenta, porque quiero a la universidad. Llegu\u00e9 a la universidad cuando reci\u00e9n estaba comenzando, entonces para m\u00ed es como un hijo\u201d, expres\u00f3 Villanueva.<\/p>\n\n\n\n<div class=\"wp-block-image\"><figure class=\"aligncenter size-large is-resized\"><img loading=\"lazy\" src=\"https:\/\/www.uta.cl\/wp-content\/uploads\/2024\/12\/1734385088648-1024x768.jpg\" alt=\"\" class=\"wp-image-64175\" width=\"533\" height=\"400\" srcset=\"https:\/\/www.uta.cl\/wp-content\/uploads\/2024\/12\/1734385088648-1024x768.jpg 1024w, https:\/\/www.uta.cl\/wp-content\/uploads\/2024\/12\/1734385088648-300x225.jpg 300w, https:\/\/www.uta.cl\/wp-content\/uploads\/2024\/12\/1734385088648-768x576.jpg 768w, https:\/\/www.uta.cl\/wp-content\/uploads\/2024\/12\/1734385088648-1536x1152.jpg 1536w, https:\/\/www.uta.cl\/wp-content\/uploads\/2024\/12\/1734385088648.jpg 2048w\" sizes=\"(max-width: 533px) 100vw, 533px\" \/><\/figure><\/div>\n\n\n\n<p>El acad\u00e9mico Amador Torres Hern\u00e1ndez ingres\u00f3 en 1976 al Departamento de Agricultura de la Universidad del Norte, sede Arica. Fue director del Instituto de Agronom\u00eda y director de la Junta Directiva de la UTA. Especialista en manejo de suelos y aguas, particip\u00f3 en proyectos FONDEF y MECESUP, y fue representante de la UTA ante el Comit\u00e9 Nacional del Programa Hidrol\u00f3gico Internacional de la UNESCO.<\/p>\n\n\n\n<p>\u201cUno se llena de alegr\u00eda, porque se le vienen recuerdos de todo un d\u00eda aqu\u00ed en la universidad, momentos tristes a veces, pero afortunadamente la mayor\u00eda han sido alegres. Es grato volver a este lugar, uno se siente m\u00e1s joven y esto que nos hayan dicho, que uno aport\u00f3 algo, es importante; uno siente en el coraz\u00f3n que palpita m\u00e1s r\u00e1pido\u201d, coment\u00f3 Torres.<\/p>\n\n\n\n<div class=\"wp-block-image\"><figure class=\"aligncenter size-large is-resized\"><img loading=\"lazy\" src=\"https:\/\/www.uta.cl\/wp-content\/uploads\/2024\/12\/1734385088673-1024x768.jpg\" alt=\"\" class=\"wp-image-64176\" width=\"537\" height=\"403\" srcset=\"https:\/\/www.uta.cl\/wp-content\/uploads\/2024\/12\/1734385088673-1024x768.jpg 1024w, https:\/\/www.uta.cl\/wp-content\/uploads\/2024\/12\/1734385088673-300x225.jpg 300w, https:\/\/www.uta.cl\/wp-content\/uploads\/2024\/12\/1734385088673-768x576.jpg 768w, https:\/\/www.uta.cl\/wp-content\/uploads\/2024\/12\/1734385088673-1536x1152.jpg 1536w, https:\/\/www.uta.cl\/wp-content\/uploads\/2024\/12\/1734385088673.jpg 2048w\" sizes=\"(max-width: 537px) 100vw, 537px\" \/><\/figure><\/div>\n\n\n\n<p>La acad\u00e9mica Mar\u00eda Isabel V\u00e1squez Rojas, enfermera y docente con m\u00e1s de 20 a\u00f1os de experiencia en la Facultad de Ciencias de la Salud de la UTA, fue directora del Departamento de Enfermer\u00eda en diversos periodos, donde encabez\u00f3 el dise\u00f1o y desarrollo del primer Centro de Simulaci\u00f3n Cl\u00ednica en el Norte de Chile. Actualmente es secretaria del Grupo Internacional Regional Hispanohablante en Latinoam\u00e9rica de la Asociaci\u00f3n Internacional de Enfermer\u00eda para el Aprendizaje en Simulaci\u00f3n Cl\u00ednica.<\/p>\n\n\n\n<p>\u201cPara m\u00ed es un gran honor el considerar el trabajo que uno hace, que a veces uno dice, pucha, tanto sacrificio, pero tiene su fruto. Es algo gratificante, emocionante, que te reconozcan todo tu trabajo y tu esfuerzo con este merecido y hermoso regalo\u201d, se\u00f1al\u00f3 V\u00e1squez.<\/p>\n\n\n\n<div class=\"wp-block-image\"><figure class=\"aligncenter size-large is-resized\"><img loading=\"lazy\" src=\"https:\/\/www.uta.cl\/wp-content\/uploads\/2024\/12\/1734385088670-1024x768.jpg\" alt=\"\" class=\"wp-image-64178\" width=\"525\" height=\"394\" srcset=\"https:\/\/www.uta.cl\/wp-content\/uploads\/2024\/12\/1734385088670-1024x768.jpg 1024w, https:\/\/www.uta.cl\/wp-content\/uploads\/2024\/12\/1734385088670-300x225.jpg 300w, https:\/\/www.uta.cl\/wp-content\/uploads\/2024\/12\/1734385088670-768x576.jpg 768w, https:\/\/www.uta.cl\/wp-content\/uploads\/2024\/12\/1734385088670-1536x1152.jpg 1536w, https:\/\/www.uta.cl\/wp-content\/uploads\/2024\/12\/1734385088670.jpg 2048w\" sizes=\"(max-width: 525px) 100vw, 525px\" \/><\/figure><\/div>\n\n\n\n<p>El acad\u00e9mico Omar Gonz\u00e1lez Fajardo ingres\u00f3 a la Universidad de Chile sede Arica, en 1973. Es profesor de Educaci\u00f3n Primaria, especialista en Artes Pl\u00e1sticas, m\u00e1ster y doctor en Tecnolog\u00eda de la Educaci\u00f3n por la U. de Salamanca. En la UTA se desempe\u00f1\u00f3 como acad\u00e9mico del Departamento de Educaci\u00f3n, es autor de numerosos art\u00edculos de la metodolog\u00eda de las artes pl\u00e1sticas y contribuy\u00f3 a la identidad institucional al dise\u00f1ar la bandera y el escudo institucional, aprobados mediante decreto exento de rector\u00eda en 1982.<\/p>\n\n\n\n<p>\u201c\u00bfQu\u00e9 te puedo decir? es algo para m\u00ed grandioso, de repente hay cosas que van quedando como estas, que te sirven realmente para darse cuenta uno que en la vida hizo algo y eso es importante\u201d, expres\u00f3 Gonz\u00e1lez.<\/p>\n\n\n\n<div class=\"wp-block-image\"><figure class=\"aligncenter size-large is-resized\"><img loading=\"lazy\" src=\"https:\/\/www.uta.cl\/wp-content\/uploads\/2024\/12\/1734386363559-1024x768.jpg\" alt=\"\" class=\"wp-image-64179\" width=\"526\" height=\"394\" srcset=\"https:\/\/www.uta.cl\/wp-content\/uploads\/2024\/12\/1734386363559-1024x768.jpg 1024w, https:\/\/www.uta.cl\/wp-content\/uploads\/2024\/12\/1734386363559-300x225.jpg 300w, https:\/\/www.uta.cl\/wp-content\/uploads\/2024\/12\/1734386363559-768x576.jpg 768w, https:\/\/www.uta.cl\/wp-content\/uploads\/2024\/12\/1734386363559-1536x1152.jpg 1536w, https:\/\/www.uta.cl\/wp-content\/uploads\/2024\/12\/1734386363559.jpg 2048w\" sizes=\"(max-width: 526px) 100vw, 526px\" \/><\/figure><\/div>\n\n\n\n<p>La funcionaria de gesti\u00f3n Rosa Ortiz Rojas es contadora auditora, mag\u00edster en liderazgo y gesti\u00f3n de organizaciones por la UTA, desde su ingres\u00f3 en 1985 dedic\u00f3 su trayectoria profesional a la administraci\u00f3n del Fondo Solidario de Cr\u00e9dito Universitario llegando a ser directora del departamento responsable de estos fondos.&nbsp;<\/p>\n\n\n\n<p>\u201cEn los a\u00f1os que estuve ac\u00e1 form\u00e9 mi familia, conoc\u00ed amistades, tuve buenos jefes. Creo que sembr\u00e9 una semillita de cari\u00f1o y de amistad con mis pares porque hasta el d\u00eda de hoy yo siento que me recuerdan como yo tambi\u00e9n a ellos. Agradecimientos a la U, porque no me imagino que hubiera estado en otro lugar, doy gracias a Dios por haber sido parte de esta familia\u201d, apunt\u00f3 Ortiz.<\/p>\n\n\n\n<div class=\"wp-block-image\"><figure class=\"aligncenter size-large is-resized\"><img loading=\"lazy\" src=\"https:\/\/www.uta.cl\/wp-content\/uploads\/2024\/12\/1734385088656-1024x803.jpg\" alt=\"\" class=\"wp-image-64180\" width=\"503\" height=\"394\" srcset=\"https:\/\/www.uta.cl\/wp-content\/uploads\/2024\/12\/1734385088656-1024x803.jpg 1024w, https:\/\/www.uta.cl\/wp-content\/uploads\/2024\/12\/1734385088656-300x235.jpg 300w, https:\/\/www.uta.cl\/wp-content\/uploads\/2024\/12\/1734385088656-768x602.jpg 768w, https:\/\/www.uta.cl\/wp-content\/uploads\/2024\/12\/1734385088656-1536x1205.jpg 1536w, https:\/\/www.uta.cl\/wp-content\/uploads\/2024\/12\/1734385088656.jpg 2048w\" sizes=\"(max-width: 503px) 100vw, 503px\" \/><\/figure><\/div>\n\n\n\n<p>El funcionario de gesti\u00f3n V\u00edctor Altamirano Oyarz\u00fan, estudi\u00f3 Pedagog\u00eda en Educaci\u00f3n F\u00edsica en la U. de Chile sede Arica y obtuvo un mag\u00edster en Educaci\u00f3n por la UTA. Inici\u00f3 su carrera docente en 1983 donde desarroll\u00f3 funciones tanto en el \u00e1mbito municipal como universitario. Durante sus 27 a\u00f1os de servicio asumi\u00f3 la coordinaci\u00f3n del proceso de admisi\u00f3n a las universidades del CRUCH y fue reconocido por diversos establecimientos educacionales, actualmente integra el equipo de convivencia escolar del Colegio Saucache.<\/p>\n\n\n\n<p>\u201cAgradecer a la autoridad y a toda la universidad porque uno entrega la vida por la instituci\u00f3n y es bonito que tambi\u00e9n se le reconozca. Es una instituci\u00f3n muy familiar para m\u00ed y siempre quise trabajar ac\u00e1 y creo que lo hice con mucho cari\u00f1o y entusiasmo\u201d, afirm\u00f3 Altamirano.<\/p>\n\n\n\n<div class=\"wp-block-image\"><figure class=\"aligncenter size-large is-resized\"><img loading=\"lazy\" src=\"https:\/\/www.uta.cl\/wp-content\/uploads\/2024\/12\/1734385088642-1024x768.jpg\" alt=\"\" class=\"wp-image-64181\" width=\"491\" height=\"368\" srcset=\"https:\/\/www.uta.cl\/wp-content\/uploads\/2024\/12\/1734385088642-1024x768.jpg 1024w, https:\/\/www.uta.cl\/wp-content\/uploads\/2024\/12\/1734385088642-300x225.jpg 300w, https:\/\/www.uta.cl\/wp-content\/uploads\/2024\/12\/1734385088642-768x576.jpg 768w, https:\/\/www.uta.cl\/wp-content\/uploads\/2024\/12\/1734385088642-1536x1152.jpg 1536w, https:\/\/www.uta.cl\/wp-content\/uploads\/2024\/12\/1734385088642.jpg 2048w\" sizes=\"(max-width: 491px) 100vw, 491px\" \/><\/figure><\/div>\n\n\n\n<p>La acad\u00e9mica Elisa Rojas Espinoza dedic\u00f3 su carrera al estudio de la radiaci\u00f3n solar ultravioleta, se desempe\u00f1\u00f3 como docente e investigadora del Laboratorio de Radiaci\u00f3n Solar de la Facultad de Ciencias de la UTA. Con una amplia experiencia internacional, coautora de m\u00e1s de 70 trabajos presentados en congresos y 20 publicaciones en revistas especializadas, fue reconocida por su labor docente y divulgativa en su compromiso con la prevenci\u00f3n ante la radiaci\u00f3n UV. Su reconocimiento fue recibido por una colega en representaci\u00f3n.<\/p>\n","protected":false},"excerpt":{"rendered":"<p>El reconocimiento es entregado a quienes tras a\u00f1os de compromiso y dedicaci\u00f3n forjaron el devenir de la instituci\u00f3n.<\/p>\n","protected":false},"author":13,"featured_media":64173,"comment_status":"open","ping_status":"open","sticky":false,"template":"","format":"standard","meta":[],"categories":[316],"tags":[],"_links":{"self":[{"href":"https:\/\/www.uta.cl\/index.php\/wp-json\/wp\/v2\/posts\/64172"}],"collection":[{"href":"https:\/\/www.uta.cl\/index.php\/wp-json\/wp\/v2\/posts"}],"about":[{"href":"https:\/\/www.uta.cl\/index.php\/wp-json\/wp\/v2\/types\/post"}],"author":[{"embeddable":true,"href":"https:\/\/www.uta.cl\/index.php\/wp-json\/wp\/v2\/users\/13"}],"replies":[{"embeddable":true,"href":"https:\/\/www.uta.cl\/index.php\/wp-json\/wp\/v2\/comments?post=64172"}],"version-history":[{"count":1,"href":"https:\/\/www.uta.cl\/index.php\/wp-json\/wp\/v2\/posts\/64172\/revisions"}],"predecessor-version":[{"id":64182,"href":"https:\/\/www.uta.cl\/index.php\/wp-json\/wp\/v2\/posts\/64172\/revisions\/64182"}],"wp:featuredmedia":[{"embeddable":true,"href":"https:\/\/www.uta.cl\/index.php\/wp-json\/wp\/v2\/media\/64173"}],"wp:attachment":[{"href":"https:\/\/www.uta.cl\/index.php\/wp-json\/wp\/v2\/media?parent=64172"}],"wp:term":[{"taxonomy":"category","embeddable":true,"href":"https:\/\/www.uta.cl\/index.php\/wp-json\/wp\/v2\/categories?post=64172"},{"taxonomy":"post_tag","embeddable":true,"href":"https:\/\/www.uta.cl\/index.php\/wp-json\/wp\/v2\/tags?post=64172"}],"curies":[{"name":"wp","href":"https:\/\/api.w.org\/{rel}","templated":true}]}}