{"id":64155,"date":"2024-12-16T21:07:01","date_gmt":"2024-12-16T21:07:01","guid":{"rendered":"https:\/\/www.uta.cl\/?p=64155"},"modified":"2024-12-16T21:07:23","modified_gmt":"2024-12-16T21:07:23","slug":"universidad-de-tarapaca-y-slep-chinchorro-impulsaron-un-encuentro-binacional-de-educacion-publica-que-reunio-a-docentes-de-arica-y-tacna","status":"publish","type":"post","link":"https:\/\/www.uta.cl\/index.php\/2024\/12\/16\/universidad-de-tarapaca-y-slep-chinchorro-impulsaron-un-encuentro-binacional-de-educacion-publica-que-reunio-a-docentes-de-arica-y-tacna\/","title":{"rendered":"Universidad de Tarapac\u00e1 y SLEP Chinchorro impulsaron un encuentro binacional de educaci\u00f3n p\u00fablica que reuni\u00f3 a docentes de Arica y Tacna"},"content":{"rendered":"\n<div class=\"wp-block-image\"><figure class=\"aligncenter size-large is-resized\"><img loading=\"lazy\" src=\"https:\/\/www.uta.cl\/wp-content\/uploads\/2024\/12\/1734382625135-1024x768.jpg\" alt=\"\" class=\"wp-image-64164\" width=\"643\" height=\"483\" srcset=\"https:\/\/www.uta.cl\/wp-content\/uploads\/2024\/12\/1734382625135-1024x768.jpg 1024w, https:\/\/www.uta.cl\/wp-content\/uploads\/2024\/12\/1734382625135-300x225.jpg 300w, https:\/\/www.uta.cl\/wp-content\/uploads\/2024\/12\/1734382625135-768x576.jpg 768w, https:\/\/www.uta.cl\/wp-content\/uploads\/2024\/12\/1734382625135-1536x1152.jpg 1536w, https:\/\/www.uta.cl\/wp-content\/uploads\/2024\/12\/1734382625135.jpg 2048w\" sizes=\"(max-width: 643px) 100vw, 643px\" \/><\/figure><\/div>\n\n\n\n<p>La Universidad de Tarapac\u00e1 (UTA), en colaboraci\u00f3n con el Servicio Local de Educaci\u00f3n P\u00fablica Chinchorro (SLEP), organiz\u00f3 el <em>Encuentro Binacional de Educaci\u00f3n Intercultural Fronterizo: Movilidades, Trayectorias Educativas y Desaf\u00edos para la Educaci\u00f3n P\u00fablica, <\/em>evento que reuni\u00f3 a directivos, docentes, acad\u00e9micos y autoridades de Arica, Chile y Tacna, Per\u00fa, en torno al desaf\u00edo que implica asegurar las trayectorias educativas de estudiantes que han experimentado movilidades transnacionales e internas en este territorio.<\/p>\n\n\n\n<p>\u201cLlevar a cabo iniciativas de este tipo requiere la colaboraci\u00f3n, participaci\u00f3n y compromiso de muchas personas, cuesti\u00f3n que nosotros valoramos en toda su dimensi\u00f3n. Como U. de Tarapac\u00e1 somos una universidad del Estado, estamos al servicio de la regi\u00f3n, al servicio del pa\u00eds y nuestra finalidad fundamental es entonces el servicio p\u00fablico, y tenemos un compromiso profundo con el fortalecimiento de la educaci\u00f3n p\u00fablica en toda su extensi\u00f3n\u201d, manifest\u00f3 el rector de la UTA, Dr. Emilio Rodr\u00edguez Ponce.<\/p>\n\n\n\n<div class=\"wp-block-image\"><figure class=\"aligncenter size-large is-resized\"><img loading=\"lazy\" src=\"https:\/\/www.uta.cl\/wp-content\/uploads\/2024\/12\/1734382308750-1024x723.jpg\" alt=\"\" class=\"wp-image-64161\" width=\"560\" height=\"396\" srcset=\"https:\/\/www.uta.cl\/wp-content\/uploads\/2024\/12\/1734382308750-1024x723.jpg 1024w, https:\/\/www.uta.cl\/wp-content\/uploads\/2024\/12\/1734382308750-300x212.jpg 300w, https:\/\/www.uta.cl\/wp-content\/uploads\/2024\/12\/1734382308750-768x542.jpg 768w, https:\/\/www.uta.cl\/wp-content\/uploads\/2024\/12\/1734382308750-1536x1085.jpg 1536w, https:\/\/www.uta.cl\/wp-content\/uploads\/2024\/12\/1734382308750.jpg 2048w\" sizes=\"(max-width: 560px) 100vw, 560px\" \/><\/figure><\/div>\n\n\n\n<p>Por su parte, el director (s) de Educaci\u00f3n P\u00fablica, Patricio Leiva, se\u00f1al\u00f3 que \u201cla forma en que se desarrolla la trayectoria de los estudiantes entre pa\u00edses o entre diferentes lugares, incluso hacia el sur de Chile tambi\u00e9n, es un punto a ponerle atenci\u00f3n. Tenemos que considerar estas historias de vida y esta l\u00f3gica de una regi\u00f3n con cierta particularidad que realmente no existe en otro lugar del pa\u00eds\u201d.\u00a0<\/p>\n\n\n\n<div class=\"wp-block-image\"><figure class=\"aligncenter size-large is-resized\"><img loading=\"lazy\" src=\"https:\/\/www.uta.cl\/wp-content\/uploads\/2024\/12\/1734382625142-1024x741.jpg\" alt=\"\" class=\"wp-image-64165\" width=\"540\" height=\"390\" srcset=\"https:\/\/www.uta.cl\/wp-content\/uploads\/2024\/12\/1734382625142-1024x741.jpg 1024w, https:\/\/www.uta.cl\/wp-content\/uploads\/2024\/12\/1734382625142-300x217.jpg 300w, https:\/\/www.uta.cl\/wp-content\/uploads\/2024\/12\/1734382625142-768x556.jpg 768w, https:\/\/www.uta.cl\/wp-content\/uploads\/2024\/12\/1734382625142-1536x1112.jpg 1536w, https:\/\/www.uta.cl\/wp-content\/uploads\/2024\/12\/1734382625142.jpg 2048w\" sizes=\"(max-width: 540px) 100vw, 540px\" \/><\/figure><\/div>\n\n\n\n<p>La coordinadora del encuentro y acad\u00e9mica del Doctorado en Educaci\u00f3n, Dra. Roxana Chiappa, explic\u00f3 que \u201chay una demanda de c\u00f3mo coordinamos entre direcciones del servicio local de Tacna y Arica para asegurar esa trayectoria de los estudiantes que se movilizan. La formaci\u00f3n inicial docente, en este momento, yo dir\u00eda que es uno de los puntos m\u00e1s importantes de la pol\u00edtica p\u00fablica o de los temas de pol\u00edtica p\u00fablica que tenemos que seguir fortaleciendo\u201d.\u00a0<\/p>\n\n\n\n<p>\u201cEl aplicar este ojo cr\u00edtico, el tener un curr\u00edculum nacional que fomente una formaci\u00f3n o que genere un perfil educativo, necesita pertinencia local y ese trabajo lo hacen los profesores\u201d, profundiz\u00f3 Chiappa.&nbsp;<\/p>\n\n\n\n<div class=\"wp-block-image\"><figure class=\"aligncenter size-large is-resized\"><img loading=\"lazy\" src=\"https:\/\/www.uta.cl\/wp-content\/uploads\/2024\/12\/1734382625129-1024x768.jpg\" alt=\"\" class=\"wp-image-64168\" width=\"535\" height=\"401\" srcset=\"https:\/\/www.uta.cl\/wp-content\/uploads\/2024\/12\/1734382625129-1024x768.jpg 1024w, https:\/\/www.uta.cl\/wp-content\/uploads\/2024\/12\/1734382625129-300x225.jpg 300w, https:\/\/www.uta.cl\/wp-content\/uploads\/2024\/12\/1734382625129-768x576.jpg 768w, https:\/\/www.uta.cl\/wp-content\/uploads\/2024\/12\/1734382625129-1536x1152.jpg 1536w, https:\/\/www.uta.cl\/wp-content\/uploads\/2024\/12\/1734382625129.jpg 2048w\" sizes=\"(max-width: 535px) 100vw, 535px\" \/><\/figure><\/div>\n\n\n\n<p>El jefe de la Unidad de Gesti\u00f3n Pedag\u00f3gica de la Unidad de Gesti\u00f3n Educativa Local de Tacna, Dr. Orlando Quihue, indic\u00f3 que \u201ccuando hablamos de trayectorias educativas justamente tiene que ver con la permanencia del estudiante cuando se va movilizando en los diferentes niveles o modalidades del servicio educativo. Entonces el prop\u00f3sito de este espacio de interacci\u00f3n y de di\u00e1logo fue justamente conocer qu\u00e9 estrategias podemos utilizar para asegurar esta trayectoria educativa en nuestros estudiantes\u201d.&nbsp;<\/p>\n\n\n\n<p>\u201cEl compromiso que nos une, tanto a Arica como Tacna, es que nosotros trabajamos justamente para una poblaci\u00f3n que requiere acceso a la educaci\u00f3n y todos deben tener derecho al acceso a esa educaci\u00f3n\u201d, afirm\u00f3 Quihue.<\/p>\n\n\n\n<div class=\"wp-block-image\"><figure class=\"aligncenter size-large is-resized\"><img loading=\"lazy\" src=\"https:\/\/www.uta.cl\/wp-content\/uploads\/2024\/12\/1734382308728-1024x768.jpg\" alt=\"\" class=\"wp-image-64157\" width=\"558\" height=\"419\" srcset=\"https:\/\/www.uta.cl\/wp-content\/uploads\/2024\/12\/1734382308728-1024x768.jpg 1024w, https:\/\/www.uta.cl\/wp-content\/uploads\/2024\/12\/1734382308728-300x225.jpg 300w, https:\/\/www.uta.cl\/wp-content\/uploads\/2024\/12\/1734382308728-768x576.jpg 768w, https:\/\/www.uta.cl\/wp-content\/uploads\/2024\/12\/1734382308728-1536x1152.jpg 1536w, https:\/\/www.uta.cl\/wp-content\/uploads\/2024\/12\/1734382308728.jpg 2048w\" sizes=\"(max-width: 558px) 100vw, 558px\" \/><\/figure><\/div>\n\n\n\n<figure class=\"wp-block-gallery columns-3 is-cropped\"><ul class=\"blocks-gallery-grid\"><li class=\"blocks-gallery-item\"><figure><a href=\"https:\/\/www.uta.cl\/wp-content\/uploads\/2024\/12\/1734382308710.jpg\"><img loading=\"lazy\" width=\"1024\" height=\"768\" src=\"https:\/\/www.uta.cl\/wp-content\/uploads\/2024\/12\/1734382308710-1024x768.jpg\" alt=\"\" data-id=\"64163\" data-full-url=\"https:\/\/www.uta.cl\/wp-content\/uploads\/2024\/12\/1734382308710.jpg\" data-link=\"https:\/\/www.uta.cl\/?attachment_id=64163\" class=\"wp-image-64163\" srcset=\"https:\/\/www.uta.cl\/wp-content\/uploads\/2024\/12\/1734382308710-1024x768.jpg 1024w, https:\/\/www.uta.cl\/wp-content\/uploads\/2024\/12\/1734382308710-300x225.jpg 300w, https:\/\/www.uta.cl\/wp-content\/uploads\/2024\/12\/1734382308710-768x576.jpg 768w, https:\/\/www.uta.cl\/wp-content\/uploads\/2024\/12\/1734382308710-1536x1152.jpg 1536w, https:\/\/www.uta.cl\/wp-content\/uploads\/2024\/12\/1734382308710.jpg 2048w\" sizes=\"(max-width: 1024px) 100vw, 1024px\" \/><\/a><\/figure><\/li><li class=\"blocks-gallery-item\"><figure><a href=\"https:\/\/www.uta.cl\/wp-content\/uploads\/2024\/12\/1734382308703.jpg\"><img loading=\"lazy\" width=\"1024\" height=\"768\" src=\"https:\/\/www.uta.cl\/wp-content\/uploads\/2024\/12\/1734382308703-1024x768.jpg\" alt=\"\" data-id=\"64162\" data-full-url=\"https:\/\/www.uta.cl\/wp-content\/uploads\/2024\/12\/1734382308703.jpg\" data-link=\"https:\/\/www.uta.cl\/?attachment_id=64162\" class=\"wp-image-64162\" srcset=\"https:\/\/www.uta.cl\/wp-content\/uploads\/2024\/12\/1734382308703-1024x768.jpg 1024w, https:\/\/www.uta.cl\/wp-content\/uploads\/2024\/12\/1734382308703-300x225.jpg 300w, https:\/\/www.uta.cl\/wp-content\/uploads\/2024\/12\/1734382308703-768x576.jpg 768w, https:\/\/www.uta.cl\/wp-content\/uploads\/2024\/12\/1734382308703-1536x1152.jpg 1536w, https:\/\/www.uta.cl\/wp-content\/uploads\/2024\/12\/1734382308703.jpg 2048w\" sizes=\"(max-width: 1024px) 100vw, 1024px\" \/><\/a><\/figure><\/li><li class=\"blocks-gallery-item\"><figure><a href=\"https:\/\/www.uta.cl\/wp-content\/uploads\/2024\/12\/1734382308691.jpg\"><img loading=\"lazy\" width=\"1024\" height=\"768\" src=\"https:\/\/www.uta.cl\/wp-content\/uploads\/2024\/12\/1734382308691-1024x768.jpg\" alt=\"\" data-id=\"64159\" data-full-url=\"https:\/\/www.uta.cl\/wp-content\/uploads\/2024\/12\/1734382308691.jpg\" data-link=\"https:\/\/www.uta.cl\/?attachment_id=64159\" class=\"wp-image-64159\" srcset=\"https:\/\/www.uta.cl\/wp-content\/uploads\/2024\/12\/1734382308691-1024x768.jpg 1024w, https:\/\/www.uta.cl\/wp-content\/uploads\/2024\/12\/1734382308691-300x225.jpg 300w, https:\/\/www.uta.cl\/wp-content\/uploads\/2024\/12\/1734382308691-768x576.jpg 768w, https:\/\/www.uta.cl\/wp-content\/uploads\/2024\/12\/1734382308691-1536x1152.jpg 1536w, https:\/\/www.uta.cl\/wp-content\/uploads\/2024\/12\/1734382308691.jpg 2048w\" sizes=\"(max-width: 1024px) 100vw, 1024px\" \/><\/a><\/figure><\/li><li class=\"blocks-gallery-item\"><figure><a href=\"https:\/\/www.uta.cl\/wp-content\/uploads\/2024\/12\/1734382308716.jpg\"><img loading=\"lazy\" width=\"1024\" height=\"768\" src=\"https:\/\/www.uta.cl\/wp-content\/uploads\/2024\/12\/1734382308716-1024x768.jpg\" alt=\"\" data-id=\"64158\" data-full-url=\"https:\/\/www.uta.cl\/wp-content\/uploads\/2024\/12\/1734382308716.jpg\" data-link=\"https:\/\/www.uta.cl\/?attachment_id=64158\" class=\"wp-image-64158\" srcset=\"https:\/\/www.uta.cl\/wp-content\/uploads\/2024\/12\/1734382308716-1024x768.jpg 1024w, https:\/\/www.uta.cl\/wp-content\/uploads\/2024\/12\/1734382308716-300x225.jpg 300w, https:\/\/www.uta.cl\/wp-content\/uploads\/2024\/12\/1734382308716-768x576.jpg 768w, https:\/\/www.uta.cl\/wp-content\/uploads\/2024\/12\/1734382308716-1536x1152.jpg 1536w, https:\/\/www.uta.cl\/wp-content\/uploads\/2024\/12\/1734382308716.jpg 2048w\" sizes=\"(max-width: 1024px) 100vw, 1024px\" \/><\/a><\/figure><\/li><li class=\"blocks-gallery-item\"><figure><a href=\"https:\/\/www.uta.cl\/wp-content\/uploads\/2024\/12\/1734382625148.jpg\"><img loading=\"lazy\" width=\"1024\" height=\"768\" src=\"https:\/\/www.uta.cl\/wp-content\/uploads\/2024\/12\/1734382625148-1024x768.jpg\" alt=\"\" data-id=\"64167\" data-full-url=\"https:\/\/www.uta.cl\/wp-content\/uploads\/2024\/12\/1734382625148.jpg\" data-link=\"https:\/\/www.uta.cl\/?attachment_id=64167\" class=\"wp-image-64167\" srcset=\"https:\/\/www.uta.cl\/wp-content\/uploads\/2024\/12\/1734382625148-1024x768.jpg 1024w, https:\/\/www.uta.cl\/wp-content\/uploads\/2024\/12\/1734382625148-300x225.jpg 300w, https:\/\/www.uta.cl\/wp-content\/uploads\/2024\/12\/1734382625148-768x576.jpg 768w, https:\/\/www.uta.cl\/wp-content\/uploads\/2024\/12\/1734382625148-1536x1152.jpg 1536w, https:\/\/www.uta.cl\/wp-content\/uploads\/2024\/12\/1734382625148.jpg 2048w\" sizes=\"(max-width: 1024px) 100vw, 1024px\" \/><\/a><\/figure><\/li><li class=\"blocks-gallery-item\"><figure><a href=\"https:\/\/www.uta.cl\/wp-content\/uploads\/2024\/12\/1734382625123.jpg\"><img loading=\"lazy\" width=\"1024\" height=\"768\" src=\"https:\/\/www.uta.cl\/wp-content\/uploads\/2024\/12\/1734382625123-1024x768.jpg\" alt=\"\" data-id=\"64166\" data-full-url=\"https:\/\/www.uta.cl\/wp-content\/uploads\/2024\/12\/1734382625123.jpg\" data-link=\"https:\/\/www.uta.cl\/?attachment_id=64166\" class=\"wp-image-64166\" srcset=\"https:\/\/www.uta.cl\/wp-content\/uploads\/2024\/12\/1734382625123-1024x768.jpg 1024w, https:\/\/www.uta.cl\/wp-content\/uploads\/2024\/12\/1734382625123-300x225.jpg 300w, https:\/\/www.uta.cl\/wp-content\/uploads\/2024\/12\/1734382625123-768x576.jpg 768w, https:\/\/www.uta.cl\/wp-content\/uploads\/2024\/12\/1734382625123-1536x1152.jpg 1536w, https:\/\/www.uta.cl\/wp-content\/uploads\/2024\/12\/1734382625123.jpg 2048w\" sizes=\"(max-width: 1024px) 100vw, 1024px\" \/><\/a><\/figure><\/li><\/ul><\/figure>\n","protected":false},"excerpt":{"rendered":"<p>Profesores de Chile y Per\u00fa se reunieron en la casa de estudios para analizar las trayectorias educativas en contextos de movilidad a trav\u00e9s de la frontera y los desaf\u00edos para fortalecer la educaci\u00f3n p\u00fablica en la regi\u00f3n.<\/p>\n","protected":false},"author":13,"featured_media":64164,"comment_status":"open","ping_status":"open","sticky":false,"template":"","format":"standard","meta":[],"categories":[316,51],"tags":[],"_links":{"self":[{"href":"https:\/\/www.uta.cl\/index.php\/wp-json\/wp\/v2\/posts\/64155"}],"collection":[{"href":"https:\/\/www.uta.cl\/index.php\/wp-json\/wp\/v2\/posts"}],"about":[{"href":"https:\/\/www.uta.cl\/index.php\/wp-json\/wp\/v2\/types\/post"}],"author":[{"embeddable":true,"href":"https:\/\/www.uta.cl\/index.php\/wp-json\/wp\/v2\/users\/13"}],"replies":[{"embeddable":true,"href":"https:\/\/www.uta.cl\/index.php\/wp-json\/wp\/v2\/comments?post=64155"}],"version-history":[{"count":2,"href":"https:\/\/www.uta.cl\/index.php\/wp-json\/wp\/v2\/posts\/64155\/revisions"}],"predecessor-version":[{"id":64171,"href":"https:\/\/www.uta.cl\/index.php\/wp-json\/wp\/v2\/posts\/64155\/revisions\/64171"}],"wp:featuredmedia":[{"embeddable":true,"href":"https:\/\/www.uta.cl\/index.php\/wp-json\/wp\/v2\/media\/64164"}],"wp:attachment":[{"href":"https:\/\/www.uta.cl\/index.php\/wp-json\/wp\/v2\/media?parent=64155"}],"wp:term":[{"taxonomy":"category","embeddable":true,"href":"https:\/\/www.uta.cl\/index.php\/wp-json\/wp\/v2\/categories?post=64155"},{"taxonomy":"post_tag","embeddable":true,"href":"https:\/\/www.uta.cl\/index.php\/wp-json\/wp\/v2\/tags?post=64155"}],"curies":[{"name":"wp","href":"https:\/\/api.w.org\/{rel}","templated":true}]}}