{"id":63656,"date":"2023-05-30T18:29:00","date_gmt":"2023-05-30T18:29:00","guid":{"rendered":"https:\/\/www.uta.cl\/?p=63656"},"modified":"2024-11-18T18:29:19","modified_gmt":"2024-11-18T18:29:19","slug":"jornada-de-inauguracion-programa-de-magister-en-patrimonio-y-educacion-de-la-universidad-de-tarapaca-2023","status":"publish","type":"post","link":"https:\/\/www.uta.cl\/index.php\/2023\/05\/30\/jornada-de-inauguracion-programa-de-magister-en-patrimonio-y-educacion-de-la-universidad-de-tarapaca-2023\/","title":{"rendered":"Jornada de inauguraci\u00f3n  Programa de Mag\u00edster en Patrimonio y Educaci\u00f3n de la Universidad de Tarapac\u00e1 2023"},"content":{"rendered":"\n<p>La bienvenida a los estudiantes de la cohorte 2023 y a los acad\u00e9micos que conforman el claustro del Programa, estuvo a cargo de la Dra. Jenniffer Peralta, Vicerrectora Acad\u00e9mica; Dr. Carlos Mondaca, Decano de la Facultad y Dr. Claudio Aguirre, Director del Programa.<\/p>\n\n\n\n<p>Posteriormente se present\u00f3 la charla magistral \u201cUna reflexi\u00f3n cr\u00edtica en torno a los sitios chilenos de patrimonio mundial\u201d del Dr. Sergio Gonz\u00e1lez Miranda, Premio Nacional de Historia 2014 e investigador del Instituto de Alta Investigaci\u00f3n de la Universidad de Tarapac\u00e1.&nbsp;<\/p>\n\n\n\n<p>Durante la charla magistral los participantes presenciaron y participaron de un an\u00e1lisis hist\u00f3rico sobre el estado y las amenazas que sufren los sitios patrimoniales relacionados a las antiguas oficinas salitreras distribuidas por el norte grande de nuestro pa\u00eds. Entre otras reflexiones el Dr. Gonz\u00e1lez manifest\u00f3 su preocupaci\u00f3n en torno al reconocimiento y cuidado que se le otorga a los vestigios de las antiguas oficinas salitreras, las cuales constituyen un elemento fundamental para el resguardo de la memoria e historia del desarrollo del pa\u00eds.<\/p>\n\n\n\n<p>La charla magistral concluy\u00f3 con la participaci\u00f3n de algunos\/as acad\u00e9micos\/as y estudiantes del programa, qui\u00e9nes adem\u00e1s de realizar preguntas y comentarios, agradecieron la oportunidad de tener este tipo de actividades enriquecedoras en su nuevo proceso de formaci\u00f3n de postgrado.&nbsp;&nbsp;<\/p>\n\n\n\n<p>Esta actividad se realiz\u00f3 en la Sala Ricardo Salas Palacios del Hall Central, el viernes 30 de mayo de 2023 a las 19:30 horas.<\/p>\n\n\n\n<figure class=\"wp-block-image size-large\"><img loading=\"lazy\" width=\"1024\" height=\"575\" src=\"https:\/\/www.uta.cl\/wp-content\/uploads\/2024\/11\/unnamed-3-1024x575.jpg\" alt=\"\" class=\"wp-image-63657\" srcset=\"https:\/\/www.uta.cl\/wp-content\/uploads\/2024\/11\/unnamed-3-1024x575.jpg 1024w, https:\/\/www.uta.cl\/wp-content\/uploads\/2024\/11\/unnamed-3-300x168.jpg 300w, https:\/\/www.uta.cl\/wp-content\/uploads\/2024\/11\/unnamed-3-768x431.jpg 768w, https:\/\/www.uta.cl\/wp-content\/uploads\/2024\/11\/unnamed-3.jpg 1379w\" sizes=\"(max-width: 1024px) 100vw, 1024px\" \/><\/figure>\n","protected":false},"excerpt":{"rendered":"<p>El programa de Mag\u00edster en Patrimonio y Educaci\u00f3n, dio la bienvenida al a\u00f1o acad\u00e9mico de su primera cohorte de estudiantes a\u00f1o 2023, en al acto inaugural cont\u00f3 con las palabras de la Vicerrectora Acad\u00e9mica, el Decano de la Facultad de Educaci\u00f3n y Humanidades y el Director del programa.<\/p>\n","protected":false},"author":13,"featured_media":63657,"comment_status":"open","ping_status":"open","sticky":false,"template":"","format":"standard","meta":[],"categories":[342],"tags":[],"_links":{"self":[{"href":"https:\/\/www.uta.cl\/index.php\/wp-json\/wp\/v2\/posts\/63656"}],"collection":[{"href":"https:\/\/www.uta.cl\/index.php\/wp-json\/wp\/v2\/posts"}],"about":[{"href":"https:\/\/www.uta.cl\/index.php\/wp-json\/wp\/v2\/types\/post"}],"author":[{"embeddable":true,"href":"https:\/\/www.uta.cl\/index.php\/wp-json\/wp\/v2\/users\/13"}],"replies":[{"embeddable":true,"href":"https:\/\/www.uta.cl\/index.php\/wp-json\/wp\/v2\/comments?post=63656"}],"version-history":[{"count":1,"href":"https:\/\/www.uta.cl\/index.php\/wp-json\/wp\/v2\/posts\/63656\/revisions"}],"predecessor-version":[{"id":63658,"href":"https:\/\/www.uta.cl\/index.php\/wp-json\/wp\/v2\/posts\/63656\/revisions\/63658"}],"wp:featuredmedia":[{"embeddable":true,"href":"https:\/\/www.uta.cl\/index.php\/wp-json\/wp\/v2\/media\/63657"}],"wp:attachment":[{"href":"https:\/\/www.uta.cl\/index.php\/wp-json\/wp\/v2\/media?parent=63656"}],"wp:term":[{"taxonomy":"category","embeddable":true,"href":"https:\/\/www.uta.cl\/index.php\/wp-json\/wp\/v2\/categories?post=63656"},{"taxonomy":"post_tag","embeddable":true,"href":"https:\/\/www.uta.cl\/index.php\/wp-json\/wp\/v2\/tags?post=63656"}],"curies":[{"name":"wp","href":"https:\/\/api.w.org\/{rel}","templated":true}]}}