{"id":63645,"date":"2024-05-16T18:19:00","date_gmt":"2024-05-16T18:19:00","guid":{"rendered":"https:\/\/www.uta.cl\/?p=63645"},"modified":"2024-11-18T18:26:26","modified_gmt":"2024-11-18T18:26:26","slug":"seminario-educacion-en-contextos-de-fronteras","status":"publish","type":"post","link":"https:\/\/www.uta.cl\/index.php\/2024\/05\/16\/seminario-educacion-en-contextos-de-fronteras\/","title":{"rendered":"Seminario: \u201cEducaci\u00f3n en Contextos de Fronteras\u201d"},"content":{"rendered":"\n<p>La bienvenida a los asistentes estuvo a cargo del Dr. Carlos Mondaca, decano de la Facultad quien present\u00f3 a los expositores el Dr. Joaqu\u00edn Gair\u00edn (Universidad Aut\u00f3noma de Barcelona), el Dr. Ra\u00fal Bustos (Universidad de Tarapac\u00e1), el Dr. Christian Lazcano (Universidad del Desarrollo \u2013 CILED) y su persona como parte de la Universidad de Tarapac\u00e1. Aludiendo a los distintos or\u00edgenes de los expositores y a los esfuerzos combinados de las instituciones protagonistas se\u00f1al\u00f3: \u201clo m\u00e1s importante de este evento es que se articulan (&#8230;) distintas miradas y visiones respecto de la educaci\u00f3n\u201d.<\/p>\n\n\n\n<p>Durante el transcurso de las charlas magistrales se dieron esbozos sobre el rol docente con ascendencia de pueblos originarios, las estrategias de investigaci\u00f3n en organizaciones educativas, la organizaci\u00f3n y la satisfacci\u00f3n laboral docente, y las pr\u00e1cticas de inclusi\u00f3n en establecimientos de Educaci\u00f3n Media T\u00e9cnico Profesional. De esa manera, el p\u00fablico asistente tuvo la oportunidad de ver los avances investigativos en materia educativa y c\u00f3mo las diferentes realidades tributan a generar una visi\u00f3n compartida, tanto local como global.<\/p>\n\n\n\n<p>En el culmine de la jornada, los asistentes pudieron solventar sus dudas en la ronda de preguntas y comentarios hacia los expositores. A modo de cierre el Director del Departamento de Educaci\u00f3n, Dr. Rub\u00e9n Capetillo, dando las felicitaciones respectivas, valor\u00f3 la instancia catalog\u00e1ndola como \u201cdel m\u00e1s alto nivel\u201d y dirigi\u00f3 una breve reflexi\u00f3n a los j\u00f3venes del siglo XXI, puesto que, una instancia formativa de este tipo era impensada en generaciones anteriores.<\/p>\n\n\n\n<p>Esta actividad se realiz\u00f3 en el Auditorio Carlos Herrera de Vinculaci\u00f3n con el Medio de la Universidad de Tarapac\u00e1, el jueves 16 de mayo de 2024 a las 9:30 horas de 2024.<\/p>\n\n\n\n<figure class=\"wp-block-gallery columns-2 is-cropped\"><ul class=\"blocks-gallery-grid\"><li class=\"blocks-gallery-item\"><figure><a href=\"https:\/\/www.uta.cl\/wp-content\/uploads\/2024\/11\/unnamed-2.jpg\"><img loading=\"lazy\" width=\"1024\" height=\"1024\" src=\"https:\/\/www.uta.cl\/wp-content\/uploads\/2024\/11\/unnamed-2-1024x1024.jpg\" alt=\"\" data-id=\"63646\" data-full-url=\"https:\/\/www.uta.cl\/wp-content\/uploads\/2024\/11\/unnamed-2.jpg\" data-link=\"https:\/\/www.uta.cl\/?attachment_id=63646\" class=\"wp-image-63646\" srcset=\"https:\/\/www.uta.cl\/wp-content\/uploads\/2024\/11\/unnamed-2-1024x1024.jpg 1024w, https:\/\/www.uta.cl\/wp-content\/uploads\/2024\/11\/unnamed-2-300x300.jpg 300w, https:\/\/www.uta.cl\/wp-content\/uploads\/2024\/11\/unnamed-2-150x150.jpg 150w, https:\/\/www.uta.cl\/wp-content\/uploads\/2024\/11\/unnamed-2-768x768.jpg 768w, https:\/\/www.uta.cl\/wp-content\/uploads\/2024\/11\/unnamed-2.jpg 1080w\" sizes=\"(max-width: 1024px) 100vw, 1024px\" \/><\/a><\/figure><\/li><li class=\"blocks-gallery-item\"><figure><a href=\"https:\/\/www.uta.cl\/wp-content\/uploads\/2024\/11\/unnamed.png\"><img loading=\"lazy\" width=\"546\" height=\"341\" src=\"https:\/\/www.uta.cl\/wp-content\/uploads\/2024\/11\/unnamed.png\" alt=\"\" data-id=\"63647\" data-full-url=\"https:\/\/www.uta.cl\/wp-content\/uploads\/2024\/11\/unnamed.png\" data-link=\"https:\/\/www.uta.cl\/?attachment_id=63647\" class=\"wp-image-63647\" srcset=\"https:\/\/www.uta.cl\/wp-content\/uploads\/2024\/11\/unnamed.png 546w, https:\/\/www.uta.cl\/wp-content\/uploads\/2024\/11\/unnamed-300x187.png 300w\" sizes=\"(max-width: 546px) 100vw, 546px\" \/><\/a><\/figure><\/li><\/ul><\/figure>\n","protected":false},"excerpt":{"rendered":"<p>Bajo el patrocinio de los Proyectos Fondecyt N\u00b01220055 y 1220920, el Proyecto Fortalecimiento ANID 86220010 y el Centro de Innovaci\u00f3n en Liderazgo Educativo (CILED), se realiz\u00f3 un seminario en las dependencias de la Universidad de Tarapac\u00e1 para la comunidad acad\u00e9mica interesada en la educaci\u00f3n regional y fronteriza.<\/p>\n","protected":false},"author":13,"featured_media":63647,"comment_status":"open","ping_status":"open","sticky":false,"template":"","format":"standard","meta":[],"categories":[342],"tags":[],"_links":{"self":[{"href":"https:\/\/www.uta.cl\/index.php\/wp-json\/wp\/v2\/posts\/63645"}],"collection":[{"href":"https:\/\/www.uta.cl\/index.php\/wp-json\/wp\/v2\/posts"}],"about":[{"href":"https:\/\/www.uta.cl\/index.php\/wp-json\/wp\/v2\/types\/post"}],"author":[{"embeddable":true,"href":"https:\/\/www.uta.cl\/index.php\/wp-json\/wp\/v2\/users\/13"}],"replies":[{"embeddable":true,"href":"https:\/\/www.uta.cl\/index.php\/wp-json\/wp\/v2\/comments?post=63645"}],"version-history":[{"count":2,"href":"https:\/\/www.uta.cl\/index.php\/wp-json\/wp\/v2\/posts\/63645\/revisions"}],"predecessor-version":[{"id":63655,"href":"https:\/\/www.uta.cl\/index.php\/wp-json\/wp\/v2\/posts\/63645\/revisions\/63655"}],"wp:featuredmedia":[{"embeddable":true,"href":"https:\/\/www.uta.cl\/index.php\/wp-json\/wp\/v2\/media\/63647"}],"wp:attachment":[{"href":"https:\/\/www.uta.cl\/index.php\/wp-json\/wp\/v2\/media?parent=63645"}],"wp:term":[{"taxonomy":"category","embeddable":true,"href":"https:\/\/www.uta.cl\/index.php\/wp-json\/wp\/v2\/categories?post=63645"},{"taxonomy":"post_tag","embeddable":true,"href":"https:\/\/www.uta.cl\/index.php\/wp-json\/wp\/v2\/tags?post=63645"}],"curies":[{"name":"wp","href":"https:\/\/api.w.org\/{rel}","templated":true}]}}