{"id":61562,"date":"2024-09-30T15:01:59","date_gmt":"2024-09-30T15:01:59","guid":{"rendered":"https:\/\/www.uta.cl\/?p=61562"},"modified":"2024-09-30T15:01:59","modified_gmt":"2024-09-30T15:01:59","slug":"rector-de-la-utarapaca-se-reune-con-autoridades-de-la-universidad-de-la-serena-para-compartir-experiencias-de-gestion-institucional","status":"publish","type":"post","link":"https:\/\/www.uta.cl\/index.php\/2024\/09\/30\/rector-de-la-utarapaca-se-reune-con-autoridades-de-la-universidad-de-la-serena-para-compartir-experiencias-de-gestion-institucional\/","title":{"rendered":"Rector de la UTarapac\u00e1 se re\u00fane con autoridades de la Universidad de La Serena para compartir experiencias de gesti\u00f3n institucional"},"content":{"rendered":"\n<p>La visita tuvo como objetivo que los representantes de la Universidad de La Serena (ULS), en el contexto de su pr\u00f3xima acreditaci\u00f3n institucional en 2026, pudieran conocer en detalle el sistema de gesti\u00f3n de la Universidad de Tarapac\u00e1 (UTA), sus normativas y buenas pr\u00e1cticas.<\/p>\n\n\n\n<p>La reuni\u00f3n se centr\u00f3 en la presentaci\u00f3n del Modelo de Gesti\u00f3n Estrat\u00e9gico UTA, realizada por el Rector Dr. Emilio Rodr\u00edguez Ponce, quien abord\u00f3 temas clave como el desarrollo acad\u00e9mico, los incentivos a la docencia, as\u00ed como el fomento de la investigaci\u00f3n e innovaci\u00f3n, entre otros aspectos relevantes.<\/p>\n\n\n\n<p>A la reuni\u00f3n asistieron el Director General de Investigaci\u00f3n e Innovaci\u00f3n de la UTA, Ignacio Jessop y las autoridades de la ULS: H\u00e9ctor Cuevas Larenas, Vicerrector de Investigaci\u00f3n y Postgrado; Karina Stucken Mar\u00edn, Directora de Investigaci\u00f3n y Desarrollo; Karen Morales Mu\u00f1oz, Directora de Desarrollo Estrat\u00e9gico y Calidad; y Jorge Cornejo Troncoso, de la Oficina de Creaci\u00f3n e Innovaci\u00f3n.<\/p>\n\n\n\n<figure class=\"wp-block-gallery columns-3 is-cropped\"><ul class=\"blocks-gallery-grid\"><li class=\"blocks-gallery-item\"><figure><img loading=\"lazy\" width=\"1024\" height=\"681\" src=\"https:\/\/www.uta.cl\/wp-content\/uploads\/2024\/09\/DSC_0476-1024x681.png\" alt=\"\" data-id=\"61565\" data-full-url=\"https:\/\/www.uta.cl\/wp-content\/uploads\/2024\/09\/DSC_0476.png\" data-link=\"https:\/\/www.uta.cl\/?attachment_id=61565\" class=\"wp-image-61565\" srcset=\"https:\/\/www.uta.cl\/wp-content\/uploads\/2024\/09\/DSC_0476-1024x681.png 1024w, https:\/\/www.uta.cl\/wp-content\/uploads\/2024\/09\/DSC_0476-300x199.png 300w, https:\/\/www.uta.cl\/wp-content\/uploads\/2024\/09\/DSC_0476-768x511.png 768w, https:\/\/www.uta.cl\/wp-content\/uploads\/2024\/09\/DSC_0476-1536x1021.png 1536w, https:\/\/www.uta.cl\/wp-content\/uploads\/2024\/09\/DSC_0476-2048x1362.png 2048w\" sizes=\"(max-width: 1024px) 100vw, 1024px\" \/><\/figure><\/li><li class=\"blocks-gallery-item\"><figure><img loading=\"lazy\" width=\"1024\" height=\"681\" src=\"https:\/\/www.uta.cl\/wp-content\/uploads\/2024\/09\/DSC_0493-1024x681.jpg\" alt=\"\" data-id=\"61564\" data-full-url=\"https:\/\/www.uta.cl\/wp-content\/uploads\/2024\/09\/DSC_0493-scaled.jpg\" data-link=\"https:\/\/www.uta.cl\/?attachment_id=61564\" class=\"wp-image-61564\" srcset=\"https:\/\/www.uta.cl\/wp-content\/uploads\/2024\/09\/DSC_0493-1024x681.jpg 1024w, https:\/\/www.uta.cl\/wp-content\/uploads\/2024\/09\/DSC_0493-300x199.jpg 300w, https:\/\/www.uta.cl\/wp-content\/uploads\/2024\/09\/DSC_0493-768x511.jpg 768w, https:\/\/www.uta.cl\/wp-content\/uploads\/2024\/09\/DSC_0493-1536x1021.jpg 1536w, https:\/\/www.uta.cl\/wp-content\/uploads\/2024\/09\/DSC_0493-2048x1362.jpg 2048w\" sizes=\"(max-width: 1024px) 100vw, 1024px\" \/><\/figure><\/li><li class=\"blocks-gallery-item\"><figure><img loading=\"lazy\" width=\"1024\" height=\"681\" src=\"https:\/\/www.uta.cl\/wp-content\/uploads\/2024\/09\/foto-central-la-serena-1024x681.png\" alt=\"\" data-id=\"61566\" data-full-url=\"https:\/\/www.uta.cl\/wp-content\/uploads\/2024\/09\/foto-central-la-serena.png\" data-link=\"https:\/\/www.uta.cl\/?attachment_id=61566\" class=\"wp-image-61566\" srcset=\"https:\/\/www.uta.cl\/wp-content\/uploads\/2024\/09\/foto-central-la-serena-1024x681.png 1024w, https:\/\/www.uta.cl\/wp-content\/uploads\/2024\/09\/foto-central-la-serena-300x199.png 300w, https:\/\/www.uta.cl\/wp-content\/uploads\/2024\/09\/foto-central-la-serena-768x511.png 768w, https:\/\/www.uta.cl\/wp-content\/uploads\/2024\/09\/foto-central-la-serena-1536x1021.png 1536w, https:\/\/www.uta.cl\/wp-content\/uploads\/2024\/09\/foto-central-la-serena-2048x1362.png 2048w\" sizes=\"(max-width: 1024px) 100vw, 1024px\" \/><\/figure><\/li><li class=\"blocks-gallery-item\"><figure><img loading=\"lazy\" width=\"1024\" height=\"681\" src=\"https:\/\/www.uta.cl\/wp-content\/uploads\/2024\/09\/DSC_0483-1024x681.jpg\" alt=\"\" data-id=\"61563\" data-full-url=\"https:\/\/www.uta.cl\/wp-content\/uploads\/2024\/09\/DSC_0483-scaled.jpg\" data-link=\"https:\/\/www.uta.cl\/?attachment_id=61563\" class=\"wp-image-61563\" srcset=\"https:\/\/www.uta.cl\/wp-content\/uploads\/2024\/09\/DSC_0483-1024x681.jpg 1024w, https:\/\/www.uta.cl\/wp-content\/uploads\/2024\/09\/DSC_0483-300x199.jpg 300w, https:\/\/www.uta.cl\/wp-content\/uploads\/2024\/09\/DSC_0483-768x511.jpg 768w, https:\/\/www.uta.cl\/wp-content\/uploads\/2024\/09\/DSC_0483-1536x1021.jpg 1536w, https:\/\/www.uta.cl\/wp-content\/uploads\/2024\/09\/DSC_0483-2048x1362.jpg 2048w\" sizes=\"(max-width: 1024px) 100vw, 1024px\" \/><\/figure><\/li><\/ul><\/figure>\n","protected":false},"excerpt":{"rendered":"<p>La visita tuvo como objetivo que los representantes de la Universidad de La Serena (ULS), en el contexto de su pr\u00f3xima acreditaci\u00f3n institucional en 2026, pudieran conocer en detalle el sistema de gesti\u00f3n de la Universidad de Tarapac\u00e1 (UTA), sus normativas y buenas pr\u00e1cticas. La reuni\u00f3n se centr\u00f3 en la presentaci\u00f3n del Modelo de Gesti\u00f3n [&hellip;]<\/p>\n","protected":false},"author":13,"featured_media":61566,"comment_status":"open","ping_status":"open","sticky":false,"template":"","format":"standard","meta":[],"categories":[318],"tags":[],"_links":{"self":[{"href":"https:\/\/www.uta.cl\/index.php\/wp-json\/wp\/v2\/posts\/61562"}],"collection":[{"href":"https:\/\/www.uta.cl\/index.php\/wp-json\/wp\/v2\/posts"}],"about":[{"href":"https:\/\/www.uta.cl\/index.php\/wp-json\/wp\/v2\/types\/post"}],"author":[{"embeddable":true,"href":"https:\/\/www.uta.cl\/index.php\/wp-json\/wp\/v2\/users\/13"}],"replies":[{"embeddable":true,"href":"https:\/\/www.uta.cl\/index.php\/wp-json\/wp\/v2\/comments?post=61562"}],"version-history":[{"count":2,"href":"https:\/\/www.uta.cl\/index.php\/wp-json\/wp\/v2\/posts\/61562\/revisions"}],"predecessor-version":[{"id":61568,"href":"https:\/\/www.uta.cl\/index.php\/wp-json\/wp\/v2\/posts\/61562\/revisions\/61568"}],"wp:featuredmedia":[{"embeddable":true,"href":"https:\/\/www.uta.cl\/index.php\/wp-json\/wp\/v2\/media\/61566"}],"wp:attachment":[{"href":"https:\/\/www.uta.cl\/index.php\/wp-json\/wp\/v2\/media?parent=61562"}],"wp:term":[{"taxonomy":"category","embeddable":true,"href":"https:\/\/www.uta.cl\/index.php\/wp-json\/wp\/v2\/categories?post=61562"},{"taxonomy":"post_tag","embeddable":true,"href":"https:\/\/www.uta.cl\/index.php\/wp-json\/wp\/v2\/tags?post=61562"}],"curies":[{"name":"wp","href":"https:\/\/api.w.org\/{rel}","templated":true}]}}