{"id":60980,"date":"2024-09-10T15:12:19","date_gmt":"2024-09-10T15:12:19","guid":{"rendered":"https:\/\/www.uta.cl\/?p=60980"},"modified":"2024-09-10T15:12:19","modified_gmt":"2024-09-10T15:12:19","slug":"nucleo-de-investigacion-andespeat-destaca-por-su-alta-produccion-cientifica-en-visita-de-representantes-de-la-iniciativa-milenio-de-la-anid","status":"publish","type":"post","link":"https:\/\/www.uta.cl\/index.php\/2024\/09\/10\/nucleo-de-investigacion-andespeat-destaca-por-su-alta-produccion-cientifica-en-visita-de-representantes-de-la-iniciativa-milenio-de-la-anid\/","title":{"rendered":"N\u00facleo de investigaci\u00f3n AndesPeat destaca por su alta producci\u00f3n cient\u00edfica en visita de representantes de la iniciativa Milenio de la ANID"},"content":{"rendered":"\n<div class=\"wp-block-image\"><figure class=\"aligncenter size-large is-resized\"><img loading=\"lazy\" src=\"https:\/\/www.uta.cl\/wp-content\/uploads\/2024\/09\/1725979433679-1024x768.jpg\" alt=\"\" class=\"wp-image-60985\" width=\"622\" height=\"467\" srcset=\"https:\/\/www.uta.cl\/wp-content\/uploads\/2024\/09\/1725979433679-1024x768.jpg 1024w, https:\/\/www.uta.cl\/wp-content\/uploads\/2024\/09\/1725979433679-300x225.jpg 300w, https:\/\/www.uta.cl\/wp-content\/uploads\/2024\/09\/1725979433679-768x576.jpg 768w, https:\/\/www.uta.cl\/wp-content\/uploads\/2024\/09\/1725979433679-1536x1152.jpg 1536w, https:\/\/www.uta.cl\/wp-content\/uploads\/2024\/09\/1725979433679.jpg 2048w\" sizes=\"(max-width: 622px) 100vw, 622px\" \/><\/figure><\/div>\n\n\n\n<p>El N\u00facleo Milenio AndesPeat, centro de investigaci\u00f3n asociativo financiado por la Iniciativa Cient\u00edfica Milenio de la Agencia Nacional de Investigaci\u00f3n y Desarrollo (ANID) y liderado por la Universidad de Tarapac\u00e1 (UTA), expuso los \u00faltimos resultados que han obtenido en sus estudios por la conservaci\u00f3n y puesta en valor de los humedales altoandinos, espec\u00edficamente, los bofedales.<\/p>\n\n\n\n<p>\u201cHemos recibido la visita de autoridades de la&nbsp; iniciativa Milenio de ANID, para conocer los avances del proyecto a un a\u00f1o y medio de su puesta en marcha. Han conocido la universidad, autoridades, algunas instalaciones, y nuestros resultados, y al mismo tiempo hacer un an\u00e1lisis de nuestros desaf\u00edos\u201d, explic\u00f3 el acad\u00e9mico del Departamento de Ciencias Hist\u00f3ricas y Geogr\u00e1ficas de la UTA y director de AndesPeat, Dr. Manuel Prieto.&nbsp;<\/p>\n\n\n\n<p>Durante este a\u00f1o y medio, el proyecto realiz\u00f3 25 publicaciones: 23 art\u00edculos de revista, un libro de divulgaci\u00f3n y un cap\u00edtulo de libro. De estas, 18 se encuentran indexadas en WoS, dos en Scopus y tres en otras bases de datos; 16 art\u00edculos se clasifican en Q1 o Q2, y siete en Q3 y Q4. Las publicaciones reflejan diversidad de contenidos y disciplinas, siendo la mayor\u00eda en ciencias sociales con 16 art\u00edculos y en ciencias f\u00edsicas con nueve art\u00edculos.<\/p>\n\n\n\n<p>En la exposici\u00f3n de los resultados participaron los investigadores principales de la UTA: Dra. M\u00f3nica Meza, Dr. Oliver Meseguer y Dra. Adriana Ar\u00e1nguiz; as\u00ed como la tesista del doctorado en Ciencias Sociales, Isaura Becker. Entre los asistentes, se destac\u00f3 la presencia de representantes de la Mesa T\u00e9cnica de Ganader\u00eda Cam\u00e9lida de Arica y Parinacota, con quienes se firm\u00f3 un convenio en diciembre del a\u00f1o pasado en el contexto del proyecto.\u00a0\u00a0<\/p>\n\n\n\n<div class=\"wp-block-image\"><figure class=\"aligncenter size-large is-resized\"><img loading=\"lazy\" src=\"https:\/\/www.uta.cl\/wp-content\/uploads\/2024\/09\/1725979433676-1-1024x769.jpg\" alt=\"\" class=\"wp-image-60986\" width=\"604\" height=\"453\" srcset=\"https:\/\/www.uta.cl\/wp-content\/uploads\/2024\/09\/1725979433676-1-1024x769.jpg 1024w, https:\/\/www.uta.cl\/wp-content\/uploads\/2024\/09\/1725979433676-1-300x225.jpg 300w, https:\/\/www.uta.cl\/wp-content\/uploads\/2024\/09\/1725979433676-1-768x577.jpg 768w, https:\/\/www.uta.cl\/wp-content\/uploads\/2024\/09\/1725979433676-1-1536x1154.jpg 1536w, https:\/\/www.uta.cl\/wp-content\/uploads\/2024\/09\/1725979433676-1.jpg 2048w\" sizes=\"(max-width: 604px) 100vw, 604px\" \/><\/figure><\/div>\n\n\n\n<p>\u201cAndesPeat est\u00e1 haciendo muy bien las cosas en t\u00e9rminos de productividad cient\u00edfica,&nbsp; efectivamente est\u00e1n generando investigaci\u00f3n de excelencia y eso es algo que nos deja muy contentos. Por tanto, est\u00e1n cumpliendo con los objetivos que se propusieron como proyecto Milenio, no solo en investigaci\u00f3n sino que tambi\u00e9n en formaci\u00f3n de j\u00f3venes y en divulgaci\u00f3n\u201d, manifest\u00f3 el jefe del Departamento Milenio e Investigaci\u00f3n Cient\u00edfica de Frontera de la ANID, Mauricio Maldonado.<\/p>\n\n\n\n<p>Los proyectos N\u00facleo Milenio buscan contribuir a la creaci\u00f3n de centros de investigaci\u00f3n de excelencia que generen conocimientos cient\u00edficos y tecnol\u00f3gicos de frontera de una forma interdisciplinaria. En ese sentido, Milenio se basa en cuatro pilares fundamentales: Excelencia en la investigaci\u00f3n, redes de colaboraci\u00f3n y asociatividad, formaci\u00f3n de capital humano avanzado y la transferencia de conocimientos.<\/p>\n\n\n\n<p>\u201cLas tasas de adjudicaci\u00f3n de los concursos Milenio son de las m\u00e1s bajas del mundo. Por lo tanto, ganarse un N\u00facleo o un Instituto Milenio es un hecho para sentirse muy orgulloso\u201d, indic\u00f3 Maldonado durante su presentaci\u00f3n.<\/p>\n\n\n\n<div class=\"wp-block-image\"><figure class=\"aligncenter size-large is-resized\"><img loading=\"lazy\" src=\"https:\/\/www.uta.cl\/wp-content\/uploads\/2024\/09\/1725979433684-1-1024x769.jpg\" alt=\"\" class=\"wp-image-60987\" width=\"594\" height=\"446\" srcset=\"https:\/\/www.uta.cl\/wp-content\/uploads\/2024\/09\/1725979433684-1-1024x769.jpg 1024w, https:\/\/www.uta.cl\/wp-content\/uploads\/2024\/09\/1725979433684-1-300x225.jpg 300w, https:\/\/www.uta.cl\/wp-content\/uploads\/2024\/09\/1725979433684-1-768x576.jpg 768w, https:\/\/www.uta.cl\/wp-content\/uploads\/2024\/09\/1725979433684-1-1536x1153.jpg 1536w, https:\/\/www.uta.cl\/wp-content\/uploads\/2024\/09\/1725979433684-1.jpg 2048w\" sizes=\"(max-width: 594px) 100vw, 594px\" \/><\/figure><\/div>\n\n\n\n<p><strong>J\u00f3venes investigadores por el desarrollo territorial<\/strong><\/p>\n\n\n\n<p>El proyecto est\u00e1 integrado por siete investigadores principales de cuatro universidades chilenas, donde tambi\u00e9n colaboran doce investigadores, sumando otras siete universidades nacionales e internacionales, y un centro de investigaci\u00f3n. Durante su a\u00f1o y medio de funcionamiento, ha integrado a 25 tesistas de pregrado, siete alumnos de doctorado, dos de mag\u00edster y tres postdoctorandos. Adem\u00e1s, cuenta con quince j\u00f3venes que trabajan como asistentes de investigaci\u00f3n.<\/p>\n\n\n\n<p>En esta l\u00ednea, el Dr. Prieto mencion\u00f3 que \u201cuna cuesti\u00f3n importante aqu\u00ed es la formaci\u00f3n de nuevos investigadores; el n\u00famero de tesistas que est\u00e1n presentes es significativo, tambi\u00e9n contamos con redes de colaboraci\u00f3n con otras instituciones. Destacamos tambi\u00e9n importantes fondos complementarios que hemos obtenido mediante proyectos Fondecyt, becas Fulbright, entre otros. Tambi\u00e9n nos hemos destacado por impulsar la difusi\u00f3n cient\u00edfica m\u00e1s all\u00e1 de la academia\u201d.<\/p>\n\n\n\n<p>Sobre este \u00faltimo punto, la ge\u00f3grafa y asistente de investigaci\u00f3n en la l\u00ednea de bot\u00e1nica, Natalia Guti\u00e9rrez, coment\u00f3 que \u201chicimos un catastro de flora binacional, tanto de flora vascular del Parque Nacional Lauca como del Parque Nacional Sajama. Esto llev\u00f3 al lanzamiento de una Gu\u00eda de Flora Altoandina en la Feria Binacional de Achuta, en Caquena\u201d, localidad que se encuentra en el hito 15 con la frontera boliviana.<\/p>\n\n\n\n<div class=\"wp-block-image\"><figure class=\"aligncenter size-large is-resized\"><img loading=\"lazy\" src=\"https:\/\/www.uta.cl\/wp-content\/uploads\/2024\/09\/1725979433687-1-1024x769.jpg\" alt=\"\" class=\"wp-image-60988\" width=\"597\" height=\"448\" srcset=\"https:\/\/www.uta.cl\/wp-content\/uploads\/2024\/09\/1725979433687-1-1024x769.jpg 1024w, https:\/\/www.uta.cl\/wp-content\/uploads\/2024\/09\/1725979433687-1-300x225.jpg 300w, https:\/\/www.uta.cl\/wp-content\/uploads\/2024\/09\/1725979433687-1-768x577.jpg 768w, https:\/\/www.uta.cl\/wp-content\/uploads\/2024\/09\/1725979433687-1-1536x1154.jpg 1536w, https:\/\/www.uta.cl\/wp-content\/uploads\/2024\/09\/1725979433687-1.jpg 1600w\" sizes=\"(max-width: 597px) 100vw, 597px\" \/><\/figure><\/div>\n\n\n\n<p>En ese sentido, Guti\u00e9rrez rescat\u00f3 la importancia del trabajo realizado en conjunto con las comunidades de Chile y Bolivia: \u201cEspecialmente en el altiplano, donde compartimos los mismos ecosistemas, como los bofedales, los que\u00f1uales o los tolares. Esto genera un gran desarrollo y oportunidad tanto para acad\u00e9micos, como para estudiantes y que se puede ver reflejado en toda la comunidad. Las plantas, los ecosistemas en general, no tienen fronteras\u201d.&nbsp;<\/p>\n\n\n\n<p>Los tesistas de quinto a\u00f1o en Historia y Geograf\u00eda de la UTA, Alexa P\u00e1ez y Pablo Feli\u00fa, tambi\u00e9n compartieron la relevancia de contar con este tipo de iniciativas en su propia casa de estudios.<\/p>\n\n\n\n<p>\u201cPodemos armar una base con la informaci\u00f3n y el financiamiento que no todos los estudiantes podemos conseguir. Nos ayudan mucho y nos impulsan en nuestros trabajos personales, nos llevan a terreno, podemos tener el contacto con las comunidades gracias a esto\u201d, expres\u00f3 P\u00e1ez, quien se encuentra realizando su tesis sobre los impactos de la regularizaci\u00f3n de la tierra y el agua en el uso y manejo de humedales en Visviri y Bocatoma.<\/p>\n\n\n\n<p>Por su parte, Pablo Feli\u00fa, quien est\u00e1 trabajando su proyecto de tesis en la comunidad de Colchane, en la regi\u00f3n de Tarapac\u00e1, destac\u00f3 que \u201cfue s\u00faper interesante poder participar de esto, ya que una de las l\u00edneas en las que me interesa desarrollarme es en esta \u00e1rea. Es una muy buena forma de acercar a los estudiantes de primera base a la investigaci\u00f3n\u201d.\u00a0<\/p>\n\n\n\n<div class=\"wp-block-image\"><figure class=\"aligncenter size-large is-resized\"><img loading=\"lazy\" src=\"https:\/\/www.uta.cl\/wp-content\/uploads\/2024\/09\/1725979433682-1024x769.jpg\" alt=\"\" class=\"wp-image-60984\" width=\"600\" height=\"450\" srcset=\"https:\/\/www.uta.cl\/wp-content\/uploads\/2024\/09\/1725979433682-1024x769.jpg 1024w, https:\/\/www.uta.cl\/wp-content\/uploads\/2024\/09\/1725979433682-300x225.jpg 300w, https:\/\/www.uta.cl\/wp-content\/uploads\/2024\/09\/1725979433682-768x577.jpg 768w, https:\/\/www.uta.cl\/wp-content\/uploads\/2024\/09\/1725979433682-1536x1154.jpg 1536w, https:\/\/www.uta.cl\/wp-content\/uploads\/2024\/09\/1725979433682.jpg 2048w\" sizes=\"(max-width: 600px) 100vw, 600px\" \/><\/figure><\/div>\n","protected":false},"excerpt":{"rendered":"<p>Durante la jornada tambi\u00e9n se relev\u00f3 la gran participaci\u00f3n de tesistas y j\u00f3venes investigadores en las l\u00edneas de: Formas de conocimiento, Clima y ecolog\u00eda, Gobernanza y Observaci\u00f3n de la tierra. <\/p>\n","protected":false},"author":11,"featured_media":60985,"comment_status":"open","ping_status":"open","sticky":false,"template":"","format":"standard","meta":[],"categories":[315,316],"tags":[],"_links":{"self":[{"href":"https:\/\/www.uta.cl\/index.php\/wp-json\/wp\/v2\/posts\/60980"}],"collection":[{"href":"https:\/\/www.uta.cl\/index.php\/wp-json\/wp\/v2\/posts"}],"about":[{"href":"https:\/\/www.uta.cl\/index.php\/wp-json\/wp\/v2\/types\/post"}],"author":[{"embeddable":true,"href":"https:\/\/www.uta.cl\/index.php\/wp-json\/wp\/v2\/users\/11"}],"replies":[{"embeddable":true,"href":"https:\/\/www.uta.cl\/index.php\/wp-json\/wp\/v2\/comments?post=60980"}],"version-history":[{"count":3,"href":"https:\/\/www.uta.cl\/index.php\/wp-json\/wp\/v2\/posts\/60980\/revisions"}],"predecessor-version":[{"id":60991,"href":"https:\/\/www.uta.cl\/index.php\/wp-json\/wp\/v2\/posts\/60980\/revisions\/60991"}],"wp:featuredmedia":[{"embeddable":true,"href":"https:\/\/www.uta.cl\/index.php\/wp-json\/wp\/v2\/media\/60985"}],"wp:attachment":[{"href":"https:\/\/www.uta.cl\/index.php\/wp-json\/wp\/v2\/media?parent=60980"}],"wp:term":[{"taxonomy":"category","embeddable":true,"href":"https:\/\/www.uta.cl\/index.php\/wp-json\/wp\/v2\/categories?post=60980"},{"taxonomy":"post_tag","embeddable":true,"href":"https:\/\/www.uta.cl\/index.php\/wp-json\/wp\/v2\/tags?post=60980"}],"curies":[{"name":"wp","href":"https:\/\/api.w.org\/{rel}","templated":true}]}}