{"id":60439,"date":"2024-09-02T13:35:07","date_gmt":"2024-09-02T13:35:07","guid":{"rendered":"https:\/\/www.uta.cl\/?p=60439"},"modified":"2024-09-02T13:55:42","modified_gmt":"2024-09-02T13:55:42","slug":"academia-judicial-dicta-conferencia-sobre-requisitos-y-programas-de-ingreso","status":"publish","type":"post","link":"https:\/\/www.uta.cl\/index.php\/2024\/09\/02\/academia-judicial-dicta-conferencia-sobre-requisitos-y-programas-de-ingreso\/","title":{"rendered":"Academia Judicial dicta conferencia sobre requisitos y programas de ingreso"},"content":{"rendered":"\n<p>En el marco de las actividades organizadas por el 30\u00b0 Aniversario de la Academia Judicial, su director Juan Enrique Vargas Viancos, comparti\u00f3 con los estudiantes de 3ro, 4to y 5to de la Facultad de Derecho de la Universidad de Tarapac\u00e1, los requisitos de ingreso y programas de formaci\u00f3n que son impartidos por la Academia Judicial.<\/p>\n\n\n\n<p>La actividad cont\u00f3 adem\u00e1s con la participaci\u00f3n del Ministro Jos\u00e9 Delgado Ahumada, Presidente de la Corte de Apelaciones de Arica y de la Decana de la Facultad de Derechos de la UTA, Dra. Claudia Moraga Contreras.<\/p>\n\n\n\n<figure class=\"wp-block-gallery columns-3 is-cropped\"><ul class=\"blocks-gallery-grid\"><li class=\"blocks-gallery-item\"><figure><a href=\"https:\/\/www.uta.cl\/wp-content\/uploads\/2024\/09\/DSC_0369-scaled.jpg\"><img loading=\"lazy\" width=\"1024\" height=\"681\" src=\"https:\/\/www.uta.cl\/wp-content\/uploads\/2024\/09\/DSC_0369-1024x681.jpg\" alt=\"\" data-id=\"60440\" data-full-url=\"https:\/\/www.uta.cl\/wp-content\/uploads\/2024\/09\/DSC_0369-scaled.jpg\" data-link=\"https:\/\/www.uta.cl\/?attachment_id=60440\" class=\"wp-image-60440\" srcset=\"https:\/\/www.uta.cl\/wp-content\/uploads\/2024\/09\/DSC_0369-1024x681.jpg 1024w, https:\/\/www.uta.cl\/wp-content\/uploads\/2024\/09\/DSC_0369-300x199.jpg 300w, https:\/\/www.uta.cl\/wp-content\/uploads\/2024\/09\/DSC_0369-768x511.jpg 768w, https:\/\/www.uta.cl\/wp-content\/uploads\/2024\/09\/DSC_0369-1536x1021.jpg 1536w, https:\/\/www.uta.cl\/wp-content\/uploads\/2024\/09\/DSC_0369-2048x1362.jpg 2048w\" sizes=\"(max-width: 1024px) 100vw, 1024px\" \/><\/a><\/figure><\/li><li class=\"blocks-gallery-item\"><figure><a href=\"https:\/\/www.uta.cl\/wp-content\/uploads\/2024\/09\/DSC_0371-scaled.jpg\"><img loading=\"lazy\" width=\"1024\" height=\"681\" src=\"https:\/\/www.uta.cl\/wp-content\/uploads\/2024\/09\/DSC_0371-1024x681.jpg\" alt=\"\" data-id=\"60441\" data-full-url=\"https:\/\/www.uta.cl\/wp-content\/uploads\/2024\/09\/DSC_0371-scaled.jpg\" data-link=\"https:\/\/www.uta.cl\/?attachment_id=60441\" class=\"wp-image-60441\" srcset=\"https:\/\/www.uta.cl\/wp-content\/uploads\/2024\/09\/DSC_0371-1024x681.jpg 1024w, https:\/\/www.uta.cl\/wp-content\/uploads\/2024\/09\/DSC_0371-300x199.jpg 300w, https:\/\/www.uta.cl\/wp-content\/uploads\/2024\/09\/DSC_0371-768x511.jpg 768w, https:\/\/www.uta.cl\/wp-content\/uploads\/2024\/09\/DSC_0371-1536x1021.jpg 1536w, https:\/\/www.uta.cl\/wp-content\/uploads\/2024\/09\/DSC_0371-2048x1362.jpg 2048w\" sizes=\"(max-width: 1024px) 100vw, 1024px\" \/><\/a><\/figure><\/li><li class=\"blocks-gallery-item\"><figure><a href=\"https:\/\/www.uta.cl\/wp-content\/uploads\/2024\/09\/DSC_0373-scaled.jpg\"><img loading=\"lazy\" width=\"1024\" height=\"681\" src=\"https:\/\/www.uta.cl\/wp-content\/uploads\/2024\/09\/DSC_0373-1024x681.jpg\" alt=\"\" data-id=\"60442\" data-full-url=\"https:\/\/www.uta.cl\/wp-content\/uploads\/2024\/09\/DSC_0373-scaled.jpg\" data-link=\"https:\/\/www.uta.cl\/?attachment_id=60442\" class=\"wp-image-60442\" srcset=\"https:\/\/www.uta.cl\/wp-content\/uploads\/2024\/09\/DSC_0373-1024x681.jpg 1024w, https:\/\/www.uta.cl\/wp-content\/uploads\/2024\/09\/DSC_0373-300x199.jpg 300w, https:\/\/www.uta.cl\/wp-content\/uploads\/2024\/09\/DSC_0373-768x511.jpg 768w, https:\/\/www.uta.cl\/wp-content\/uploads\/2024\/09\/DSC_0373-1536x1021.jpg 1536w, https:\/\/www.uta.cl\/wp-content\/uploads\/2024\/09\/DSC_0373-2048x1362.jpg 2048w\" sizes=\"(max-width: 1024px) 100vw, 1024px\" \/><\/a><\/figure><\/li><li class=\"blocks-gallery-item\"><figure><a href=\"https:\/\/www.uta.cl\/wp-content\/uploads\/2024\/09\/DSC_0375-scaled.jpg\"><img loading=\"lazy\" width=\"1024\" height=\"681\" src=\"https:\/\/www.uta.cl\/wp-content\/uploads\/2024\/09\/DSC_0375-1024x681.jpg\" alt=\"\" data-id=\"60443\" data-full-url=\"https:\/\/www.uta.cl\/wp-content\/uploads\/2024\/09\/DSC_0375-scaled.jpg\" data-link=\"https:\/\/www.uta.cl\/?attachment_id=60443\" class=\"wp-image-60443\" srcset=\"https:\/\/www.uta.cl\/wp-content\/uploads\/2024\/09\/DSC_0375-1024x681.jpg 1024w, https:\/\/www.uta.cl\/wp-content\/uploads\/2024\/09\/DSC_0375-300x199.jpg 300w, https:\/\/www.uta.cl\/wp-content\/uploads\/2024\/09\/DSC_0375-768x511.jpg 768w, https:\/\/www.uta.cl\/wp-content\/uploads\/2024\/09\/DSC_0375-1536x1021.jpg 1536w, https:\/\/www.uta.cl\/wp-content\/uploads\/2024\/09\/DSC_0375-2048x1362.jpg 2048w\" sizes=\"(max-width: 1024px) 100vw, 1024px\" \/><\/a><\/figure><\/li><li class=\"blocks-gallery-item\"><figure><a href=\"https:\/\/www.uta.cl\/wp-content\/uploads\/2024\/09\/DSC_0380-scaled.jpg\"><img loading=\"lazy\" width=\"1024\" height=\"681\" src=\"https:\/\/www.uta.cl\/wp-content\/uploads\/2024\/09\/DSC_0380-1024x681.jpg\" alt=\"\" data-id=\"60444\" data-full-url=\"https:\/\/www.uta.cl\/wp-content\/uploads\/2024\/09\/DSC_0380-scaled.jpg\" data-link=\"https:\/\/www.uta.cl\/?attachment_id=60444\" class=\"wp-image-60444\" srcset=\"https:\/\/www.uta.cl\/wp-content\/uploads\/2024\/09\/DSC_0380-1024x681.jpg 1024w, https:\/\/www.uta.cl\/wp-content\/uploads\/2024\/09\/DSC_0380-300x199.jpg 300w, https:\/\/www.uta.cl\/wp-content\/uploads\/2024\/09\/DSC_0380-768x511.jpg 768w, https:\/\/www.uta.cl\/wp-content\/uploads\/2024\/09\/DSC_0380-1536x1021.jpg 1536w, https:\/\/www.uta.cl\/wp-content\/uploads\/2024\/09\/DSC_0380-2048x1362.jpg 2048w\" sizes=\"(max-width: 1024px) 100vw, 1024px\" \/><\/a><\/figure><\/li><\/ul><\/figure>\n","protected":false},"excerpt":{"rendered":"<p>En el marco de las actividades organizadas por el 30\u00b0 Aniversario de la Academia Judicial, su director Juan Enrique Vargas Viancos, comparti\u00f3 con los estudiantes de 3ro, 4to y 5to de la Facultad de Derecho de la Universidad de Tarapac\u00e1, los requisitos de ingreso y programas de formaci\u00f3n que son impartidos por la Academia Judicial. [&hellip;]<\/p>\n","protected":false},"author":13,"featured_media":60442,"comment_status":"open","ping_status":"open","sticky":false,"template":"","format":"standard","meta":[],"categories":[318],"tags":[],"_links":{"self":[{"href":"https:\/\/www.uta.cl\/index.php\/wp-json\/wp\/v2\/posts\/60439"}],"collection":[{"href":"https:\/\/www.uta.cl\/index.php\/wp-json\/wp\/v2\/posts"}],"about":[{"href":"https:\/\/www.uta.cl\/index.php\/wp-json\/wp\/v2\/types\/post"}],"author":[{"embeddable":true,"href":"https:\/\/www.uta.cl\/index.php\/wp-json\/wp\/v2\/users\/13"}],"replies":[{"embeddable":true,"href":"https:\/\/www.uta.cl\/index.php\/wp-json\/wp\/v2\/comments?post=60439"}],"version-history":[{"count":2,"href":"https:\/\/www.uta.cl\/index.php\/wp-json\/wp\/v2\/posts\/60439\/revisions"}],"predecessor-version":[{"id":60463,"href":"https:\/\/www.uta.cl\/index.php\/wp-json\/wp\/v2\/posts\/60439\/revisions\/60463"}],"wp:featuredmedia":[{"embeddable":true,"href":"https:\/\/www.uta.cl\/index.php\/wp-json\/wp\/v2\/media\/60442"}],"wp:attachment":[{"href":"https:\/\/www.uta.cl\/index.php\/wp-json\/wp\/v2\/media?parent=60439"}],"wp:term":[{"taxonomy":"category","embeddable":true,"href":"https:\/\/www.uta.cl\/index.php\/wp-json\/wp\/v2\/categories?post=60439"},{"taxonomy":"post_tag","embeddable":true,"href":"https:\/\/www.uta.cl\/index.php\/wp-json\/wp\/v2\/tags?post=60439"}],"curies":[{"name":"wp","href":"https:\/\/api.w.org\/{rel}","templated":true}]}}