{"id":59615,"date":"2024-08-20T19:31:23","date_gmt":"2024-08-20T19:31:23","guid":{"rendered":"https:\/\/www.uta.cl\/?p=59615"},"modified":"2024-09-02T13:57:49","modified_gmt":"2024-09-02T13:57:49","slug":"gracias-a-la-alianza-entre-la-uta-y-el-slep-chinchorro-directores-de-diez-establecimientos-educacionales-publicos-de-arica-conocen-de-cerca-investigaciones-sobre-liderazgo-y-gestion-escolar","status":"publish","type":"post","link":"https:\/\/www.uta.cl\/index.php\/2024\/08\/20\/gracias-a-la-alianza-entre-la-uta-y-el-slep-chinchorro-directores-de-diez-establecimientos-educacionales-publicos-de-arica-conocen-de-cerca-investigaciones-sobre-liderazgo-y-gestion-escolar\/","title":{"rendered":"Gracias a la alianza entre la UTA y el SLEP Chinchorro, directores de diez establecimientos educacionales p\u00fablicos de Arica conocen de cerca investigaciones sobre liderazgo y gesti\u00f3n escolar"},"content":{"rendered":"\n<p>Desde el pasado&nbsp;lunes 5 al viernes 9 de agosto,&nbsp;nuevos&nbsp;directores&nbsp;y directoras de diez instituciones educativas&nbsp;p\u00fablicas&nbsp;de Arica&nbsp;conocieron de cerca las investigaciones acad\u00e9micas entorno al liderazgo, las buenas pr\u00e1cticas en la direcci\u00f3n y ciclo de la mejora continua en los entornos escolares.<\/p>\n\n\n\n<p>Esto producto de la alianza entre el Servicio Local de Educaci\u00f3n P\u00fablica Chinchorro (Slep-Chinchorro) y la Universidad de Tarapac\u00e1 (UTA), quienes en conjunto dise\u00f1aron la inducci\u00f3n Liderazgo Estrat\u00e9gico en la Gesti\u00f3n Escolar: trasformando&nbsp;la nueva Educaci\u00f3n P\u00fablica.<\/p>\n\n\n\n<figure class=\"wp-block-gallery columns-3 is-cropped\"><ul class=\"blocks-gallery-grid\"><li class=\"blocks-gallery-item\"><figure><a href=\"https:\/\/www.uta.cl\/wp-content\/uploads\/2024\/08\/1.jpeg\"><img loading=\"lazy\" width=\"1024\" height=\"576\" src=\"https:\/\/www.uta.cl\/wp-content\/uploads\/2024\/08\/1-1024x576.jpeg\" alt=\"\" data-id=\"59616\" data-full-url=\"https:\/\/www.uta.cl\/wp-content\/uploads\/2024\/08\/1.jpeg\" data-link=\"https:\/\/www.uta.cl\/?attachment_id=59616\" class=\"wp-image-59616\" srcset=\"https:\/\/www.uta.cl\/wp-content\/uploads\/2024\/08\/1-1024x576.jpeg 1024w, https:\/\/www.uta.cl\/wp-content\/uploads\/2024\/08\/1-300x169.jpeg 300w, https:\/\/www.uta.cl\/wp-content\/uploads\/2024\/08\/1-768x432.jpeg 768w, https:\/\/www.uta.cl\/wp-content\/uploads\/2024\/08\/1.jpeg 1280w\" sizes=\"(max-width: 1024px) 100vw, 1024px\" \/><\/a><\/figure><\/li><li class=\"blocks-gallery-item\"><figure><a href=\"https:\/\/www.uta.cl\/wp-content\/uploads\/2024\/08\/3.-.jpeg\"><img loading=\"lazy\" width=\"1024\" height=\"576\" src=\"https:\/\/www.uta.cl\/wp-content\/uploads\/2024\/08\/3.--1024x576.jpeg\" alt=\"\" data-id=\"59618\" data-full-url=\"https:\/\/www.uta.cl\/wp-content\/uploads\/2024\/08\/3.-.jpeg\" data-link=\"https:\/\/www.uta.cl\/?attachment_id=59618\" class=\"wp-image-59618\" srcset=\"https:\/\/www.uta.cl\/wp-content\/uploads\/2024\/08\/3.--1024x576.jpeg 1024w, https:\/\/www.uta.cl\/wp-content\/uploads\/2024\/08\/3.--300x169.jpeg 300w, https:\/\/www.uta.cl\/wp-content\/uploads\/2024\/08\/3.--768x432.jpeg 768w, https:\/\/www.uta.cl\/wp-content\/uploads\/2024\/08\/3.--1536x864.jpeg 1536w, https:\/\/www.uta.cl\/wp-content\/uploads\/2024\/08\/3.-.jpeg 1600w\" sizes=\"(max-width: 1024px) 100vw, 1024px\" \/><\/a><\/figure><\/li><li class=\"blocks-gallery-item\"><figure><a href=\"https:\/\/www.uta.cl\/wp-content\/uploads\/2024\/08\/4.--scaled.jpg\"><img loading=\"lazy\" width=\"1024\" height=\"683\" src=\"https:\/\/www.uta.cl\/wp-content\/uploads\/2024\/08\/4.--1024x683.jpg\" alt=\"\" data-id=\"59619\" data-full-url=\"https:\/\/www.uta.cl\/wp-content\/uploads\/2024\/08\/4.--scaled.jpg\" data-link=\"https:\/\/www.uta.cl\/?attachment_id=59619\" class=\"wp-image-59619\" srcset=\"https:\/\/www.uta.cl\/wp-content\/uploads\/2024\/08\/4.--1024x683.jpg 1024w, https:\/\/www.uta.cl\/wp-content\/uploads\/2024\/08\/4.--300x200.jpg 300w, https:\/\/www.uta.cl\/wp-content\/uploads\/2024\/08\/4.--768x512.jpg 768w, https:\/\/www.uta.cl\/wp-content\/uploads\/2024\/08\/4.--1536x1024.jpg 1536w, https:\/\/www.uta.cl\/wp-content\/uploads\/2024\/08\/4.--2048x1365.jpg 2048w\" sizes=\"(max-width: 1024px) 100vw, 1024px\" \/><\/a><\/figure><\/li><li class=\"blocks-gallery-item\"><figure><a href=\"https:\/\/www.uta.cl\/wp-content\/uploads\/2024\/08\/5.--scaled.jpg\"><img loading=\"lazy\" width=\"1024\" height=\"575\" src=\"https:\/\/www.uta.cl\/wp-content\/uploads\/2024\/08\/5.--1024x575.jpg\" alt=\"\" data-id=\"59620\" data-full-url=\"https:\/\/www.uta.cl\/wp-content\/uploads\/2024\/08\/5.--scaled.jpg\" data-link=\"https:\/\/www.uta.cl\/?attachment_id=59620\" class=\"wp-image-59620\" srcset=\"https:\/\/www.uta.cl\/wp-content\/uploads\/2024\/08\/5.--1024x575.jpg 1024w, https:\/\/www.uta.cl\/wp-content\/uploads\/2024\/08\/5.--300x169.jpg 300w, https:\/\/www.uta.cl\/wp-content\/uploads\/2024\/08\/5.--768x431.jpg 768w, https:\/\/www.uta.cl\/wp-content\/uploads\/2024\/08\/5.--1536x863.jpg 1536w, https:\/\/www.uta.cl\/wp-content\/uploads\/2024\/08\/5.--2048x1150.jpg 2048w\" sizes=\"(max-width: 1024px) 100vw, 1024px\" \/><\/a><\/figure><\/li><li class=\"blocks-gallery-item\"><figure><a href=\"https:\/\/www.uta.cl\/wp-content\/uploads\/2024\/08\/6.--scaled.jpg\"><img loading=\"lazy\" width=\"1024\" height=\"575\" src=\"https:\/\/www.uta.cl\/wp-content\/uploads\/2024\/08\/6.--1024x575.jpg\" alt=\"\" data-id=\"59621\" data-full-url=\"https:\/\/www.uta.cl\/wp-content\/uploads\/2024\/08\/6.--scaled.jpg\" data-link=\"https:\/\/www.uta.cl\/?attachment_id=59621\" class=\"wp-image-59621\" srcset=\"https:\/\/www.uta.cl\/wp-content\/uploads\/2024\/08\/6.--1024x575.jpg 1024w, https:\/\/www.uta.cl\/wp-content\/uploads\/2024\/08\/6.--300x169.jpg 300w, https:\/\/www.uta.cl\/wp-content\/uploads\/2024\/08\/6.--768x431.jpg 768w, https:\/\/www.uta.cl\/wp-content\/uploads\/2024\/08\/6.--1536x863.jpg 1536w, https:\/\/www.uta.cl\/wp-content\/uploads\/2024\/08\/6.--2048x1150.jpg 2048w\" sizes=\"(max-width: 1024px) 100vw, 1024px\" \/><\/a><\/figure><\/li><li class=\"blocks-gallery-item\"><figure><a href=\"https:\/\/www.uta.cl\/wp-content\/uploads\/2024\/08\/7.--scaled.jpg\"><img loading=\"lazy\" width=\"1024\" height=\"681\" src=\"https:\/\/www.uta.cl\/wp-content\/uploads\/2024\/08\/7.--1024x681.jpg\" alt=\"\" data-id=\"59622\" data-full-url=\"https:\/\/www.uta.cl\/wp-content\/uploads\/2024\/08\/7.--scaled.jpg\" data-link=\"https:\/\/www.uta.cl\/?attachment_id=59622\" class=\"wp-image-59622\" srcset=\"https:\/\/www.uta.cl\/wp-content\/uploads\/2024\/08\/7.--1024x681.jpg 1024w, https:\/\/www.uta.cl\/wp-content\/uploads\/2024\/08\/7.--300x200.jpg 300w, https:\/\/www.uta.cl\/wp-content\/uploads\/2024\/08\/7.--768x511.jpg 768w, https:\/\/www.uta.cl\/wp-content\/uploads\/2024\/08\/7.--1536x1022.jpg 1536w, https:\/\/www.uta.cl\/wp-content\/uploads\/2024\/08\/7.--2048x1363.jpg 2048w\" sizes=\"(max-width: 1024px) 100vw, 1024px\" \/><\/a><\/figure><\/li><li class=\"blocks-gallery-item\"><figure><a href=\"https:\/\/www.uta.cl\/wp-content\/uploads\/2024\/08\/2.-.jpeg\"><img loading=\"lazy\" width=\"1024\" height=\"576\" src=\"https:\/\/www.uta.cl\/wp-content\/uploads\/2024\/08\/2.--1024x576.jpeg\" alt=\"\" data-id=\"59617\" data-full-url=\"https:\/\/www.uta.cl\/wp-content\/uploads\/2024\/08\/2.-.jpeg\" data-link=\"https:\/\/www.uta.cl\/?attachment_id=59617\" class=\"wp-image-59617\" srcset=\"https:\/\/www.uta.cl\/wp-content\/uploads\/2024\/08\/2.--1024x576.jpeg 1024w, https:\/\/www.uta.cl\/wp-content\/uploads\/2024\/08\/2.--300x169.jpeg 300w, https:\/\/www.uta.cl\/wp-content\/uploads\/2024\/08\/2.--768x432.jpeg 768w, https:\/\/www.uta.cl\/wp-content\/uploads\/2024\/08\/2.--1536x864.jpeg 1536w, https:\/\/www.uta.cl\/wp-content\/uploads\/2024\/08\/2.-.jpeg 1600w\" sizes=\"(max-width: 1024px) 100vw, 1024px\" \/><\/a><\/figure><\/li><\/ul><\/figure>\n","protected":false},"excerpt":{"rendered":"<p>Desde el pasado&nbsp;lunes 5 al viernes 9 de agosto,&nbsp;nuevos&nbsp;directores&nbsp;y directoras de diez instituciones educativas&nbsp;p\u00fablicas&nbsp;de Arica&nbsp;conocieron de cerca las investigaciones acad\u00e9micas entorno al liderazgo, las buenas pr\u00e1cticas en la direcci\u00f3n y ciclo de la mejora continua en los entornos escolares. Esto producto de la alianza entre el Servicio Local de Educaci\u00f3n P\u00fablica Chinchorro (Slep-Chinchorro) y la [&hellip;]<\/p>\n","protected":false},"author":13,"featured_media":59617,"comment_status":"open","ping_status":"open","sticky":false,"template":"","format":"standard","meta":[],"categories":[318],"tags":[],"_links":{"self":[{"href":"https:\/\/www.uta.cl\/index.php\/wp-json\/wp\/v2\/posts\/59615"}],"collection":[{"href":"https:\/\/www.uta.cl\/index.php\/wp-json\/wp\/v2\/posts"}],"about":[{"href":"https:\/\/www.uta.cl\/index.php\/wp-json\/wp\/v2\/types\/post"}],"author":[{"embeddable":true,"href":"https:\/\/www.uta.cl\/index.php\/wp-json\/wp\/v2\/users\/13"}],"replies":[{"embeddable":true,"href":"https:\/\/www.uta.cl\/index.php\/wp-json\/wp\/v2\/comments?post=59615"}],"version-history":[{"count":3,"href":"https:\/\/www.uta.cl\/index.php\/wp-json\/wp\/v2\/posts\/59615\/revisions"}],"predecessor-version":[{"id":60465,"href":"https:\/\/www.uta.cl\/index.php\/wp-json\/wp\/v2\/posts\/59615\/revisions\/60465"}],"wp:featuredmedia":[{"embeddable":true,"href":"https:\/\/www.uta.cl\/index.php\/wp-json\/wp\/v2\/media\/59617"}],"wp:attachment":[{"href":"https:\/\/www.uta.cl\/index.php\/wp-json\/wp\/v2\/media?parent=59615"}],"wp:term":[{"taxonomy":"category","embeddable":true,"href":"https:\/\/www.uta.cl\/index.php\/wp-json\/wp\/v2\/categories?post=59615"},{"taxonomy":"post_tag","embeddable":true,"href":"https:\/\/www.uta.cl\/index.php\/wp-json\/wp\/v2\/tags?post=59615"}],"curies":[{"name":"wp","href":"https:\/\/api.w.org\/{rel}","templated":true}]}}