{"id":59367,"date":"2024-08-19T13:39:26","date_gmt":"2024-08-19T13:39:26","guid":{"rendered":"https:\/\/www.uta.cl\/?p=59367"},"modified":"2024-08-19T13:56:18","modified_gmt":"2024-08-19T13:56:18","slug":"utarapaca-impulsa-la-perspectiva-de-genero-con-encuentro-de-mujeres-penalistas-y-criminologas-en-su-sede-iquique","status":"publish","type":"post","link":"https:\/\/www.uta.cl\/index.php\/2024\/08\/19\/utarapaca-impulsa-la-perspectiva-de-genero-con-encuentro-de-mujeres-penalistas-y-criminologas-en-su-sede-iquique\/","title":{"rendered":"UTarapac\u00e1 impulsa la perspectiva de g\u00e9nero con encuentro de Mujeres Penalistas y Crimin\u00f3logas en su Sede Iquique"},"content":{"rendered":"\n<figure class=\"wp-block-image size-large\"><img loading=\"lazy\" width=\"1024\" height=\"768\" src=\"https:\/\/www.uta.cl\/wp-content\/uploads\/2024\/08\/fc9478ea-857d-4541-8284-7faf9381e231-1024x768.jpg\" alt=\"\" class=\"wp-image-59369\" srcset=\"https:\/\/www.uta.cl\/wp-content\/uploads\/2024\/08\/fc9478ea-857d-4541-8284-7faf9381e231-1024x768.jpg 1024w, https:\/\/www.uta.cl\/wp-content\/uploads\/2024\/08\/fc9478ea-857d-4541-8284-7faf9381e231-300x225.jpg 300w, https:\/\/www.uta.cl\/wp-content\/uploads\/2024\/08\/fc9478ea-857d-4541-8284-7faf9381e231-768x576.jpg 768w, https:\/\/www.uta.cl\/wp-content\/uploads\/2024\/08\/fc9478ea-857d-4541-8284-7faf9381e231-1536x1152.jpg 1536w, https:\/\/www.uta.cl\/wp-content\/uploads\/2024\/08\/fc9478ea-857d-4541-8284-7faf9381e231.jpg 1600w\" sizes=\"(max-width: 1024px) 100vw, 1024px\" \/><\/figure>\n\n\n\n<p>En la Sede Esmeralda de la Sede Iquique de la Universidad de Tarapac\u00e1, se llev\u00f3 a cabo las \u201cVII Jornadas de Mujeres Penalistas y Crimin\u00f3logas\u201d, que todos los a\u00f1os re\u00fane a acad\u00e9micas, investigadoras y profesionales vinculadas a las ciencias penales y a la criminolog\u00eda.<\/p>\n\n\n\n<p>En esta nueva versi\u00f3n se presentaron m\u00e1s de 40 exposiciones de acad\u00e9micas y profesionales del \u00e1rea, nacionales e internacionales, en las que se abordaron diversas tem\u00e1ticas vinculadas al derecho penal, las ciencias penales y la criminolog\u00eda.<\/p>\n\n\n\n<p>El acto inaugural estuvo a cargo de la Dra. Julieta di Corleto, de la Universidad de Buenos Aires, quien present\u00f3 la ponencia titulada \u201cPerspectiva de g\u00e9nero en la dogm\u00e1tica penal: Caminos recorridos y obst\u00e1culos pendientes\u201d. En tato, el cierre del primer d\u00eda estuvo a cargo de la magistrada Nancy Alvarado Gonz\u00e1lez, del Tribunal Oral en lo Penal de Iquique, quien expuso sobre algunos casos emblem\u00e1ticos de la regi\u00f3n, como lo fue el femicidio trans de Yuridia.<\/p>\n\n\n\n<p>Para el segundo d\u00eda, se realiz\u00f3 la plenaria de apertura de la Dra. Ana Mar\u00eda Morales, Gerenta de la Divisi\u00f3n de Estudios de la Fiscal\u00eda Nacional, quien expuso sobre los homicidios y secuestros en contexto del crimen organizado.<\/p>\n\n\n\n<figure class=\"wp-block-image size-large\"><img loading=\"lazy\" width=\"1024\" height=\"768\" src=\"https:\/\/www.uta.cl\/wp-content\/uploads\/2024\/08\/fb120460-96aa-4899-9a0b-94b7007320ac-1024x768.jpg\" alt=\"\" class=\"wp-image-59368\" srcset=\"https:\/\/www.uta.cl\/wp-content\/uploads\/2024\/08\/fb120460-96aa-4899-9a0b-94b7007320ac-1024x768.jpg 1024w, https:\/\/www.uta.cl\/wp-content\/uploads\/2024\/08\/fb120460-96aa-4899-9a0b-94b7007320ac-300x225.jpg 300w, https:\/\/www.uta.cl\/wp-content\/uploads\/2024\/08\/fb120460-96aa-4899-9a0b-94b7007320ac-768x576.jpg 768w, https:\/\/www.uta.cl\/wp-content\/uploads\/2024\/08\/fb120460-96aa-4899-9a0b-94b7007320ac-1536x1152.jpg 1536w, https:\/\/www.uta.cl\/wp-content\/uploads\/2024\/08\/fb120460-96aa-4899-9a0b-94b7007320ac.jpg 1600w\" sizes=\"(max-width: 1024px) 100vw, 1024px\" \/><\/figure>\n\n\n\n<p>Al respecto, la Directora General de Sede Iquique y abogada, Dra. Yasna Godoy Henr\u00edquez, se refiri\u00f3 a la importancia del encuentro: \u201cEspacios como del que hoy somos parte, donde se re\u00fane un grupo selecto de mujeres penalistas y crimin\u00f3logas nos llena de satisfacci\u00f3n y orgullo y nos desaf\u00eda a seguir contribuyendo a ser parte de la creaci\u00f3n de redes de trabajo, espacios de reflexi\u00f3n y generaci\u00f3n de nuevo conocimiento donde nuestros y nuestras estudiantes tienen la posibilidad de nutrirse de las experiencias de estas connotadas invitadas nacionales e internacionales que sin duda aportan a generar alianzas virtuosas entre la academia y los distintos operadores jur\u00eddicos\u201d.<\/p>\n\n\n\n<p>Dicho encuentro representa un hito relevante para la Facultad de Derecho de la Universidad de Tarapac\u00e1 en Iquique, respecto a la vinculaci\u00f3n con el medio, tanto en cuanto posibilit\u00f3 un espacio de reflexi\u00f3n acad\u00e9mica entre la UTA y los operadores del sistema, constituyendo un gran avance para las mujeres en las ciencias penales.<\/p>\n\n\n\n<p>El equipo organizador de la actividad estuvo conformado por Marcela Tapia Leiva, docente de Litigaci\u00f3n Oral, Nicole Acu\u00f1a Carvajal, defensora penal y docente de Derecho Penal, Romina Ramos Rodr\u00edguez acad\u00e9mica de Trabajo Social, Roberto Dufraix Tapia, Director de la Escuela de Derecho Iquique, Hans Guthrie Sol\u00eds, Jefe de Carrera, y Nicol\u00e1s Bravo Correa.<\/p>\n","protected":false},"excerpt":{"rendered":"<p>En esta nueva versi\u00f3n se cont\u00f3 con la presentaci\u00f3n de m\u00e1s de 40 ponencias de profesionales y acad\u00e9micas del \u00e1rea. <\/p>\n","protected":false},"author":13,"featured_media":59370,"comment_status":"open","ping_status":"open","sticky":false,"template":"","format":"standard","meta":[],"categories":[42,316,51],"tags":[],"_links":{"self":[{"href":"https:\/\/www.uta.cl\/index.php\/wp-json\/wp\/v2\/posts\/59367"}],"collection":[{"href":"https:\/\/www.uta.cl\/index.php\/wp-json\/wp\/v2\/posts"}],"about":[{"href":"https:\/\/www.uta.cl\/index.php\/wp-json\/wp\/v2\/types\/post"}],"author":[{"embeddable":true,"href":"https:\/\/www.uta.cl\/index.php\/wp-json\/wp\/v2\/users\/13"}],"replies":[{"embeddable":true,"href":"https:\/\/www.uta.cl\/index.php\/wp-json\/wp\/v2\/comments?post=59367"}],"version-history":[{"count":1,"href":"https:\/\/www.uta.cl\/index.php\/wp-json\/wp\/v2\/posts\/59367\/revisions"}],"predecessor-version":[{"id":59372,"href":"https:\/\/www.uta.cl\/index.php\/wp-json\/wp\/v2\/posts\/59367\/revisions\/59372"}],"wp:featuredmedia":[{"embeddable":true,"href":"https:\/\/www.uta.cl\/index.php\/wp-json\/wp\/v2\/media\/59370"}],"wp:attachment":[{"href":"https:\/\/www.uta.cl\/index.php\/wp-json\/wp\/v2\/media?parent=59367"}],"wp:term":[{"taxonomy":"category","embeddable":true,"href":"https:\/\/www.uta.cl\/index.php\/wp-json\/wp\/v2\/categories?post=59367"},{"taxonomy":"post_tag","embeddable":true,"href":"https:\/\/www.uta.cl\/index.php\/wp-json\/wp\/v2\/tags?post=59367"}],"curies":[{"name":"wp","href":"https:\/\/api.w.org\/{rel}","templated":true}]}}