{"id":53769,"date":"2024-05-16T00:37:00","date_gmt":"2024-05-16T00:37:00","guid":{"rendered":"https:\/\/www.uta.cl\/?p=53769"},"modified":"2024-05-30T18:35:39","modified_gmt":"2024-05-30T18:35:39","slug":"utarapaca-celebro-su-primer-encuentro-de-la-mujer-y-nina-en-la-ciencia","status":"publish","type":"post","link":"https:\/\/www.uta.cl\/index.php\/2024\/05\/16\/utarapaca-celebro-su-primer-encuentro-de-la-mujer-y-nina-en-la-ciencia\/","title":{"rendered":"UTarapac\u00e1 celebr\u00f3 su primer Encuentro de la Mujer y Ni\u00f1a en la Ciencia"},"content":{"rendered":"\n<div class=\"wp-block-image\"><figure class=\"aligncenter size-large is-resized\"><img loading=\"lazy\" src=\"https:\/\/www.uta.cl\/wp-content\/uploads\/2024\/05\/DAF6019-1024x683.jpg\" alt=\"\" class=\"wp-image-53768\" width=\"554\" height=\"369\" srcset=\"https:\/\/www.uta.cl\/wp-content\/uploads\/2024\/05\/DAF6019-1024x683.jpg 1024w, https:\/\/www.uta.cl\/wp-content\/uploads\/2024\/05\/DAF6019-300x200.jpg 300w, https:\/\/www.uta.cl\/wp-content\/uploads\/2024\/05\/DAF6019-768x512.jpg 768w, https:\/\/www.uta.cl\/wp-content\/uploads\/2024\/05\/DAF6019-1536x1025.jpg 1536w, https:\/\/www.uta.cl\/wp-content\/uploads\/2024\/05\/DAF6019.jpg 2048w\" sizes=\"(max-width: 554px) 100vw, 554px\" \/><\/figure><\/div>\n\n\n\n<p>Con el objetivo de celebrar el D\u00eda Internacional de la Mujer y la Ni\u00f1a en la Ciencia, la Universidad de Tarapac\u00e1 a trav\u00e9s de la Facultad de Ciencias, junto con la Direcci\u00f3n de Equidad y G\u00e9nero, los proyectos Explora Arica y Parinacota, InEs G\u00e9nero y el consorcio Ciencia e Innovaci\u00f3n 2030, organiz\u00f3 el \u201cI Encuentro de la Mujer y Ni\u00f1a en la Ciencia\u201d.<\/p>\n\n\n\n<p>\u201cEsta actividad se constituye como una primera jornada de reflexi\u00f3n en torno a la Mujer y la ni\u00f1a en la Ciencia, invitando a estudiantes, acad\u00e9micos y directivos a analizar conjuntamente c\u00f3mo la universidad, desde la admisi\u00f3n, formaci\u00f3n, investigaci\u00f3n e innovaci\u00f3n con transferencia tecnol\u00f3gica, estamos siendo o no capaces de incorporar la perspectiva de g\u00e9nero\u201d, destac\u00f3 la vicerrectora de Desarrollo Estrat\u00e9gico, Dra. Jenniffer Peralta.<\/p>\n\n\n\n<div class=\"wp-block-image\"><figure class=\"aligncenter size-large is-resized\"><img loading=\"lazy\" src=\"https:\/\/www.uta.cl\/wp-content\/uploads\/2024\/05\/DAF6013-1024x714.jpg\" alt=\"\" class=\"wp-image-53770\" width=\"538\" height=\"375\" srcset=\"https:\/\/www.uta.cl\/wp-content\/uploads\/2024\/05\/DAF6013-1024x714.jpg 1024w, https:\/\/www.uta.cl\/wp-content\/uploads\/2024\/05\/DAF6013-300x209.jpg 300w, https:\/\/www.uta.cl\/wp-content\/uploads\/2024\/05\/DAF6013-768x535.jpg 768w, https:\/\/www.uta.cl\/wp-content\/uploads\/2024\/05\/DAF6013-1536x1070.jpg 1536w, https:\/\/www.uta.cl\/wp-content\/uploads\/2024\/05\/DAF6013.jpg 2048w\" sizes=\"(max-width: 538px) 100vw, 538px\" \/><\/figure><\/div>\n\n\n\n<p>Al cierre de la jornada, la acad\u00e9mica del Instituto de Matem\u00e1tica de la U. de Valpara\u00edso, Dra. Andrea Vera, expuso sobre los hallazgos de tres proyectos de investigaci\u00f3n en los que ha participado que muestran c\u00f3mo a menudo las mujeres matem\u00e1ticas tienen una \u201csensaci\u00f3n de extranjer\u00eda\u201d en su campo y que la homogeneidad en las comunidades cient\u00edficas puede afectar negativamente la producci\u00f3n de nuevo conocimiento, entre otras problem\u00e1ticas.<\/p>\n\n\n\n<p>\u201cEn general lo primero que salta a la vista y de lo que m\u00e1s se habla es de la representaci\u00f3n, de las cifras, de participaci\u00f3n, etc. Que sin duda es muy importante, pero me interesa profundizar un poco m\u00e1s all\u00e1 de las cifras, de los n\u00fameros, cu\u00e1les son las implicancias, por ejemplo, para la producci\u00f3n de conocimiento cient\u00edfico\u201d, manifest\u00f3 Vera.<\/p>\n\n\n\n<p>Este evento se enmarca en el contexto del consorcio Ciencia e Innovaci\u00f3n 2030. Un proyecto conformado por la U. Mayor, U. de Atacama, U. Aut\u00f3noma y la U. de Tarapac\u00e1, que busca promover, de forma colaborativa e interdisciplinaria, un proceso de co-construcci\u00f3n de un modelo educativo multidimensional y con perspectiva de g\u00e9nero en ciencias b\u00e1sicas, tecnolog\u00edas e ingenier\u00eda.<\/p>\n\n\n\n<p>\u201cEl proyecto Ciencia 2030 justamente nos ha permitido concientizar sobre la importancia de la participaci\u00f3n y liderazgo femenino en las ciencias, incorporar a las mujeres y reducir las brechas de g\u00e9nero en esta \u00e1rea\u201d, apunt\u00f3 el decano de la Facultad de Ciencias, Dr. \u00c1lvaro Cort\u00ednez.<\/p>\n\n\n\n<div class=\"wp-block-image\"><figure class=\"aligncenter size-large is-resized\"><img loading=\"lazy\" src=\"https:\/\/www.uta.cl\/wp-content\/uploads\/2024\/05\/DAF6004-1024x652.jpg\" alt=\"\" class=\"wp-image-53767\" width=\"551\" height=\"350\" srcset=\"https:\/\/www.uta.cl\/wp-content\/uploads\/2024\/05\/DAF6004-1024x652.jpg 1024w, https:\/\/www.uta.cl\/wp-content\/uploads\/2024\/05\/DAF6004-300x191.jpg 300w, https:\/\/www.uta.cl\/wp-content\/uploads\/2024\/05\/DAF6004-768x489.jpg 768w, https:\/\/www.uta.cl\/wp-content\/uploads\/2024\/05\/DAF6004-1536x978.jpg 1536w, https:\/\/www.uta.cl\/wp-content\/uploads\/2024\/05\/DAF6004.jpg 2048w\" sizes=\"(max-width: 551px) 100vw, 551px\" \/><\/figure><\/div>\n\n\n\n<p>El evento fue valorado por Angelina Soto, estudiante de tercer a\u00f1o de Pedagog\u00eda en Matem\u00e1tica, quien relev\u00f3 el poder poder interactuar directamente con la expositora: \u201cPara m\u00ed la parte m\u00e1s interesante de las charlas son las preguntas finales, porque siento que hay una verdadera discusi\u00f3n entre lo que piensa el p\u00fablico y lo que est\u00e1 presentando la expositora. Entonces, es bastante importante venir a esto y tambi\u00e9n apoyarlo como facultad\u201d.&nbsp;<\/p>\n\n\n\n<div class=\"wp-block-image\"><figure class=\"aligncenter size-large is-resized\"><img loading=\"lazy\" src=\"https:\/\/www.uta.cl\/wp-content\/uploads\/2024\/05\/DAF6001-1024x691.jpg\" alt=\"\" class=\"wp-image-53766\" width=\"539\" height=\"363\" srcset=\"https:\/\/www.uta.cl\/wp-content\/uploads\/2024\/05\/DAF6001-1024x691.jpg 1024w, https:\/\/www.uta.cl\/wp-content\/uploads\/2024\/05\/DAF6001-300x202.jpg 300w, https:\/\/www.uta.cl\/wp-content\/uploads\/2024\/05\/DAF6001-768x518.jpg 768w, https:\/\/www.uta.cl\/wp-content\/uploads\/2024\/05\/DAF6001-1536x1037.jpg 1536w, https:\/\/www.uta.cl\/wp-content\/uploads\/2024\/05\/DAF6001.jpg 2048w\" sizes=\"(max-width: 539px) 100vw, 539px\" \/><\/figure><\/div>\n","protected":false},"excerpt":{"rendered":"<p>La jornada contempl\u00f3 una feria cient\u00edfica para estudiantes de distintos establecimientos educativos y una charla magistral enfocada en los estudiantes, acad\u00e9micos y directivos de la Universidad.<\/p>\n","protected":false},"author":11,"featured_media":53768,"comment_status":"open","ping_status":"open","sticky":false,"template":"","format":"standard","meta":[],"categories":[45,316,51],"tags":[],"_links":{"self":[{"href":"https:\/\/www.uta.cl\/index.php\/wp-json\/wp\/v2\/posts\/53769"}],"collection":[{"href":"https:\/\/www.uta.cl\/index.php\/wp-json\/wp\/v2\/posts"}],"about":[{"href":"https:\/\/www.uta.cl\/index.php\/wp-json\/wp\/v2\/types\/post"}],"author":[{"embeddable":true,"href":"https:\/\/www.uta.cl\/index.php\/wp-json\/wp\/v2\/users\/11"}],"replies":[{"embeddable":true,"href":"https:\/\/www.uta.cl\/index.php\/wp-json\/wp\/v2\/comments?post=53769"}],"version-history":[{"count":2,"href":"https:\/\/www.uta.cl\/index.php\/wp-json\/wp\/v2\/posts\/53769\/revisions"}],"predecessor-version":[{"id":53772,"href":"https:\/\/www.uta.cl\/index.php\/wp-json\/wp\/v2\/posts\/53769\/revisions\/53772"}],"wp:featuredmedia":[{"embeddable":true,"href":"https:\/\/www.uta.cl\/index.php\/wp-json\/wp\/v2\/media\/53768"}],"wp:attachment":[{"href":"https:\/\/www.uta.cl\/index.php\/wp-json\/wp\/v2\/media?parent=53769"}],"wp:term":[{"taxonomy":"category","embeddable":true,"href":"https:\/\/www.uta.cl\/index.php\/wp-json\/wp\/v2\/categories?post=53769"},{"taxonomy":"post_tag","embeddable":true,"href":"https:\/\/www.uta.cl\/index.php\/wp-json\/wp\/v2\/tags?post=53769"}],"curies":[{"name":"wp","href":"https:\/\/api.w.org\/{rel}","templated":true}]}}