{"id":52039,"date":"2024-04-15T16:39:39","date_gmt":"2024-04-15T16:39:39","guid":{"rendered":"https:\/\/www.uta.cl\/?p=52039"},"modified":"2024-04-15T16:50:05","modified_gmt":"2024-04-15T16:50:05","slug":"estudiantes-de-la-facultad-de-derecho-visitaron-diversas-instituciones-juridicas-a-nivel-nacional","status":"publish","type":"post","link":"https:\/\/www.uta.cl\/index.php\/2024\/04\/15\/estudiantes-de-la-facultad-de-derecho-visitaron-diversas-instituciones-juridicas-a-nivel-nacional\/","title":{"rendered":"Estudiantes de la Facultad de Derecho visitaron diversas instituciones jur\u00eddicas a nivel nacional"},"content":{"rendered":"\n<p>Los Centros de Estudiantes de las carreras de Derecho en Arica y Sede Iquique, en conjunto con la Facultad, organizaron un viaje de experiencia estudiantil en el que 11 alumnos y alumnas visitaron instituciones como el Palacio de Gobierno, Congreso Nacional, Corte Suprema, Tribunal Constitucional, entre otros organismos relacionados al \u00e1mbito jur\u00eddico, con el objetivo de enriquecer su formaci\u00f3n teniendo contacto directo con el entorno legal y sus diversas aplicaciones pr\u00e1cticas a nivel nacional.<\/p>\n\n\n\n<figure class=\"wp-block-gallery columns-3 is-cropped\"><ul class=\"blocks-gallery-grid\"><li class=\"blocks-gallery-item\"><figure><a href=\"https:\/\/www.uta.cl\/wp-content\/uploads\/2024\/04\/b1349e27-cc7e-4ae6-be8f-db562dc591bc-1.jpg\"><img loading=\"lazy\" width=\"1024\" height=\"682\" src=\"https:\/\/www.uta.cl\/wp-content\/uploads\/2024\/04\/b1349e27-cc7e-4ae6-be8f-db562dc591bc-1-1024x682.jpg\" alt=\"\" data-id=\"52053\" data-full-url=\"https:\/\/www.uta.cl\/wp-content\/uploads\/2024\/04\/b1349e27-cc7e-4ae6-be8f-db562dc591bc-1.jpg\" data-link=\"https:\/\/www.uta.cl\/index.php\/2024\/04\/15\/estudiantes-de-la-facultad-de-derecho-visitaron-diversas-instituciones-juridicas-a-nivel-nacional\/congreso-nacional-2\/\" class=\"wp-image-52053\" srcset=\"https:\/\/www.uta.cl\/wp-content\/uploads\/2024\/04\/b1349e27-cc7e-4ae6-be8f-db562dc591bc-1-1024x682.jpg 1024w, https:\/\/www.uta.cl\/wp-content\/uploads\/2024\/04\/b1349e27-cc7e-4ae6-be8f-db562dc591bc-1-300x200.jpg 300w, https:\/\/www.uta.cl\/wp-content\/uploads\/2024\/04\/b1349e27-cc7e-4ae6-be8f-db562dc591bc-1-768x512.jpg 768w, https:\/\/www.uta.cl\/wp-content\/uploads\/2024\/04\/b1349e27-cc7e-4ae6-be8f-db562dc591bc-1.jpg 1264w\" sizes=\"(max-width: 1024px) 100vw, 1024px\" \/><\/a><\/figure><\/li><li class=\"blocks-gallery-item\"><figure><a href=\"https:\/\/www.uta.cl\/wp-content\/uploads\/2024\/04\/IMG_3944-1.jpg\"><img loading=\"lazy\" width=\"1024\" height=\"768\" src=\"https:\/\/www.uta.cl\/wp-content\/uploads\/2024\/04\/IMG_3944-1-1024x768.jpg\" alt=\"\" data-id=\"52052\" data-full-url=\"https:\/\/www.uta.cl\/wp-content\/uploads\/2024\/04\/IMG_3944-1.jpg\" data-link=\"https:\/\/www.uta.cl\/index.php\/2024\/04\/15\/estudiantes-de-la-facultad-de-derecho-visitaron-diversas-instituciones-juridicas-a-nivel-nacional\/img_3944-2\/\" class=\"wp-image-52052\" srcset=\"https:\/\/www.uta.cl\/wp-content\/uploads\/2024\/04\/IMG_3944-1-1024x768.jpg 1024w, https:\/\/www.uta.cl\/wp-content\/uploads\/2024\/04\/IMG_3944-1-300x225.jpg 300w, https:\/\/www.uta.cl\/wp-content\/uploads\/2024\/04\/IMG_3944-1-768x576.jpg 768w, https:\/\/www.uta.cl\/wp-content\/uploads\/2024\/04\/IMG_3944-1-1536x1152.jpg 1536w, https:\/\/www.uta.cl\/wp-content\/uploads\/2024\/04\/IMG_3944-1.jpg 1991w\" sizes=\"(max-width: 1024px) 100vw, 1024px\" \/><\/a><\/figure><\/li><li class=\"blocks-gallery-item\"><figure><a href=\"https:\/\/www.uta.cl\/wp-content\/uploads\/2024\/04\/IMG_3496-1.jpg\"><img loading=\"lazy\" width=\"1024\" height=\"768\" src=\"https:\/\/www.uta.cl\/wp-content\/uploads\/2024\/04\/IMG_3496-1-1024x768.jpg\" alt=\"\" data-id=\"52051\" data-full-url=\"https:\/\/www.uta.cl\/wp-content\/uploads\/2024\/04\/IMG_3496-1.jpg\" data-link=\"https:\/\/www.uta.cl\/index.php\/2024\/04\/15\/estudiantes-de-la-facultad-de-derecho-visitaron-diversas-instituciones-juridicas-a-nivel-nacional\/corte-suprema-4\/\" class=\"wp-image-52051\" srcset=\"https:\/\/www.uta.cl\/wp-content\/uploads\/2024\/04\/IMG_3496-1-1024x768.jpg 1024w, https:\/\/www.uta.cl\/wp-content\/uploads\/2024\/04\/IMG_3496-1-300x225.jpg 300w, https:\/\/www.uta.cl\/wp-content\/uploads\/2024\/04\/IMG_3496-1-768x576.jpg 768w, https:\/\/www.uta.cl\/wp-content\/uploads\/2024\/04\/IMG_3496-1-1536x1152.jpg 1536w, https:\/\/www.uta.cl\/wp-content\/uploads\/2024\/04\/IMG_3496-1.jpg 2010w\" sizes=\"(max-width: 1024px) 100vw, 1024px\" \/><\/a><\/figure><\/li><li class=\"blocks-gallery-item\"><figure><a href=\"https:\/\/www.uta.cl\/wp-content\/uploads\/2024\/04\/IMG_3484-1.jpg\"><img loading=\"lazy\" width=\"1024\" height=\"768\" src=\"https:\/\/www.uta.cl\/wp-content\/uploads\/2024\/04\/IMG_3484-1-1024x768.jpg\" alt=\"\" data-id=\"52050\" data-full-url=\"https:\/\/www.uta.cl\/wp-content\/uploads\/2024\/04\/IMG_3484-1.jpg\" data-link=\"https:\/\/www.uta.cl\/index.php\/2024\/04\/15\/estudiantes-de-la-facultad-de-derecho-visitaron-diversas-instituciones-juridicas-a-nivel-nacional\/corte-suprema-3\/\" class=\"wp-image-52050\" srcset=\"https:\/\/www.uta.cl\/wp-content\/uploads\/2024\/04\/IMG_3484-1-1024x768.jpg 1024w, https:\/\/www.uta.cl\/wp-content\/uploads\/2024\/04\/IMG_3484-1-300x225.jpg 300w, https:\/\/www.uta.cl\/wp-content\/uploads\/2024\/04\/IMG_3484-1-768x576.jpg 768w, https:\/\/www.uta.cl\/wp-content\/uploads\/2024\/04\/IMG_3484-1-1536x1152.jpg 1536w, https:\/\/www.uta.cl\/wp-content\/uploads\/2024\/04\/IMG_3484-1.jpg 1983w\" sizes=\"(max-width: 1024px) 100vw, 1024px\" \/><\/a><\/figure><\/li><li class=\"blocks-gallery-item\"><figure><a href=\"https:\/\/www.uta.cl\/wp-content\/uploads\/2024\/04\/DSC_0851.jpg\"><img loading=\"lazy\" width=\"1024\" height=\"683\" src=\"https:\/\/www.uta.cl\/wp-content\/uploads\/2024\/04\/DSC_0851-1024x683.jpg\" alt=\"\" data-id=\"52048\" data-full-url=\"https:\/\/www.uta.cl\/wp-content\/uploads\/2024\/04\/DSC_0851.jpg\" data-link=\"https:\/\/www.uta.cl\/index.php\/2024\/04\/15\/estudiantes-de-la-facultad-de-derecho-visitaron-diversas-instituciones-juridicas-a-nivel-nacional\/hall-de-ingreso-al-congreso-nacional\/\" class=\"wp-image-52048\" srcset=\"https:\/\/www.uta.cl\/wp-content\/uploads\/2024\/04\/DSC_0851-1024x683.jpg 1024w, https:\/\/www.uta.cl\/wp-content\/uploads\/2024\/04\/DSC_0851-300x200.jpg 300w, https:\/\/www.uta.cl\/wp-content\/uploads\/2024\/04\/DSC_0851-768x512.jpg 768w, https:\/\/www.uta.cl\/wp-content\/uploads\/2024\/04\/DSC_0851-1536x1024.jpg 1536w, https:\/\/www.uta.cl\/wp-content\/uploads\/2024\/04\/DSC_0851-2048x1365.jpg 2048w\" sizes=\"(max-width: 1024px) 100vw, 1024px\" \/><\/a><\/figure><\/li><li class=\"blocks-gallery-item\"><figure><a href=\"https:\/\/www.uta.cl\/wp-content\/uploads\/2024\/04\/1cc71233-4f75-4d0e-b315-898a8b10a04d.jpg\"><img loading=\"lazy\" width=\"1024\" height=\"682\" src=\"https:\/\/www.uta.cl\/wp-content\/uploads\/2024\/04\/1cc71233-4f75-4d0e-b315-898a8b10a04d-1024x682.jpg\" alt=\"\" data-id=\"52043\" data-full-url=\"https:\/\/www.uta.cl\/wp-content\/uploads\/2024\/04\/1cc71233-4f75-4d0e-b315-898a8b10a04d.jpg\" data-link=\"https:\/\/www.uta.cl\/index.php\/2024\/04\/15\/estudiantes-de-la-facultad-de-derecho-visitaron-diversas-instituciones-juridicas-a-nivel-nacional\/salon-blanco-la-moneda\/\" class=\"wp-image-52043\" srcset=\"https:\/\/www.uta.cl\/wp-content\/uploads\/2024\/04\/1cc71233-4f75-4d0e-b315-898a8b10a04d-1024x682.jpg 1024w, https:\/\/www.uta.cl\/wp-content\/uploads\/2024\/04\/1cc71233-4f75-4d0e-b315-898a8b10a04d-300x200.jpg 300w, https:\/\/www.uta.cl\/wp-content\/uploads\/2024\/04\/1cc71233-4f75-4d0e-b315-898a8b10a04d-768x512.jpg 768w, https:\/\/www.uta.cl\/wp-content\/uploads\/2024\/04\/1cc71233-4f75-4d0e-b315-898a8b10a04d.jpg 1406w\" sizes=\"(max-width: 1024px) 100vw, 1024px\" \/><\/a><\/figure><\/li><li class=\"blocks-gallery-item\"><figure><a href=\"https:\/\/www.uta.cl\/wp-content\/uploads\/2024\/04\/7518794c-eaf7-43b1-9e57-e1aa7b506806.jpg\"><img loading=\"lazy\" width=\"1024\" height=\"676\" src=\"https:\/\/www.uta.cl\/wp-content\/uploads\/2024\/04\/7518794c-eaf7-43b1-9e57-e1aa7b506806-1024x676.jpg\" alt=\"\" data-id=\"52042\" data-full-url=\"https:\/\/www.uta.cl\/wp-content\/uploads\/2024\/04\/7518794c-eaf7-43b1-9e57-e1aa7b506806.jpg\" data-link=\"https:\/\/www.uta.cl\/index.php\/2024\/04\/15\/estudiantes-de-la-facultad-de-derecho-visitaron-diversas-instituciones-juridicas-a-nivel-nacional\/patio-los-canelos-la-moneda\/\" class=\"wp-image-52042\" srcset=\"https:\/\/www.uta.cl\/wp-content\/uploads\/2024\/04\/7518794c-eaf7-43b1-9e57-e1aa7b506806-1024x676.jpg 1024w, https:\/\/www.uta.cl\/wp-content\/uploads\/2024\/04\/7518794c-eaf7-43b1-9e57-e1aa7b506806-300x198.jpg 300w, https:\/\/www.uta.cl\/wp-content\/uploads\/2024\/04\/7518794c-eaf7-43b1-9e57-e1aa7b506806-768x507.jpg 768w, https:\/\/www.uta.cl\/wp-content\/uploads\/2024\/04\/7518794c-eaf7-43b1-9e57-e1aa7b506806.jpg 1370w\" sizes=\"(max-width: 1024px) 100vw, 1024px\" \/><\/a><\/figure><\/li><li class=\"blocks-gallery-item\"><figure><a href=\"https:\/\/www.uta.cl\/wp-content\/uploads\/2024\/04\/5d98715a-c89f-4682-b692-e3a8d8c4e955.jpg\"><img loading=\"lazy\" width=\"1024\" height=\"768\" src=\"https:\/\/www.uta.cl\/wp-content\/uploads\/2024\/04\/5d98715a-c89f-4682-b692-e3a8d8c4e955-1024x768.jpg\" alt=\"\" data-id=\"52040\" data-full-url=\"https:\/\/www.uta.cl\/wp-content\/uploads\/2024\/04\/5d98715a-c89f-4682-b692-e3a8d8c4e955.jpg\" data-link=\"https:\/\/www.uta.cl\/index.php\/2024\/04\/15\/estudiantes-de-la-facultad-de-derecho-visitaron-diversas-instituciones-juridicas-a-nivel-nacional\/5d98715a-c89f-4682-b692-e3a8d8c4e955\/\" class=\"wp-image-52040\" srcset=\"https:\/\/www.uta.cl\/wp-content\/uploads\/2024\/04\/5d98715a-c89f-4682-b692-e3a8d8c4e955-1024x768.jpg 1024w, https:\/\/www.uta.cl\/wp-content\/uploads\/2024\/04\/5d98715a-c89f-4682-b692-e3a8d8c4e955-300x225.jpg 300w, https:\/\/www.uta.cl\/wp-content\/uploads\/2024\/04\/5d98715a-c89f-4682-b692-e3a8d8c4e955-768x576.jpg 768w, https:\/\/www.uta.cl\/wp-content\/uploads\/2024\/04\/5d98715a-c89f-4682-b692-e3a8d8c4e955-1536x1152.jpg 1536w, https:\/\/www.uta.cl\/wp-content\/uploads\/2024\/04\/5d98715a-c89f-4682-b692-e3a8d8c4e955.jpg 1600w\" sizes=\"(max-width: 1024px) 100vw, 1024px\" \/><\/a><\/figure><\/li><\/ul><\/figure>\n","protected":false},"excerpt":{"rendered":"<p>Los Centros de Estudiantes de las carreras de Derecho en Arica y Sede Iquique, en conjunto con la Facultad, organizaron un viaje de experiencia estudiantil en el que 11 alumnos y alumnas visitaron instituciones como el Palacio de Gobierno, Congreso Nacional, Corte Suprema, Tribunal Constitucional, entre otros organismos relacionados al \u00e1mbito jur\u00eddico, con el objetivo [&hellip;]<\/p>\n","protected":false},"author":11,"featured_media":52050,"comment_status":"open","ping_status":"open","sticky":false,"template":"","format":"standard","meta":[],"categories":[318],"tags":[],"_links":{"self":[{"href":"https:\/\/www.uta.cl\/index.php\/wp-json\/wp\/v2\/posts\/52039"}],"collection":[{"href":"https:\/\/www.uta.cl\/index.php\/wp-json\/wp\/v2\/posts"}],"about":[{"href":"https:\/\/www.uta.cl\/index.php\/wp-json\/wp\/v2\/types\/post"}],"author":[{"embeddable":true,"href":"https:\/\/www.uta.cl\/index.php\/wp-json\/wp\/v2\/users\/11"}],"replies":[{"embeddable":true,"href":"https:\/\/www.uta.cl\/index.php\/wp-json\/wp\/v2\/comments?post=52039"}],"version-history":[{"count":3,"href":"https:\/\/www.uta.cl\/index.php\/wp-json\/wp\/v2\/posts\/52039\/revisions"}],"predecessor-version":[{"id":52055,"href":"https:\/\/www.uta.cl\/index.php\/wp-json\/wp\/v2\/posts\/52039\/revisions\/52055"}],"wp:featuredmedia":[{"embeddable":true,"href":"https:\/\/www.uta.cl\/index.php\/wp-json\/wp\/v2\/media\/52050"}],"wp:attachment":[{"href":"https:\/\/www.uta.cl\/index.php\/wp-json\/wp\/v2\/media?parent=52039"}],"wp:term":[{"taxonomy":"category","embeddable":true,"href":"https:\/\/www.uta.cl\/index.php\/wp-json\/wp\/v2\/categories?post=52039"},{"taxonomy":"post_tag","embeddable":true,"href":"https:\/\/www.uta.cl\/index.php\/wp-json\/wp\/v2\/tags?post=52039"}],"curies":[{"name":"wp","href":"https:\/\/api.w.org\/{rel}","templated":true}]}}