{"id":51385,"date":"2024-03-09T19:58:44","date_gmt":"2024-03-09T19:58:44","guid":{"rendered":"https:\/\/www.uta.cl\/?p=51385"},"modified":"2024-05-30T17:03:24","modified_gmt":"2024-05-30T17:03:24","slug":"la-utarapaca-reconocio-a-destacadas-mujeres-de-la-comunidad-en-acto-conmemorativo-por-el-8m","status":"publish","type":"post","link":"https:\/\/www.uta.cl\/index.php\/2024\/03\/09\/la-utarapaca-reconocio-a-destacadas-mujeres-de-la-comunidad-en-acto-conmemorativo-por-el-8m\/","title":{"rendered":"La UTarapac\u00e1 reconoci\u00f3 a destacadas mujeres de la comunidad en acto conmemorativo del 8m"},"content":{"rendered":"\n<div class=\"wp-block-image\"><figure class=\"aligncenter size-large is-resized\"><img loading=\"lazy\" src=\"https:\/\/www.uta.cl\/wp-content\/uploads\/2024\/03\/DAF4124-1024x683.jpg\" alt=\"\" class=\"wp-image-51387\" width=\"692\" height=\"461\" srcset=\"https:\/\/www.uta.cl\/wp-content\/uploads\/2024\/03\/DAF4124-1024x683.jpg 1024w, https:\/\/www.uta.cl\/wp-content\/uploads\/2024\/03\/DAF4124-300x200.jpg 300w, https:\/\/www.uta.cl\/wp-content\/uploads\/2024\/03\/DAF4124-768x512.jpg 768w, https:\/\/www.uta.cl\/wp-content\/uploads\/2024\/03\/DAF4124-1536x1025.jpg 1536w, https:\/\/www.uta.cl\/wp-content\/uploads\/2024\/03\/DAF4124.jpg 2048w\" sizes=\"(max-width: 692px) 100vw, 692px\" \/><\/figure><\/div>\n\n\n\n<p>En un acto conmemorativo por el D\u00eda Internacional de la Mujer, la Universidad de Tarapac\u00e1, a trav\u00e9s de la Direcci\u00f3n de Equidad y G\u00e9nero, realiz\u00f3 la ceremonia \u201cMujeres, Sociedad y Universidad 2024\u201d. Este reconocimiento es otorgado por la comunidad universitaria a quienes han propiciado, a trav\u00e9s de su quehacer, espacios para que muchas otras mujeres puedan participar de la vida estudiantil, acad\u00e9mica o funcionaria, en igualdad de condiciones.<\/p>\n\n\n\n<p>\u201cEste es un espacio para reconocer a aquellas mujeres que dentro de la universidad, pero tambi\u00e9n fuera de esta, realizan un destacado trabajo por lograr mayores niveles de equidad\u201d, destac\u00f3 el rector, Emilio Rodr\u00edguez Ponce, agregando que \u201cson personas que, desde esa dimensi\u00f3n, trabajan por una sociedad m\u00e1s justa, una sociedad mejor, donde todos los talentos y todas las capacidades puedan expresarse\u201d.<\/p>\n\n\n\n<p>Es as\u00ed como se reconoci\u00f3 a Lenka Vallejos Vicencio, acad\u00e9mica de la Facultad de Ingenier\u00eda; Eva Espejo Quispe, funcionaria de la Direcci\u00f3n de Auditor\u00eda y Control; Carolina Huaiqui\u00f1ir Servantes, estudiante de la carrera de Contador Auditor; y Valerie Bahamondes Mamani, como representante externa a la comunidad universitaria, quien se desempe\u00f1a en la Defensor\u00eda de los Derechos de la Ni\u00f1ez en Arica.<\/p>\n\n\n\n<p>Al mismo tiempo, y por tercer a\u00f1o consecutivo, se hizo entrega de la distinci\u00f3n \u201cVer\u00f3nica Choque Sarco\u201d, en honor a la trayectoria profesional, personal y dirigencial, de quien inspira su nombre, destacando por su rol de dirigente gremial de la Asociaci\u00f3n de Funcionarios Profesionales de la Universidad (APROUTA). En esta ocasi\u00f3n, el recocimiento le fue otorgado a Eva Espejo, quien fue presidenta de la APROUTA hasta octubre de 2023.<\/p>\n\n\n\n<p>\u201cEste premio lo merece m\u00e1s una mujer que es due\u00f1a de casa, que trabaja, que tiene que hacer el esfuerzo para dejar a sus hijos y asi poder venir a trabajar. Lo acepto en representaci\u00f3n de ellas, desde la auxiliar hasta un profesional. En ese sentido, doy gracias\u201d, expres\u00f3 Espejo.<\/p>\n\n\n\n<p><strong>Avanzando hacia la equidad<\/strong><\/p>\n\n\n\n<p>Durante la ceremonia tambi\u00e9n se puso en valor el desarrollo de pol\u00edticas integrales en la busqueda de promover la igualdad, prevenir la discriminaci\u00f3n y erradicar la violencia de g\u00e9nero de manera transversal dentro de la instituci\u00f3n.<\/p>\n\n\n\n<p>\u201cEn un corto periodo la Universidad ha avanzado notablemente en la transversalizaci\u00f3n de la perspectiva de g\u00e9nero. Ya contamos con diversas pol\u00edticas, desde una pol\u00edtica integral de equidad, hasta pol\u00edticas de equidad de g\u00e9nero particulares para el pre y postgrado. Y se ha dado especial \u00e9nfasis al cumplimiento de la ley 21.369, que busca prevenir el acoso sexual, la violencia y la discriminaci\u00f3n de g\u00e9nero en el \u00e1mbito de la educaci\u00f3n superior\u201d, destac\u00f3 la directora de Equidad y G\u00e9nero de la UTA, Jacqueline Godoy Contreras.<\/p>\n\n\n\n<div class=\"wp-block-image\"><figure class=\"aligncenter size-large is-resized\"><img loading=\"lazy\" src=\"https:\/\/www.uta.cl\/wp-content\/uploads\/2024\/03\/DAF4046-1-1024x707.jpg\" alt=\"\" class=\"wp-image-51388\" width=\"542\" height=\"373\" srcset=\"https:\/\/www.uta.cl\/wp-content\/uploads\/2024\/03\/DAF4046-1-1024x707.jpg 1024w, https:\/\/www.uta.cl\/wp-content\/uploads\/2024\/03\/DAF4046-1-300x207.jpg 300w, https:\/\/www.uta.cl\/wp-content\/uploads\/2024\/03\/DAF4046-1-768x530.jpg 768w, https:\/\/www.uta.cl\/wp-content\/uploads\/2024\/03\/DAF4046-1-1536x1061.jpg 1536w, https:\/\/www.uta.cl\/wp-content\/uploads\/2024\/03\/DAF4046-1.jpg 2048w\" sizes=\"(max-width: 542px) 100vw, 542px\" \/><\/figure><\/div>\n\n\n\n<p>En esta l\u00ednea, el rector Rodr\u00edguez apunt\u00f3 que \u201cla U. de Tarapac\u00e1 ha relevado la equidad de g\u00e9nero como uno de los principios y valores institucionales que orientan nuestro quehacer. Est\u00e1 incorporada en el modelo educativo, ciertamente, pero tambi\u00e9n como un eje de desarrollo estrat\u00e9gico en el camino que vamos a seguir de cara al 2030. Tener una pol\u00edtica integral de equidad significa reconocer el rol misional que tenemos como Universidad, nuestro rol social para promover la equidad en la instituci\u00f3n y la sociedad, en un marco de dignidad y respeto por los derechos humanos\u201d.&nbsp;<\/p>\n\n\n\n<p>Por su parte, Carolina Huaiqui\u00f1ir, valor\u00f3 como estudiante la direcci\u00f3n que ha tomado la casa de estudios en materia de equidad: \u201cHe visto que la Universidad se ha puesto m\u00e1s al corriente ante situaciones que han pasado. Son capaces de escuchar, respetar a los estudiantes, de defender sus derechos, de apoyarlos en cualquier situaci\u00f3n. Lo he visto y lo he vivido. La Universidad est\u00e1 haciendo respetar los derechos de los estudiantes, tanto para hombres, como para mujeres\u201d.<\/p>\n\n\n\n<div class=\"wp-block-image\"><figure class=\"aligncenter size-large is-resized\"><img loading=\"lazy\" src=\"https:\/\/www.uta.cl\/wp-content\/uploads\/2024\/03\/DAF4067-1024x683.jpg\" alt=\"\" class=\"wp-image-51389\" width=\"544\" height=\"362\" srcset=\"https:\/\/www.uta.cl\/wp-content\/uploads\/2024\/03\/DAF4067-1024x683.jpg 1024w, https:\/\/www.uta.cl\/wp-content\/uploads\/2024\/03\/DAF4067-300x200.jpg 300w, https:\/\/www.uta.cl\/wp-content\/uploads\/2024\/03\/DAF4067-768x512.jpg 768w, https:\/\/www.uta.cl\/wp-content\/uploads\/2024\/03\/DAF4067-1536x1025.jpg 1536w, https:\/\/www.uta.cl\/wp-content\/uploads\/2024\/03\/DAF4067.jpg 2048w\" sizes=\"(max-width: 544px) 100vw, 544px\" \/><\/figure><\/div>\n\n\n\n<p>&#8220;Desde la perspectiva de los funcionarios de gesti\u00f3n, todav\u00eda falta mucho por trabajar para lograr una equidad o igualdad entre hombres y mujeres, pero esto es un trabajo en conjunto. Desde la experiencia directiva, siempre he sabido que es un trabajo en conjunto y participativo. Involucra la motivaci\u00f3n y el querer un cambio, tanto de parte de la autoridad, como de los funcionarios&#8221;, afirm\u00f3 Espejo.<\/p>\n\n\n\n<div class=\"wp-block-image\"><figure class=\"aligncenter size-large is-resized\"><img loading=\"lazy\" src=\"https:\/\/www.uta.cl\/wp-content\/uploads\/2024\/03\/DAF4085-1024x767.jpg\" alt=\"\" class=\"wp-image-51386\" width=\"537\" height=\"401\" srcset=\"https:\/\/www.uta.cl\/wp-content\/uploads\/2024\/03\/DAF4085-1024x767.jpg 1024w, https:\/\/www.uta.cl\/wp-content\/uploads\/2024\/03\/DAF4085-300x225.jpg 300w, https:\/\/www.uta.cl\/wp-content\/uploads\/2024\/03\/DAF4085-768x575.jpg 768w, https:\/\/www.uta.cl\/wp-content\/uploads\/2024\/03\/DAF4085-1536x1150.jpg 1536w, https:\/\/www.uta.cl\/wp-content\/uploads\/2024\/03\/DAF4085.jpg 2048w\" sizes=\"(max-width: 537px) 100vw, 537px\" \/><\/figure><\/div>\n","protected":false},"excerpt":{"rendered":"<p>Durante la ceremonia tambi\u00e9n se hizo entrega de la distinci\u00f3n \u201cVer\u00f3nica Choque Sarco\u201d, en honor a la trayectoria profesional, personal y dirigencial, de las funcionarias que han contribuido inestimablemente a la instituci\u00f3n.<\/p>\n","protected":false},"author":11,"featured_media":51387,"comment_status":"open","ping_status":"open","sticky":false,"template":"","format":"standard","meta":[],"categories":[45,316,51],"tags":[],"_links":{"self":[{"href":"https:\/\/www.uta.cl\/index.php\/wp-json\/wp\/v2\/posts\/51385"}],"collection":[{"href":"https:\/\/www.uta.cl\/index.php\/wp-json\/wp\/v2\/posts"}],"about":[{"href":"https:\/\/www.uta.cl\/index.php\/wp-json\/wp\/v2\/types\/post"}],"author":[{"embeddable":true,"href":"https:\/\/www.uta.cl\/index.php\/wp-json\/wp\/v2\/users\/11"}],"replies":[{"embeddable":true,"href":"https:\/\/www.uta.cl\/index.php\/wp-json\/wp\/v2\/comments?post=51385"}],"version-history":[{"count":3,"href":"https:\/\/www.uta.cl\/index.php\/wp-json\/wp\/v2\/posts\/51385\/revisions"}],"predecessor-version":[{"id":51393,"href":"https:\/\/www.uta.cl\/index.php\/wp-json\/wp\/v2\/posts\/51385\/revisions\/51393"}],"wp:featuredmedia":[{"embeddable":true,"href":"https:\/\/www.uta.cl\/index.php\/wp-json\/wp\/v2\/media\/51387"}],"wp:attachment":[{"href":"https:\/\/www.uta.cl\/index.php\/wp-json\/wp\/v2\/media?parent=51385"}],"wp:term":[{"taxonomy":"category","embeddable":true,"href":"https:\/\/www.uta.cl\/index.php\/wp-json\/wp\/v2\/categories?post=51385"},{"taxonomy":"post_tag","embeddable":true,"href":"https:\/\/www.uta.cl\/index.php\/wp-json\/wp\/v2\/tags?post=51385"}],"curies":[{"name":"wp","href":"https:\/\/api.w.org\/{rel}","templated":true}]}}