{"id":51332,"date":"2024-03-04T13:08:55","date_gmt":"2024-03-04T13:08:55","guid":{"rendered":"https:\/\/www.uta.cl\/?p=51332"},"modified":"2024-03-11T13:47:28","modified_gmt":"2024-03-11T13:47:28","slug":"asumen-nuevos-cargos-directivos-en-las-vicerrectorias-de-la-universidad-de-tarapaca","status":"publish","type":"post","link":"https:\/\/www.uta.cl\/index.php\/2024\/03\/04\/asumen-nuevos-cargos-directivos-en-las-vicerrectorias-de-la-universidad-de-tarapaca\/","title":{"rendered":"Asumen nuevos cargos directivos en las Vicerrector\u00edas de la Universidad de Tarapac\u00e1"},"content":{"rendered":"\n<div class=\"wp-block-image\"><figure class=\"aligncenter size-large is-resized\"><img loading=\"lazy\" src=\"https:\/\/www.uta.cl\/wp-content\/uploads\/2024\/03\/DAF6688-1024x789.jpg\" alt=\"\" class=\"wp-image-51333\" width=\"524\" height=\"404\" srcset=\"https:\/\/www.uta.cl\/wp-content\/uploads\/2024\/03\/DAF6688-1024x789.jpg 1024w, https:\/\/www.uta.cl\/wp-content\/uploads\/2024\/03\/DAF6688-300x231.jpg 300w, https:\/\/www.uta.cl\/wp-content\/uploads\/2024\/03\/DAF6688-768x591.jpg 768w, https:\/\/www.uta.cl\/wp-content\/uploads\/2024\/03\/DAF6688-1536x1183.jpg 1536w, https:\/\/www.uta.cl\/wp-content\/uploads\/2024\/03\/DAF6688.jpg 2048w\" sizes=\"(max-width: 524px) 100vw, 524px\" \/><\/figure><\/div>\n\n\n\n<p>Con un acuerdo un\u00e1nime de la Honorable Junta Directiva se aprob\u00f3 el nombramiento de nuevos cargos directivos para las vicerrector\u00edas de la Universidad. Es as\u00ed como Gonzalo Vald\u00e9s Gonz\u00e1lez asumi\u00f3 la Vicerrector\u00eda Acad\u00e9mica (VRA), Jenniffer Peralta Montecinos la Vicerrector\u00eda de Desarrollo Estrat\u00e9gico (VRD) y Patricio Zapata Valenzuela la Vicerrector\u00eda de Administraci\u00f3n y Finanzas (VAF).<\/p>\n\n\n\n<p>Respecto a esta decisi\u00f3n, el rector Emilio Rodr\u00edguez Ponce se\u00f1al\u00f3 que \u201cen un contexto de cambios permanentes, sistem\u00e1ticos e ininterrumpidos es normal hacer evaluaciones desde la alta direcci\u00f3n y producto de estas evaluaciones es tambi\u00e9n normal, por consiguiente, hacer ajustes, algunas veces de perfiles, otras veces de personas\u201d.&nbsp;<\/p>\n\n\n\n<p>\u201cEs un hecho que nuestra universidad tiene uno de los mejores procesos de direcci\u00f3n estrat\u00e9gica del pa\u00eds, un dise\u00f1o cualitativo en niveles de excelencia y una estructura econ\u00f3mica armoniosa; pero, hay que tener presente que se requiere una din\u00e1mica en la gesti\u00f3n, muy superior a la actual, puesto que hay debilidades, en \u00e1reas espec\u00edficas de gesti\u00f3n, que deben ser r\u00e1pidamente superadas y, adem\u00e1s, vienen cambios profundos en la educaci\u00f3n superior chilena, que har\u00e1n que todo lo logrado deba ser validado, especialmente en materia econ\u00f3mica y a nivel de equilibrios estructurales\u201d, profundiz\u00f3.<\/p>\n\n\n\n<p>La Honorable Junta Directiva, presidida por Yuny Arias C\u00f3rdova, felicit\u00f3 a las nuevas vicerrector\u00edas y expres\u00f3 sus mejores deseos de \u00e9xito. Al mismo tiempo, agradeci\u00f3 la gesti\u00f3n de quienes dejan sus funciones actuales.<\/p>\n\n\n\n<p><strong>Perfil de la alta direcci\u00f3n<\/strong><\/p>\n\n\n\n<p>Como vicerrector acad\u00e9mico asumi\u00f3 Gonzalo Vald\u00e9s Gonz\u00e1lez, <em>Doctor of Philosophy in Economics of the University of California<\/em>, San Diego; Mag\u00edster en Econom\u00eda Aplicada por la Universidad de Chile; Ingeniero Civil en Electricidad y Mag\u00edster en Ciencias de la Ingenier\u00eda por la Universidad de Santiago de Chile. Ha sido vicerrector de Desarrollo Estrat\u00e9gico y director de Departamento de Ingenier\u00eda Industrial, jugando un rol de apoyo determinante a la rector\u00eda en el proceso de autoevaluaci\u00f3n y la acreditaci\u00f3n institucional por 6 a\u00f1os en todas las \u00e1reas. Fue becario Fulbright, tiene m\u00faltiples publicaciones y es uno de los pocos economistas chilenos que han escrito en el <em>Journal of Econometrics<\/em> en los \u00faltimos 10 a\u00f1os. Tambi\u00e9n, es investigador responsable de un proyecto Fondecyt de inicio.<\/p>\n\n\n\n<p>La Vicerrector\u00eda de Desarrollo Estrat\u00e9gico estar\u00e1 a cargo de Jenniffer Peralta Montecinos, doctora en Psicolog\u00eda de la Universidad Aut\u00f3noma de Madrid; Mag\u00edster en Gesti\u00f3n de Negocios por la Universidad Adolfo Ib\u00e1\u00f1ez y Psic\u00f3loga&nbsp; de la U. de Tarapac\u00e1. Fue vicerrectora Acad\u00e9mica, vicerrectora de Desarrollo Estrat\u00e9gico, decana de la ex Facultad de Ciencias Sociales y Jur\u00eddicas y directora de la Honorable Junta Directiva. Tuvo un rol protag\u00f3nico como presidenta del comit\u00e9 triestamental que elabor\u00f3 la propuesta de los nuevos estatutos. Pose\u00e9 m\u00faltiples publicaciones y fue investigadora responsable de un proyecto Fondecyt de inicio.<\/p>\n\n\n\n<p>En la direcci\u00f3n de la Vicerrector\u00eda de Administraci\u00f3n y Finanzas asumi\u00f3 Patricio Zapata Valenzuela, <em>Master of Arts in Latin American Studies of the Universiteit Leiden<\/em> e ingeniero comercial de la U. de Tarapac\u00e1. Fue intendente regional de Tarapac\u00e1 por m\u00e1s de 5 a\u00f1os, gobernador de la Provincia de Iquique; seremi de Obras P\u00fablicas y se ha desempe\u00f1ado como Contralor Universitario por m\u00e1s de 10 a\u00f1os. En su rol como Contralor ha tenido un papel fundamental en el control de gesti\u00f3n universitaria y en velar por el adecuado uso de los recursos p\u00fablicos.<\/p>\n\n\n\n<p>De la misma forma, este equipo de alta direcci\u00f3n ser\u00e1 acompa\u00f1ado con la Secretar\u00eda Universitaria de \u00c1lvaro Palma Quiroz, experimentado directivo, contador p\u00fablico-contador auditor de la Universidad de Tarapac\u00e1 y Mag\u00edster en Gerencia y Pol\u00edticas P\u00fablicas de la Universidad Adolfo Ib\u00e1\u00f1ez. Mientras que la Direcci\u00f3n General de Gabinete ser\u00e1 desempe\u00f1ada por Ximena Robertson Canedo, abogada y Mag\u00edster en Derecho Administrativo.<\/p>\n","protected":false},"excerpt":{"rendered":"<p>Los cambios apuntan a dinamizar la gesti\u00f3n actual y preparar a la instituci\u00f3n ante las futuras transformaciones de la educaci\u00f3n superior en Chile.<\/p>\n","protected":false},"author":11,"featured_media":51333,"comment_status":"open","ping_status":"open","sticky":false,"template":"","format":"standard","meta":[],"categories":[316,51],"tags":[],"_links":{"self":[{"href":"https:\/\/www.uta.cl\/index.php\/wp-json\/wp\/v2\/posts\/51332"}],"collection":[{"href":"https:\/\/www.uta.cl\/index.php\/wp-json\/wp\/v2\/posts"}],"about":[{"href":"https:\/\/www.uta.cl\/index.php\/wp-json\/wp\/v2\/types\/post"}],"author":[{"embeddable":true,"href":"https:\/\/www.uta.cl\/index.php\/wp-json\/wp\/v2\/users\/11"}],"replies":[{"embeddable":true,"href":"https:\/\/www.uta.cl\/index.php\/wp-json\/wp\/v2\/comments?post=51332"}],"version-history":[{"count":5,"href":"https:\/\/www.uta.cl\/index.php\/wp-json\/wp\/v2\/posts\/51332\/revisions"}],"predecessor-version":[{"id":51399,"href":"https:\/\/www.uta.cl\/index.php\/wp-json\/wp\/v2\/posts\/51332\/revisions\/51399"}],"wp:featuredmedia":[{"embeddable":true,"href":"https:\/\/www.uta.cl\/index.php\/wp-json\/wp\/v2\/media\/51333"}],"wp:attachment":[{"href":"https:\/\/www.uta.cl\/index.php\/wp-json\/wp\/v2\/media?parent=51332"}],"wp:term":[{"taxonomy":"category","embeddable":true,"href":"https:\/\/www.uta.cl\/index.php\/wp-json\/wp\/v2\/categories?post=51332"},{"taxonomy":"post_tag","embeddable":true,"href":"https:\/\/www.uta.cl\/index.php\/wp-json\/wp\/v2\/tags?post=51332"}],"curies":[{"name":"wp","href":"https:\/\/api.w.org\/{rel}","templated":true}]}}