{"id":51295,"date":"2024-02-26T18:57:55","date_gmt":"2024-02-26T18:57:55","guid":{"rendered":"https:\/\/www.uta.cl\/?p=51295"},"modified":"2024-02-26T18:59:18","modified_gmt":"2024-02-26T18:59:18","slug":"agricultores-del-valle-de-azapa-buscan-soluciones-innovadoras-para-enfrentar-crisis-hidrica-a-traves-de-proyecto-de-atrapanieblas-de-la-universidad-de-tarapaca","status":"publish","type":"post","link":"https:\/\/www.uta.cl\/index.php\/2024\/02\/26\/agricultores-del-valle-de-azapa-buscan-soluciones-innovadoras-para-enfrentar-crisis-hidrica-a-traves-de-proyecto-de-atrapanieblas-de-la-universidad-de-tarapaca\/","title":{"rendered":"Agricultores del Valle de Azapa buscan soluciones innovadoras para enfrentar crisis h\u00eddrica a trav\u00e9s de proyecto de atrapanieblas de la Universidad de Tarapac\u00e1"},"content":{"rendered":"\n<div class=\"wp-block-image\"><figure class=\"aligncenter size-large is-resized\"><img loading=\"lazy\" src=\"https:\/\/www.uta.cl\/wp-content\/uploads\/2024\/02\/DSC05719-1024x576.jpg\" alt=\"\" class=\"wp-image-51296\" width=\"699\" height=\"392\" srcset=\"https:\/\/www.uta.cl\/wp-content\/uploads\/2024\/02\/DSC05719-1024x576.jpg 1024w, https:\/\/www.uta.cl\/wp-content\/uploads\/2024\/02\/DSC05719-300x169.jpg 300w, https:\/\/www.uta.cl\/wp-content\/uploads\/2024\/02\/DSC05719-768x432.jpg 768w, https:\/\/www.uta.cl\/wp-content\/uploads\/2024\/02\/DSC05719-1536x864.jpg 1536w, https:\/\/www.uta.cl\/wp-content\/uploads\/2024\/02\/DSC05719-2048x1152.jpg 2048w\" sizes=\"(max-width: 699px) 100vw, 699px\" \/><\/figure><\/div>\n\n\n\n<p>El agricultor Wilfredo Condori de Pampa Algodonal, localizado en el kil\u00f3metro 34 del sector de alto en el Valle Azapa, desde hace unos a\u00f1os ha tenido que enfrentar la escasez de agua, por lo que ha buscado distintas maneras para disminuir la cantidad de agua necesaria para sus cultivos, de lo contrario se ve\u00eda enfrentado a disminuir su producci\u00f3n.<\/p>\n\n\n\n<p>\u201cAntes el agua era m\u00e1s abundante, pero con lo que se ha masificado los terrenos, todos ocupan agua y ya no alcanza tanto. Seg\u00fan he conversado con otras personas, los que viven en el sector bajo, ellos echan al menos 40 minutos de agua en una estaci\u00f3n, pero en cambio, en el sector de arriba no podemos usar esa cantidad porque nos quedamos sin agua para toda la semana, yo solo echo alrededor de 15 minutos de agua en todo el d\u00eda, o echo en la ma\u00f1ana 10 minutos y otros 10 minutos en la tarde, por lo que tengo que sembrar menos, en el caso del tomate, tendr\u00eda que usar media hect\u00e1rea o no sembrar\u201d, coment\u00f3 Condori.<\/p>\n\n\n\n<p>Adem\u00e1s, con la escasez, deben comprar agua que traen desde Arica, \u201cyo (Condori) por lo menos traigo unos 400 litros, lo que me aguantan dos semanas, pero con eso no podemos lavar ropa ni ba\u00f1arnos, es solo para el consumo y cocina, usamos el agua que trae el canal para lavar la ropa\u201d, cont\u00f3.<\/p>\n\n\n\n<div class=\"wp-block-image\"><figure class=\"aligncenter size-large is-resized\"><img loading=\"lazy\" src=\"https:\/\/www.uta.cl\/wp-content\/uploads\/2024\/02\/DSC05700-1024x576.jpg\" alt=\"\" class=\"wp-image-51298\" width=\"666\" height=\"374\" srcset=\"https:\/\/www.uta.cl\/wp-content\/uploads\/2024\/02\/DSC05700-1024x576.jpg 1024w, https:\/\/www.uta.cl\/wp-content\/uploads\/2024\/02\/DSC05700-300x169.jpg 300w, https:\/\/www.uta.cl\/wp-content\/uploads\/2024\/02\/DSC05700-768x432.jpg 768w, https:\/\/www.uta.cl\/wp-content\/uploads\/2024\/02\/DSC05700-1536x864.jpg 1536w, https:\/\/www.uta.cl\/wp-content\/uploads\/2024\/02\/DSC05700-2048x1152.jpg 2048w\" sizes=\"(max-width: 666px) 100vw, 666px\" \/><\/figure><\/div>\n\n\n\n<p><strong>La niebla del valle<\/strong><\/p>\n\n\n\n<p>Wilfredo Condori opt\u00f3 por el cultivo hidrop\u00f3nico, protegido por un invernadero que ubic\u00f3 en la parte m\u00e1s alta de su predio para sacarle mayor rendimiento a la escasa agua, debido a esto, el agricultor descubri\u00f3 que pod\u00eda aprovechar el agua de la niebla que se produc\u00eda casi todas las ma\u00f1anas en las cercan\u00edas de su terreno.<\/p>\n\n\n\n<p>\u201cMe di cuenta de que con la niebla que se genera en el cerro, en el interior del invernadero gotea mucha agua, busqu\u00e9 el ver si era posible alg\u00fan proyecto, pero al estar en el cerro los costos son altos. En el terreno que tengo, en al menos a unos 500 metros se produce niebla, ser\u00eda posible\u201d, coment\u00f3.<\/p>\n\n\n\n<p>En agosto de 2023, el equipo del proyecto FIC a visit\u00f3 a Don Wilfredo Condori, para ver la posibilidad de implementar esta iniciativa en el sector de alto Azapa, y proveer a la comunidad otra fuente de agua a ser utilizada para el cultivo, u otros usos pr\u00e1cticos.<\/p>\n\n\n\n<p>Gracias a ello, a fines de enero se realiz\u00f3 la instalaci\u00f3n de una estaci\u00f3n meteorol\u00f3gica y neblin\u00f3metro a unos 934 metros sobre el nivel del mar en dicho sector, como primer paso para evaluar la factibilidad de generar un sistema de atrapanieblas.<\/p>\n\n\n\n<p>El gobernador regional, Jorge D\u00edaz Ibarra, enfatiz\u00f3 que &#8220;proporcionar agua a comunidades rurales de nuestra regi\u00f3n por medio de captaci\u00f3n de agua de niebla (camanchaca) e implementar una estaci\u00f3n meteorol\u00f3gica, es una iniciativa innovadora que apoyamos a trav\u00e9s de los FIC. Como Gobierno Regional es nuestra prioridad generar mayor conciencia y sensibilizaci\u00f3n sobre la gesti\u00f3n de buenas pr\u00e1cticas para el manejo sostenible del agua. Esperamos aportar a la crisis h\u00eddrica que est\u00e1 afectando a la regi\u00f3n y al pa\u00eds, y generar una nueva cultura del agua en nuestra regi\u00f3n a trav\u00e9s de este tipo de iniciativas&#8221;.&nbsp;&nbsp;<\/p>\n\n\n\n<p>Constanza Vargas, del Centro del Desierto de Atacama de la Pontificia Universidad Cat\u00f3lica de Chile, explic\u00f3 que \u201cla estaci\u00f3n va a medir volumen de captaci\u00f3n de agua de niebla por metro cuadrado en el valle de Azapa. Los instrumentos que vamos a instalar consisten en un data logger, que es un registrador aut\u00f3nomo con una resoluci\u00f3n de toma de datos cada 10 minutos, un neblin\u00f3metro que revisar\u00e1 el volumen de agua captada. Adem\u00e1s, vamos a instalar un bid\u00f3n de 200 litros que nos permitir\u00e1 revisar las concentraciones de metales pesados y de nutrientes que trae el agua. Esto permitir\u00e1 que podamos monitorear el potencial h\u00eddrico que hay en la zona, lo que puede servir para las comunidades y aliviar la carga h\u00eddrica que demandan de las fuentes tradicionales (agua de pozo o del rio San Jos\u00e9) necesarios para sus cultivos\u201d.<\/p>\n\n\n\n<div class=\"wp-block-image\"><figure class=\"aligncenter size-large is-resized\"><img loading=\"lazy\" src=\"https:\/\/www.uta.cl\/wp-content\/uploads\/2024\/02\/DSC_9481-1024x678.jpg\" alt=\"\" class=\"wp-image-51299\" width=\"597\" height=\"395\" srcset=\"https:\/\/www.uta.cl\/wp-content\/uploads\/2024\/02\/DSC_9481-1024x678.jpg 1024w, https:\/\/www.uta.cl\/wp-content\/uploads\/2024\/02\/DSC_9481-300x199.jpg 300w, https:\/\/www.uta.cl\/wp-content\/uploads\/2024\/02\/DSC_9481-768x509.jpg 768w, https:\/\/www.uta.cl\/wp-content\/uploads\/2024\/02\/DSC_9481-1536x1017.jpg 1536w, https:\/\/www.uta.cl\/wp-content\/uploads\/2024\/02\/DSC_9481-2048x1356.jpg 2048w\" sizes=\"(max-width: 597px) 100vw, 597px\" \/><\/figure><\/div>\n","protected":false},"excerpt":{"rendered":"<p>La iniciativa, que es financiada a trav\u00e9s del Fondo de Innovaci\u00f3n para la Competitividad (FIC-R) del Gobierno Regional, instalar\u00e1 una estaci\u00f3n meteorol\u00f3gica y neblin\u00f3metro en Azapa para monitorear el comportamiento de la niebla en los cerros del valle.<\/p>\n","protected":false},"author":11,"featured_media":51296,"comment_status":"open","ping_status":"open","sticky":false,"template":"","format":"standard","meta":[],"categories":[315,316],"tags":[],"_links":{"self":[{"href":"https:\/\/www.uta.cl\/index.php\/wp-json\/wp\/v2\/posts\/51295"}],"collection":[{"href":"https:\/\/www.uta.cl\/index.php\/wp-json\/wp\/v2\/posts"}],"about":[{"href":"https:\/\/www.uta.cl\/index.php\/wp-json\/wp\/v2\/types\/post"}],"author":[{"embeddable":true,"href":"https:\/\/www.uta.cl\/index.php\/wp-json\/wp\/v2\/users\/11"}],"replies":[{"embeddable":true,"href":"https:\/\/www.uta.cl\/index.php\/wp-json\/wp\/v2\/comments?post=51295"}],"version-history":[{"count":4,"href":"https:\/\/www.uta.cl\/index.php\/wp-json\/wp\/v2\/posts\/51295\/revisions"}],"predecessor-version":[{"id":51302,"href":"https:\/\/www.uta.cl\/index.php\/wp-json\/wp\/v2\/posts\/51295\/revisions\/51302"}],"wp:featuredmedia":[{"embeddable":true,"href":"https:\/\/www.uta.cl\/index.php\/wp-json\/wp\/v2\/media\/51296"}],"wp:attachment":[{"href":"https:\/\/www.uta.cl\/index.php\/wp-json\/wp\/v2\/media?parent=51295"}],"wp:term":[{"taxonomy":"category","embeddable":true,"href":"https:\/\/www.uta.cl\/index.php\/wp-json\/wp\/v2\/categories?post=51295"},{"taxonomy":"post_tag","embeddable":true,"href":"https:\/\/www.uta.cl\/index.php\/wp-json\/wp\/v2\/tags?post=51295"}],"curies":[{"name":"wp","href":"https:\/\/api.w.org\/{rel}","templated":true}]}}