{"id":51210,"date":"2024-02-07T15:39:49","date_gmt":"2024-02-07T15:39:49","guid":{"rendered":"https:\/\/www.uta.cl\/?p=51210"},"modified":"2024-02-07T15:39:49","modified_gmt":"2024-02-07T15:39:49","slug":"universidad-de-tarapaca-lamenta-el-fallecimiento-del-expresidente-sebastian-pinera-echenique-y-extiende-sentidas-condolencias-a-su-familia","status":"publish","type":"post","link":"https:\/\/www.uta.cl\/index.php\/2024\/02\/07\/universidad-de-tarapaca-lamenta-el-fallecimiento-del-expresidente-sebastian-pinera-echenique-y-extiende-sentidas-condolencias-a-su-familia\/","title":{"rendered":"Universidad de Tarapac\u00e1 lamenta el fallecimiento del expresidente Sebasti\u00e1n Pi\u00f1era Echenique y extiende sentidas condolencias a su familia"},"content":{"rendered":"\n<h2>El exmandatario fue jefe de Estado durante dos periodos, entre 2010 y 2014 y de 2018 a 2022.<\/h2>\n\n\n\n<figure class=\"wp-block-image size-large\"><img loading=\"lazy\" width=\"1024\" height=\"1024\" src=\"https:\/\/www.uta.cl\/wp-content\/uploads\/2024\/02\/v1-Pin\u0303era-1024x1024.jpg\" alt=\"\" class=\"wp-image-51212\" srcset=\"https:\/\/www.uta.cl\/wp-content\/uploads\/2024\/02\/v1-Pin\u0303era-1024x1024.jpg 1024w, https:\/\/www.uta.cl\/wp-content\/uploads\/2024\/02\/v1-Pin\u0303era-300x300.jpg 300w, https:\/\/www.uta.cl\/wp-content\/uploads\/2024\/02\/v1-Pin\u0303era-150x150.jpg 150w, https:\/\/www.uta.cl\/wp-content\/uploads\/2024\/02\/v1-Pin\u0303era-768x768.jpg 768w, https:\/\/www.uta.cl\/wp-content\/uploads\/2024\/02\/v1-Pin\u0303era-1536x1536.jpg 1536w, https:\/\/www.uta.cl\/wp-content\/uploads\/2024\/02\/v1-Pin\u0303era.jpg 1600w\" sizes=\"(max-width: 1024px) 100vw, 1024px\" \/><\/figure>\n\n\n\n<p>El expresidente Sebasti\u00e1n Pi\u00f1era Echenique falleci\u00f3 este martes 6 de febrero a los 74 a\u00f1os de edad en un accidente a\u00e9reo en el Lago Ranco, Regi\u00f3n de Los R\u00edos.<\/p>\n\n\n\n<p>Para despedir al exmandatario, el Presidente de la Rep\u00fablica, Gabriel Boric Font, instruy\u00f3 un funeral de Estado en su honor y tres d\u00edas de duelo nacional.<\/p>\n\n\n\n<p>\u201cEl Presidente Pi\u00f1era contribuy\u00f3 desde su visi\u00f3n a construir grandes acuerdos por el bien de la patria, fue un dem\u00f3crata desde la primera hora y busc\u00f3 genuinamente lo que \u00e9l cre\u00eda que era lo mejor para el pa\u00eds\u201d, destac\u00f3 el mandatario en cadena nacional.<\/p>\n\n\n\n<p>&#8220;\u2019Chile somos todos y debemos so\u00f1arlo, dibujarlo y construirlo entre todos&#8217;, dijo Sebasti\u00e1n Pi\u00f1era al asumir su segundo periodo presidencial el 11 de marzo de 2018&#8221;, record\u00f3 Boric.&nbsp;<\/p>\n\n\n\n<p>La Universidad de Tarapac\u00e1 extiende sus sentidas condolencias a su familia y amigos y lamenta el deceso del expresidente Pi\u00f1era.<\/p>\n","protected":false},"excerpt":{"rendered":"<p>El exmandatario fue jefe de Estado durante dos periodos, entre 2010 y 2014 y de 2018 a 2022. El expresidente Sebasti\u00e1n Pi\u00f1era Echenique falleci\u00f3 este martes 6 de febrero a los 74 a\u00f1os de edad en un accidente a\u00e9reo en el Lago Ranco, Regi\u00f3n de Los R\u00edos. Para despedir al exmandatario, el Presidente de la [&hellip;]<\/p>\n","protected":false},"author":13,"featured_media":51212,"comment_status":"open","ping_status":"open","sticky":false,"template":"","format":"standard","meta":[],"categories":[315,316],"tags":[],"_links":{"self":[{"href":"https:\/\/www.uta.cl\/index.php\/wp-json\/wp\/v2\/posts\/51210"}],"collection":[{"href":"https:\/\/www.uta.cl\/index.php\/wp-json\/wp\/v2\/posts"}],"about":[{"href":"https:\/\/www.uta.cl\/index.php\/wp-json\/wp\/v2\/types\/post"}],"author":[{"embeddable":true,"href":"https:\/\/www.uta.cl\/index.php\/wp-json\/wp\/v2\/users\/13"}],"replies":[{"embeddable":true,"href":"https:\/\/www.uta.cl\/index.php\/wp-json\/wp\/v2\/comments?post=51210"}],"version-history":[{"count":3,"href":"https:\/\/www.uta.cl\/index.php\/wp-json\/wp\/v2\/posts\/51210\/revisions"}],"predecessor-version":[{"id":51214,"href":"https:\/\/www.uta.cl\/index.php\/wp-json\/wp\/v2\/posts\/51210\/revisions\/51214"}],"wp:featuredmedia":[{"embeddable":true,"href":"https:\/\/www.uta.cl\/index.php\/wp-json\/wp\/v2\/media\/51212"}],"wp:attachment":[{"href":"https:\/\/www.uta.cl\/index.php\/wp-json\/wp\/v2\/media?parent=51210"}],"wp:term":[{"taxonomy":"category","embeddable":true,"href":"https:\/\/www.uta.cl\/index.php\/wp-json\/wp\/v2\/categories?post=51210"},{"taxonomy":"post_tag","embeddable":true,"href":"https:\/\/www.uta.cl\/index.php\/wp-json\/wp\/v2\/tags?post=51210"}],"curies":[{"name":"wp","href":"https:\/\/api.w.org\/{rel}","templated":true}]}}