{"id":49959,"date":"2023-11-10T12:12:34","date_gmt":"2023-11-10T12:12:34","guid":{"rendered":"https:\/\/www.uta.cl\/?p=49959"},"modified":"2023-11-10T12:12:34","modified_gmt":"2023-11-10T12:12:34","slug":"ministra-de-ciencias-se-reunio-con-autoridades-de-la-universidad-de-tarapaca","status":"publish","type":"post","link":"https:\/\/www.uta.cl\/index.php\/2023\/11\/10\/ministra-de-ciencias-se-reunio-con-autoridades-de-la-universidad-de-tarapaca\/","title":{"rendered":"Ministra de Ciencias se reuni\u00f3 con autoridades de la Universidad de Tarapac\u00e1"},"content":{"rendered":"\n<div class=\"wp-block-image\"><figure class=\"aligncenter size-large is-resized\"><img loading=\"lazy\" src=\"https:\/\/www.uta.cl\/wp-content\/uploads\/2023\/11\/DAF9026-1-1024x699.jpg\" alt=\"\" class=\"wp-image-49960\" width=\"633\" height=\"431\" srcset=\"https:\/\/www.uta.cl\/wp-content\/uploads\/2023\/11\/DAF9026-1-1024x699.jpg 1024w, https:\/\/www.uta.cl\/wp-content\/uploads\/2023\/11\/DAF9026-1-300x205.jpg 300w, https:\/\/www.uta.cl\/wp-content\/uploads\/2023\/11\/DAF9026-1-768x524.jpg 768w, https:\/\/www.uta.cl\/wp-content\/uploads\/2023\/11\/DAF9026-1-1536x1048.jpg 1536w, https:\/\/www.uta.cl\/wp-content\/uploads\/2023\/11\/DAF9026-1.jpg 2048w\" sizes=\"(max-width: 633px) 100vw, 633px\" \/><\/figure><\/div>\n\n\n\n<p>Durante la visita de la Ministra de Ciencia, Tecnolog\u00eda, Conocimiento e Innovaci\u00f3n, Ais\u00e9n Etcheverry, a la Regi\u00f3n de Arica y Parinacota, la secretaria de Estado se reuni\u00f3 con el rector (s) de la Universidad de Tarapac\u00e1, \u00c1lvaro Palma; el director general de Investigaci\u00f3n e Innovaci\u00f3n de la casa de estudios, Dr. Rodrigo Ferrer; y el seremi de Ciencia de la macrozona norte, Cristian Cuevas.<\/p>\n\n\n\n<p>La cita estuvo marcada por la reciente aprobaci\u00f3n del presupuesto 2024 de la cartera, que considera la creaci\u00f3n del Fondo Estructural para las Universidades, que va&nbsp; permitir generar una nueva forma de financiamiento y dotar a las instituciones de recursos para el desarrollo de la Ciencia.&nbsp;<\/p>\n\n\n\n<p>Etcheverry explic\u00f3 que \u201clo hemos trabajado de la mano con las universidades porque sabemos que es importante tener una nueva forma de financiamiento. El a\u00f1o 2024 va a ser una etapa m\u00e1s de pilotaje, y definiremos c\u00f3mo lo vamos a implementar y a desplegar, considerando que tiene un presupuesto peque\u00f1ito este primer a\u00f1o, de dos mil millones de pesos. Esperamos en 2025 o 2026, empezar a dotarlo de recursos y hacer esto que quer\u00edamos: cambiarle la cara al financiamiento de la ciencia.<\/p>\n\n\n\n<p>En el caso de la UTarapac\u00e1, la proyecci\u00f3n que se trabajar\u00e1 apunta a las l\u00edneas de crecimiento y desarrollo de la instituci\u00f3n: \u201cHemos escuchado la necesidad de avanzar en m\u00e1s programas de doctorados, doctorados consorciados y sabemos que hay necesidades en materia de infraestructura, en el caso de la UTA\u201d, indic\u00f3 la ministra.<\/p>\n\n\n\n<div class=\"wp-block-image\"><figure class=\"aligncenter size-large is-resized\"><img loading=\"lazy\" src=\"https:\/\/www.uta.cl\/wp-content\/uploads\/2023\/11\/DAF9050-1024x683.jpg\" alt=\"\" class=\"wp-image-49961\" width=\"600\" height=\"400\" srcset=\"https:\/\/www.uta.cl\/wp-content\/uploads\/2023\/11\/DAF9050-1024x683.jpg 1024w, https:\/\/www.uta.cl\/wp-content\/uploads\/2023\/11\/DAF9050-300x200.jpg 300w, https:\/\/www.uta.cl\/wp-content\/uploads\/2023\/11\/DAF9050-768x512.jpg 768w, https:\/\/www.uta.cl\/wp-content\/uploads\/2023\/11\/DAF9050-1536x1025.jpg 1536w, https:\/\/www.uta.cl\/wp-content\/uploads\/2023\/11\/DAF9050.jpg 2048w\" sizes=\"(max-width: 600px) 100vw, 600px\" \/><figcaption>Durante su visita la ministra conoci\u00f3 el Museos Arqueol\u00f3gico de la Universidad de Tarapac\u00e1.<\/figcaption><\/figure><\/div>\n\n\n\n<p>Y subray\u00f3 que \u201chay planes en materia de infraestructura de c\u00f3mputo por inteligencia artificial, que son \u00e1reas prioritarias para el pa\u00eds, que est\u00e1n muy en coincidencia con los objetivos de desarrollo de la regi\u00f3n, y que nos encantar\u00eda poder potenciar tambi\u00e9n desde este fondo en conversaci\u00f3n con la Universidad\u201d.<\/p>\n\n\n\n<p>En ese sentido, \u00c1lvaro Palma destac\u00f3 que la ministra \u201ctiene planteamientos muy claros en lo que est\u00e1 proyectando, que es el disponer de un fondo que se pueda asignar para fines y objetivos espec\u00edficos que den cuenta de las necesidades en materia de investigaci\u00f3n y desarrollo en las regiones, por lo que yo le deseo el mayor de los \u00e9xitos en lo que es la fijaci\u00f3n de la reglamentaci\u00f3n para la distribuci\u00f3n de esos recursos\u201d.<\/p>\n\n\n\n<p>Asimismo, el rector (s) agreg\u00f3 que conociendo la ministra que \u201cla Universidad ha definido como un polo de desarrollo estrat\u00e9gico la inteligencia artificial, es precisamente que con estos recursos se puedan focalizar en estas l\u00edneas estrat\u00e9gicas de nuestra instituci\u00f3n y podamos acceder a recursos para las inversiones que demanda tal decisi\u00f3n\u201d.<\/p>\n\n\n\n<p>\u201cPara nosotros es importante presentar de primera mano a la Ministra lo que hacemos como Universidad, c\u00f3mo generamos una investigaci\u00f3n que pone en valor nuestro patrimonio cultural, una investigaci\u00f3n que se orienta a propiciar el desarrollo de nuestros desaf\u00edos regionales y sobre todo poder presentar c\u00f3mo desde una regi\u00f3n extrema, junto con Magallanes las m\u00e1s extremas del pa\u00eds, se logran hacer grandes cosas, grandes transformaciones y gran investigaci\u00f3n\u201d, manifest\u00f3 el director general de Investigaci\u00f3n e Innovaci\u00f3n de la U. de Tarapac\u00e1, Rodr\u00edgo Ferrer.<\/p>\n\n\n\n<div class=\"wp-block-image\"><figure class=\"aligncenter size-large is-resized\"><img loading=\"lazy\" src=\"https:\/\/www.uta.cl\/wp-content\/uploads\/2023\/11\/DAF9074-1024x732.jpg\" alt=\"\" class=\"wp-image-49962\" width=\"598\" height=\"427\" srcset=\"https:\/\/www.uta.cl\/wp-content\/uploads\/2023\/11\/DAF9074-1024x732.jpg 1024w, https:\/\/www.uta.cl\/wp-content\/uploads\/2023\/11\/DAF9074-300x214.jpg 300w, https:\/\/www.uta.cl\/wp-content\/uploads\/2023\/11\/DAF9074-768x549.jpg 768w, https:\/\/www.uta.cl\/wp-content\/uploads\/2023\/11\/DAF9074-1536x1097.jpg 1536w, https:\/\/www.uta.cl\/wp-content\/uploads\/2023\/11\/DAF9074.jpg 2048w\" sizes=\"(max-width: 598px) 100vw, 598px\" \/><\/figure><\/div>\n\n\n\n<p><\/p>\n","protected":false},"excerpt":{"rendered":"<p>La visita se produjo a d\u00edas de que el Congreso aprobara la habilitaci\u00f3n legal para crear el Fondo Estructural para las Universidades, en el proyecto de Ley de Presupuestos 2024, permitiendo discutir l\u00edneas de desarrollo en la U. de Tarapac\u00e1.<\/p>\n","protected":false},"author":11,"featured_media":49960,"comment_status":"open","ping_status":"open","sticky":false,"template":"","format":"standard","meta":[],"categories":[315,316],"tags":[],"_links":{"self":[{"href":"https:\/\/www.uta.cl\/index.php\/wp-json\/wp\/v2\/posts\/49959"}],"collection":[{"href":"https:\/\/www.uta.cl\/index.php\/wp-json\/wp\/v2\/posts"}],"about":[{"href":"https:\/\/www.uta.cl\/index.php\/wp-json\/wp\/v2\/types\/post"}],"author":[{"embeddable":true,"href":"https:\/\/www.uta.cl\/index.php\/wp-json\/wp\/v2\/users\/11"}],"replies":[{"embeddable":true,"href":"https:\/\/www.uta.cl\/index.php\/wp-json\/wp\/v2\/comments?post=49959"}],"version-history":[{"count":3,"href":"https:\/\/www.uta.cl\/index.php\/wp-json\/wp\/v2\/posts\/49959\/revisions"}],"predecessor-version":[{"id":49965,"href":"https:\/\/www.uta.cl\/index.php\/wp-json\/wp\/v2\/posts\/49959\/revisions\/49965"}],"wp:featuredmedia":[{"embeddable":true,"href":"https:\/\/www.uta.cl\/index.php\/wp-json\/wp\/v2\/media\/49960"}],"wp:attachment":[{"href":"https:\/\/www.uta.cl\/index.php\/wp-json\/wp\/v2\/media?parent=49959"}],"wp:term":[{"taxonomy":"category","embeddable":true,"href":"https:\/\/www.uta.cl\/index.php\/wp-json\/wp\/v2\/categories?post=49959"},{"taxonomy":"post_tag","embeddable":true,"href":"https:\/\/www.uta.cl\/index.php\/wp-json\/wp\/v2\/tags?post=49959"}],"curies":[{"name":"wp","href":"https:\/\/api.w.org\/{rel}","templated":true}]}}