{"id":49868,"date":"2023-11-06T13:02:17","date_gmt":"2023-11-06T13:02:17","guid":{"rendered":"https:\/\/www.uta.cl\/?p=49868"},"modified":"2023-11-06T13:02:17","modified_gmt":"2023-11-06T13:02:17","slug":"chile-dorado-emilio-ulloa-el-unico-oro-en-caracas-1983-rememora-su-hazana","status":"publish","type":"post","link":"https:\/\/www.uta.cl\/index.php\/2023\/11\/06\/chile-dorado-emilio-ulloa-el-unico-oro-en-caracas-1983-rememora-su-hazana\/","title":{"rendered":"Chile Dorado: Emilio Ulloa, el \u00fanico oro en Caracas 1983 rememora su haza\u00f1a"},"content":{"rendered":"\n<div class=\"wp-block-image\"><figure class=\"aligncenter size-large is-resized\"><img loading=\"lazy\" src=\"https:\/\/www.uta.cl\/wp-content\/uploads\/2023\/11\/8eeec93e498b51eb7605b2bb68edfc26-1024x683.jpg\" alt=\"\" class=\"wp-image-49869\" width=\"646\" height=\"430\" srcset=\"https:\/\/www.uta.cl\/wp-content\/uploads\/2023\/11\/8eeec93e498b51eb7605b2bb68edfc26-1024x683.jpg 1024w, https:\/\/www.uta.cl\/wp-content\/uploads\/2023\/11\/8eeec93e498b51eb7605b2bb68edfc26-300x200.jpg 300w, https:\/\/www.uta.cl\/wp-content\/uploads\/2023\/11\/8eeec93e498b51eb7605b2bb68edfc26-768x512.jpg 768w, https:\/\/www.uta.cl\/wp-content\/uploads\/2023\/11\/8eeec93e498b51eb7605b2bb68edfc26-1536x1024.jpg 1536w, https:\/\/www.uta.cl\/wp-content\/uploads\/2023\/11\/8eeec93e498b51eb7605b2bb68edfc26.jpg 1920w\" sizes=\"(max-width: 646px) 100vw, 646px\" \/><figcaption>El semifondista Emilio Ulloa represent\u00f3 a Chile en los Juegos Ol\u00edmpicos Los \u00c1ngeles 1984 y Se\u00fal 1988 (foto: El Mercurio de Santiago).<\/figcaption><\/figure><\/div>\n\n\n\n<p>Con 8 minutos, 57 segundos y 62 cent\u00e9simas, el atleta Emilio Ulloa fue el mejor en la prueba de 3.000 metros con obst\u00e1culos en los Juegos Panamericanos Caracas 1983. Fue la solitaria presea dorada obtenida por la delegaci\u00f3n chilena en aquella cita y una de las dos alcanzadas en la d\u00e9cada de los 80 junto a la del lanzador Gert Weil, en Indian\u00e1polis 1987.<\/p>\n\n\n\n<p>Sobre las razones de la exigua cosecha en esa \u00e9poca, el nacido en Arica sostuvo que \u201cera un momento especial que viv\u00eda Chile, generalmente todo el deporte se sustentaba en lo que pod\u00edan hacer las universidades y ah\u00ed se nutr\u00eda la selecci\u00f3n. Hab\u00eda muy poco desarrollo a nivel de las federaciones, muchas de ellas estaban reci\u00e9n retomando las actividades\u201d.<\/p>\n\n\n\n<p>M\u00e1s all\u00e1 de las dificultades sorteadas, Ulloa guarda un cari\u00f1o especial por la medalla que se colg\u00f3 en Venezuela. \u201cFue maravilloso, es una de las haza\u00f1as de mi vida deportiva que siempre est\u00e1 presente. Fue muy emocionante subirse al podio, escuchar el himno nacional y ver flamear nuestra bandera. Adem\u00e1s, fue el inicio de mi proyecci\u00f3n internacional\u201d, remarc\u00f3.<\/p>\n\n\n\n<div class=\"wp-block-image\"><figure class=\"aligncenter size-large is-resized\"><img loading=\"lazy\" src=\"https:\/\/www.uta.cl\/wp-content\/uploads\/2023\/11\/5656b1a05a44b15ed5c52b0ce5bca6d1-1024x683.jpg\" alt=\"\" class=\"wp-image-49870\" width=\"673\" height=\"448\" srcset=\"https:\/\/www.uta.cl\/wp-content\/uploads\/2023\/11\/5656b1a05a44b15ed5c52b0ce5bca6d1-1024x683.jpg 1024w, https:\/\/www.uta.cl\/wp-content\/uploads\/2023\/11\/5656b1a05a44b15ed5c52b0ce5bca6d1-300x200.jpg 300w, https:\/\/www.uta.cl\/wp-content\/uploads\/2023\/11\/5656b1a05a44b15ed5c52b0ce5bca6d1-768x512.jpg 768w, https:\/\/www.uta.cl\/wp-content\/uploads\/2023\/11\/5656b1a05a44b15ed5c52b0ce5bca6d1-1536x1024.jpg 1536w, https:\/\/www.uta.cl\/wp-content\/uploads\/2023\/11\/5656b1a05a44b15ed5c52b0ce5bca6d1.jpg 1920w\" sizes=\"(max-width: 673px) 100vw, 673px\" \/><figcaption>El Estadio Ol\u00edmpico de la UCV fue el escenario del atletismo en Caracas 1983 (foto: Facebook Venezuela Ol\u00edmpica).<\/figcaption><\/figure><\/div>\n\n\n\n<p><strong>Semifinalista Ol\u00edmpico en Los \u00c1ngeles<\/strong><\/p>\n\n\n\n<p>Un a\u00f1o despu\u00e9s del hito en el estadio Ol\u00edmpico de la Universidad Central de Venezuela (UCV), el nortino se traslad\u00f3 hasta el Memorial Coliseum de Los \u00c1ngeles para los Juegos Ol\u00edmpicos 1984. En California realiz\u00f3 la mejor actuaci\u00f3n de su carrera, en la misma especialidad, llegando a semifinales y rompiendo su propio r\u00e9cord nacional con 8&#8217;28&#8221;99, el m\u00e1s antiguo a\u00fan en vigencia que luce el registro de la Federaci\u00f3n Atl\u00e9tica de Chile.<\/p>\n\n\n\n<p>\u201cEra otro mundo, competir con los deportistas m\u00e1s grandes del planeta, estar en un entorno que se puede compartir con todas las especialidades, es algo distinto. Es una carga tambi\u00e9n bastante fuerte el competir, pero son experiencias que ojal\u00e1 todos las puedan tener, pero para llegar ah\u00ed se requiere mucho sacrificio, esfuerzo, dedicaci\u00f3n y cuidarse mucho\u201d, asegur\u00f3.<\/p>\n\n\n\n<p>El ahora jefe de carrera de Educaci\u00f3n F\u00edsica de la Universidad de Tarapac\u00e1 asumi\u00f3 que las competencias con obst\u00e1culos carecen de cultores entre las nuevas generaciones. \u201cSon muy sacrificados, a m\u00ed tampoco me gustaban, era corredor de 800 y 1.500, pero como me iba bien, me dediqu\u00e9 a eso, porque ten\u00eda velocidad y resistencia, acondicion\u00e1ndose muy bien a mis caracter\u00edsticas\u201d, revel\u00f3.<\/p>\n\n\n\n<p><strong>El Legado de Santiago 2023: \u201cEs muy importante hacer algo a nivel de educaci\u00f3n\u201d<\/strong><\/p>\n\n\n\n<p>En su rol acad\u00e9mico, Emilio Ulloa hizo una reflexi\u00f3n sobre c\u00f3mo aprovechar el impacto que generar\u00e1 la celebraci\u00f3n de los Juegos Panamericanos y Parapanamericanos por primera vez en el pa\u00eds.<\/p>\n\n\n\n<p>\u201cToda esta tremenda infraestructura que nos quedar\u00e1 tenemos que saber aprovecharla. Es muy importante hacer algo a nivel de la educaci\u00f3n y crear programas especiales en los colegios para que los estudiantes vuelvan a hacer deporte e incentivar desde temprana edad a los ni\u00f1os y proyect\u00e1ndolos poco a poco\u201d, cerr\u00f3.<\/p>\n\n\n\n<div class=\"wp-block-image\"><figure class=\"aligncenter size-large is-resized\"><img loading=\"lazy\" src=\"https:\/\/www.uta.cl\/wp-content\/uploads\/2023\/11\/b39c622a9431b5b40965e762b3602ca3-1024x683.jpg\" alt=\"\" class=\"wp-image-49871\" width=\"658\" height=\"438\" srcset=\"https:\/\/www.uta.cl\/wp-content\/uploads\/2023\/11\/b39c622a9431b5b40965e762b3602ca3-1024x683.jpg 1024w, https:\/\/www.uta.cl\/wp-content\/uploads\/2023\/11\/b39c622a9431b5b40965e762b3602ca3-300x200.jpg 300w, https:\/\/www.uta.cl\/wp-content\/uploads\/2023\/11\/b39c622a9431b5b40965e762b3602ca3-768x512.jpg 768w, https:\/\/www.uta.cl\/wp-content\/uploads\/2023\/11\/b39c622a9431b5b40965e762b3602ca3-1536x1024.jpg 1536w, https:\/\/www.uta.cl\/wp-content\/uploads\/2023\/11\/b39c622a9431b5b40965e762b3602ca3.jpg 1920w\" sizes=\"(max-width: 658px) 100vw, 658px\" \/><figcaption>As\u00ed luce actualmente el exatleta Emilio Ulloa, de 70 a\u00f1os (foto: cedida).<\/figcaption><\/figure><\/div>\n\n\n\n<p><strong>Ficha T\u00e9cnica<\/strong><\/p>\n\n\n\n<p><strong>Nombre completo:<\/strong> Emilio Jos\u00e9 Ulloa Valenzuela.<br><strong>Fecha de nacimiento:<\/strong> 22 de octubre de 1952 (70 a\u00f1os) en Arica.<br><strong>Deporte:<\/strong> Atletismo<br><strong>Especialidades:<\/strong> 800 m, 1.500 m y 3.000 m con obst\u00e1culos.<\/p>\n\n\n\n<p><strong>Principales logros:<\/strong><\/p>\n\n\n\n<p><strong>1979, Sudamericano de Bucaramanga (COL):<\/strong> oro en 1.500 m.<br><strong>1981, Sudamericano de La Paz (BOL):<\/strong> oro en 1.500 m y 3.000 m con obst\u00e1culos.<br><strong>1982, Juegos Sudamericanos de Santa Fe (ARG):<\/strong> oro en 1.500 m y 3.000 m con obst\u00e1culos.<br><strong>1983, Sudamericano de Santa Fe (ARG):<\/strong> oro en 1.500 m y 3.000 m con obst\u00e1culos.<br><strong>1983, Juegos Panamericanos de Caracas (VEN):<\/strong> oro en 3.000 m con obst\u00e1culos.<br><strong>1983:<\/strong> Premio Mejor de los Mejores, del C\u00edrculo de Periodistas Deportivos.<br><strong>1984, Juegos Ol\u00edmpicos de Los \u00c1ngeles (USA):<\/strong> semifinalista.<br><strong>1986, Juegos Sudamericanos de Santiago (CHI):<\/strong> oro en 1.500 m y 3.000 m con obst\u00e1culos.<br><strong>1987, Sudamericano de Sao Paulo (BRA):<\/strong> oro en 3.000 m con obst\u00e1culos.<br><strong>1988, Juegos Ol\u00edmpicos de Se\u00fal (KOR):<\/strong> no finaliz\u00f3.<\/p>\n\n\n\n<p><\/p>\n\n\n\n<p>Fuente: Comunicaciones Santiago 2023 (santiago2023.org\/es)&nbsp;<\/p>\n","protected":false},"excerpt":{"rendered":"<p>El arique\u00f1o gan\u00f3 los 3.000 metros con obst\u00e1culos en la cita continental. \u201cFue el inicio de mi proyecci\u00f3n internacional\u201d, dijo el tambi\u00e9n semifinalista en los Ol\u00edmpicos de Los \u00c1ngeles 1984.<\/p>\n","protected":false},"author":11,"featured_media":49869,"comment_status":"open","ping_status":"open","sticky":false,"template":"","format":"standard","meta":[],"categories":[315,316],"tags":[],"_links":{"self":[{"href":"https:\/\/www.uta.cl\/index.php\/wp-json\/wp\/v2\/posts\/49868"}],"collection":[{"href":"https:\/\/www.uta.cl\/index.php\/wp-json\/wp\/v2\/posts"}],"about":[{"href":"https:\/\/www.uta.cl\/index.php\/wp-json\/wp\/v2\/types\/post"}],"author":[{"embeddable":true,"href":"https:\/\/www.uta.cl\/index.php\/wp-json\/wp\/v2\/users\/11"}],"replies":[{"embeddable":true,"href":"https:\/\/www.uta.cl\/index.php\/wp-json\/wp\/v2\/comments?post=49868"}],"version-history":[{"count":1,"href":"https:\/\/www.uta.cl\/index.php\/wp-json\/wp\/v2\/posts\/49868\/revisions"}],"predecessor-version":[{"id":49872,"href":"https:\/\/www.uta.cl\/index.php\/wp-json\/wp\/v2\/posts\/49868\/revisions\/49872"}],"wp:featuredmedia":[{"embeddable":true,"href":"https:\/\/www.uta.cl\/index.php\/wp-json\/wp\/v2\/media\/49869"}],"wp:attachment":[{"href":"https:\/\/www.uta.cl\/index.php\/wp-json\/wp\/v2\/media?parent=49868"}],"wp:term":[{"taxonomy":"category","embeddable":true,"href":"https:\/\/www.uta.cl\/index.php\/wp-json\/wp\/v2\/categories?post=49868"},{"taxonomy":"post_tag","embeddable":true,"href":"https:\/\/www.uta.cl\/index.php\/wp-json\/wp\/v2\/tags?post=49868"}],"curies":[{"name":"wp","href":"https:\/\/api.w.org\/{rel}","templated":true}]}}