{"id":49853,"date":"2023-11-03T18:27:56","date_gmt":"2023-11-03T18:27:56","guid":{"rendered":"https:\/\/www.uta.cl\/?p=49853"},"modified":"2023-11-03T18:27:56","modified_gmt":"2023-11-03T18:27:56","slug":"reconocidas-empresas-participaron-en-la-ii-feria-tecnologica-utarapaca-2023","status":"publish","type":"post","link":"https:\/\/www.uta.cl\/index.php\/2023\/11\/03\/reconocidas-empresas-participaron-en-la-ii-feria-tecnologica-utarapaca-2023\/","title":{"rendered":"Reconocidas empresas participaron en la II Feria Tecnol\u00f3gica UTarapac\u00e1 &#8211; 2023"},"content":{"rendered":"\n<div class=\"wp-block-image\"><figure class=\"aligncenter size-large is-resized\"><img loading=\"lazy\" src=\"https:\/\/www.uta.cl\/wp-content\/uploads\/2023\/11\/20231019_093746-1024x768.jpg\" alt=\"\" class=\"wp-image-49855\" width=\"652\" height=\"489\" srcset=\"https:\/\/www.uta.cl\/wp-content\/uploads\/2023\/11\/20231019_093746-1024x768.jpg 1024w, https:\/\/www.uta.cl\/wp-content\/uploads\/2023\/11\/20231019_093746-300x225.jpg 300w, https:\/\/www.uta.cl\/wp-content\/uploads\/2023\/11\/20231019_093746-768x576.jpg 768w, https:\/\/www.uta.cl\/wp-content\/uploads\/2023\/11\/20231019_093746-1536x1152.jpg 1536w, https:\/\/www.uta.cl\/wp-content\/uploads\/2023\/11\/20231019_093746-2048x1536.jpg 2048w\" sizes=\"(max-width: 652px) 100vw, 652px\" \/><\/figure><\/div>\n\n\n\n<p>Con el objetivo de fortalecer la vinculaci\u00f3n entre la Facultad de Ingenier\u00eda y la industria, el Departamento de Ingenier\u00eda El\u00e9ctrica y Electr\u00f3nica (DIEE) de la Universidad de Tarapac\u00e1 organiz\u00f3 la <strong>II Feria Tecnol\u00f3gica UTA &#8211; 2023<\/strong>, la cual cont\u00f3 con la participaci\u00f3n de <strong>Dartel Electricidad<\/strong>, <strong>Finning Chile S.A.<\/strong>, <strong>Golden Omega S.A.<\/strong>, <strong>Legrand<\/strong>, <strong>PRECISION S.A.<\/strong> y <strong>Phoenix Contact<\/strong>, destacadas empresas del rubro.<\/p>\n\n\n\n<p>Durante la inauguraci\u00f3n estuvieron presentes <strong>Alejandro Rodr\u00edguez<\/strong>, decano de la Facultad de Ingenier\u00eda; <strong>Ram\u00f3n Guirriman<\/strong>, director del DIEE; <strong>Anita Flores<\/strong>, seremi de Energ\u00eda, acad\u00e9micos, docentes, estudiantes, profesionales del proyecto Ingenier\u00eda 2030, egresados y egresadas.<\/p>\n\n\n\n<p>&#8220;Esta importante actividad permite conocer proyectos relevantes para el desarrollo nacional, as\u00ed como tecnolog\u00edas de vanguardia utilizadas en la miner\u00eda y servicios, generando, por cierto, oportunidades para nuestros estudiantes de conocer tendencias y complementar sus aprendizajes y conocimientos&#8221;, afirm\u00f3 Rodr\u00edguez durante su discurso.<\/p>\n\n\n\n<p>Por otro lado, Ram\u00f3n Guirriman hizo \u00e9nfasis tanto en la labor y trayectoria de la instituci\u00f3n como en hitos importantes ocurridos durante el presente a\u00f1o, tales como la certificaci\u00f3n de las carreras del departamento y la reciente acreditaci\u00f3n por 6 a\u00f1os de la UTA.&nbsp;<\/p>\n\n\n\n<p>&#8220;El Departamento de Ingenier\u00eda El\u00e9ctrica y Electr\u00f3nica en sus m\u00e1s de 40 a\u00f1os de existencia ha sido parte fundamental en la movilidad social y ha contribuido a formar profesionales que sirven tanto en la regi\u00f3n como a nivel pa\u00eds\u201d, destac\u00f3 Guirriman.<\/p>\n\n\n\n<figure class=\"wp-block-gallery aligncenter columns-2 is-cropped\"><ul class=\"blocks-gallery-grid\"><li class=\"blocks-gallery-item\"><figure><img loading=\"lazy\" width=\"1024\" height=\"768\" src=\"https:\/\/www.uta.cl\/wp-content\/uploads\/2023\/11\/20231019_094049-1024x768.jpg\" alt=\"\" data-id=\"49857\" data-full-url=\"https:\/\/www.uta.cl\/wp-content\/uploads\/2023\/11\/20231019_094049-scaled.jpg\" data-link=\"https:\/\/www.uta.cl\/?attachment_id=49857\" class=\"wp-image-49857\" srcset=\"https:\/\/www.uta.cl\/wp-content\/uploads\/2023\/11\/20231019_094049-1024x768.jpg 1024w, https:\/\/www.uta.cl\/wp-content\/uploads\/2023\/11\/20231019_094049-300x225.jpg 300w, https:\/\/www.uta.cl\/wp-content\/uploads\/2023\/11\/20231019_094049-768x576.jpg 768w, https:\/\/www.uta.cl\/wp-content\/uploads\/2023\/11\/20231019_094049-1536x1152.jpg 1536w, https:\/\/www.uta.cl\/wp-content\/uploads\/2023\/11\/20231019_094049-2048x1536.jpg 2048w\" sizes=\"(max-width: 1024px) 100vw, 1024px\" \/><\/figure><\/li><li class=\"blocks-gallery-item\"><figure><img loading=\"lazy\" width=\"1024\" height=\"768\" src=\"https:\/\/www.uta.cl\/wp-content\/uploads\/2023\/11\/20231019_104110-1024x768.jpg\" alt=\"\" data-id=\"49856\" data-full-url=\"https:\/\/www.uta.cl\/wp-content\/uploads\/2023\/11\/20231019_104110-scaled.jpg\" data-link=\"https:\/\/www.uta.cl\/?attachment_id=49856\" class=\"wp-image-49856\" srcset=\"https:\/\/www.uta.cl\/wp-content\/uploads\/2023\/11\/20231019_104110-1024x768.jpg 1024w, https:\/\/www.uta.cl\/wp-content\/uploads\/2023\/11\/20231019_104110-300x225.jpg 300w, https:\/\/www.uta.cl\/wp-content\/uploads\/2023\/11\/20231019_104110-768x576.jpg 768w, https:\/\/www.uta.cl\/wp-content\/uploads\/2023\/11\/20231019_104110-1536x1152.jpg 1536w, https:\/\/www.uta.cl\/wp-content\/uploads\/2023\/11\/20231019_104110-2048x1536.jpg 2048w\" sizes=\"(max-width: 1024px) 100vw, 1024px\" \/><\/figure><\/li><\/ul><\/figure>\n\n\n\n<p><strong>Ciclo de charlas<\/strong><\/p>\n\n\n\n<p>En paralelo al showroom, ambos d\u00edas del evento contaron con una serie de charlas relacionadas con el rubro tecnol\u00f3gico, el\u00e9ctrico e industrial, las cuales fueron dictadas por representantes de las empresas participantes, de otras instituciones como CORFO y de egresados de la universidad.<\/p>\n\n\n\n<p>Durante la primera jornada se realizaron las charlas de <strong>Christian Guerra<\/strong> y <strong>Luis S\u00e1nchez<\/strong>, en representaci\u00f3n de PRECISION S.A; <strong>Paolo Minguzzi<\/strong>, de VujaDe Ventures; <strong>Javier Donoso<\/strong>, <strong>Louis Phillip Mendoza<\/strong>, y <strong>Santiago Nattino<\/strong>, de Golden Omega S.A; <strong>Freddy Guti\u00e9rrez <\/strong>de CORFO; <strong>Pablo Lugones,<\/strong> de Finning Chile S.A., y finalizando la actividad, <strong>Giandomenico Barbagelata<\/strong> y <strong>Josu\u00e9 Ruminot<\/strong>, de Dartel Electricidad.<\/p>\n\n\n\n<p>En cuanto a las exposiciones del segundo d\u00eda, hubo tres sobre marcas de Dartel Electricidad, tales como Darlux, FNX, y Hikvision, las cuales fueron presentadas por <strong>Ang\u00e9lica Vald\u00e9s<\/strong>, <strong>Josu\u00e9 Ruminot<\/strong> y <strong>C\u00e9sar S\u00e1nchez<\/strong>, respectivamente. Asimismo, se cont\u00f3 con las charlas de <strong>Jos\u00e9 Zambrano<\/strong> de Legrand, <strong>Rolando Caicedo<\/strong>, exalumno, y <strong>Christian Mancilla<\/strong> de Phoenix Contact.<\/p>\n\n\n\n<p><strong>Javier Letelier<\/strong>, docente del departamento y organizador del evento, destac\u00f3 la concurrencia durante ambas jornadas de la actividad en comparaci\u00f3n con su primera edici\u00f3n.<\/p>\n\n\n\n<p>\u201cSe vio mucha m\u00e1s gente, m\u00e1s asistencia. Tambi\u00e9n m\u00e1s empresas, m\u00e1s expositores, y eso, la verdad, nos tiene contentos. Hubo varios ofrecimientos que aparecen a veces ah\u00ed, de las empresas a la universidad, en lo que se refiere a establecer algunos v\u00ednculos, ya m\u00e1s cercanos, apoyo al desarrollo de proyectos, y cosas de ese estilo que hay que concretar de ahora en adelante\u201d, coment\u00f3 Letelier.<\/p>\n\n\n\n<p>En conjunto con la actividad, se realiz\u00f3 el <strong>Encuentro de Egresados y Egresadas 2023<\/strong> del Departamento de Ingenier\u00eda El\u00e9ctrica y Electr\u00f3nica, organizado por el acad\u00e9mico y Jefe de Carrera de Ingenier\u00eda Civil El\u00e9ctrica, <strong>Ra\u00fal Sanhueza<\/strong>, quien valor\u00f3 la oportunidad de conversar con antiguos alumnos y alumnas.<\/p>\n\n\n\n<p>\u201cFue motivador escuchar sus historias y compartir sus experiencias (\u2026) Espero que los futuros encuentros sigan siendo tan exitosos como este. Me gustar\u00eda ver m\u00e1s oportunidades de participaci\u00f3n y contribuir a la organizaci\u00f3n. Adem\u00e1s, ser\u00eda interesante que en los pr\u00f3ximos encuentros se incluyan sesiones tem\u00e1ticas espec\u00edficas que aborden los desaf\u00edos actuales de nuestra profesi\u00f3n y promuevan la colaboraci\u00f3n\u201d, afirm\u00f3 el acad\u00e9mico.<\/p>\n\n\n\n<div class=\"wp-block-image\"><figure class=\"aligncenter size-large is-resized\"><img loading=\"lazy\" src=\"https:\/\/www.uta.cl\/wp-content\/uploads\/2023\/11\/20231020_180607-1024x768.jpg\" alt=\"\" class=\"wp-image-49854\" width=\"634\" height=\"476\" srcset=\"https:\/\/www.uta.cl\/wp-content\/uploads\/2023\/11\/20231020_180607-1024x768.jpg 1024w, https:\/\/www.uta.cl\/wp-content\/uploads\/2023\/11\/20231020_180607-300x225.jpg 300w, https:\/\/www.uta.cl\/wp-content\/uploads\/2023\/11\/20231020_180607-768x576.jpg 768w, https:\/\/www.uta.cl\/wp-content\/uploads\/2023\/11\/20231020_180607-1536x1152.jpg 1536w, https:\/\/www.uta.cl\/wp-content\/uploads\/2023\/11\/20231020_180607-2048x1536.jpg 2048w\" sizes=\"(max-width: 634px) 100vw, 634px\" \/><\/figure><\/div>\n","protected":false},"excerpt":{"rendered":"<p>Los expositores y expositoras dieron vida a esta segunda edici\u00f3n con un ciclo de charlas y showroom en el Departamento de Ingenier\u00eda El\u00e9ctrica y Electr\u00f3nica.<\/p>\n","protected":false},"author":11,"featured_media":49855,"comment_status":"open","ping_status":"open","sticky":false,"template":"","format":"standard","meta":[],"categories":[37,316,51],"tags":[],"_links":{"self":[{"href":"https:\/\/www.uta.cl\/index.php\/wp-json\/wp\/v2\/posts\/49853"}],"collection":[{"href":"https:\/\/www.uta.cl\/index.php\/wp-json\/wp\/v2\/posts"}],"about":[{"href":"https:\/\/www.uta.cl\/index.php\/wp-json\/wp\/v2\/types\/post"}],"author":[{"embeddable":true,"href":"https:\/\/www.uta.cl\/index.php\/wp-json\/wp\/v2\/users\/11"}],"replies":[{"embeddable":true,"href":"https:\/\/www.uta.cl\/index.php\/wp-json\/wp\/v2\/comments?post=49853"}],"version-history":[{"count":1,"href":"https:\/\/www.uta.cl\/index.php\/wp-json\/wp\/v2\/posts\/49853\/revisions"}],"predecessor-version":[{"id":49858,"href":"https:\/\/www.uta.cl\/index.php\/wp-json\/wp\/v2\/posts\/49853\/revisions\/49858"}],"wp:featuredmedia":[{"embeddable":true,"href":"https:\/\/www.uta.cl\/index.php\/wp-json\/wp\/v2\/media\/49855"}],"wp:attachment":[{"href":"https:\/\/www.uta.cl\/index.php\/wp-json\/wp\/v2\/media?parent=49853"}],"wp:term":[{"taxonomy":"category","embeddable":true,"href":"https:\/\/www.uta.cl\/index.php\/wp-json\/wp\/v2\/categories?post=49853"},{"taxonomy":"post_tag","embeddable":true,"href":"https:\/\/www.uta.cl\/index.php\/wp-json\/wp\/v2\/tags?post=49853"}],"curies":[{"name":"wp","href":"https:\/\/api.w.org\/{rel}","templated":true}]}}