{"id":47606,"date":"2023-09-07T13:23:00","date_gmt":"2023-09-07T13:23:00","guid":{"rendered":"https:\/\/www.uta.cl\/?p=47606"},"modified":"2023-09-27T12:57:11","modified_gmt":"2023-09-27T12:57:11","slug":"feria-habilidades-para-la-vida-ii","status":"publish","type":"post","link":"https:\/\/www.uta.cl\/index.php\/2023\/09\/07\/feria-habilidades-para-la-vida-ii\/","title":{"rendered":"Feria Habilidades para la Vida II"},"content":{"rendered":"\n<p>La Escuela de Trabajo Social organiz\u00f3 una Feria Informativa Educacional, en la explanada de la Plaza Vicu\u00f1a Mackenna, donde participaron alumnos, profesores y directores de escuelas p\u00fablicas de Arica adscritas al programa Habilidades para la Vida II, proyecto ejecutado por la Universidad de Tarapac\u00e1 en colaboraci\u00f3n con Junaeb.<\/p>\n\n\n\n<figure class=\"wp-block-gallery columns-2 is-cropped\"><ul class=\"blocks-gallery-grid\"><li class=\"blocks-gallery-item\"><figure><a href=\"https:\/\/www.uta.cl\/wp-content\/uploads\/2023\/09\/DAF7375.jpg\"><img loading=\"lazy\" width=\"2048\" height=\"1366\" src=\"https:\/\/www.uta.cl\/wp-content\/uploads\/2023\/09\/DAF7375.jpg\" alt=\"\" data-id=\"47484\" class=\"wp-image-47484\" srcset=\"https:\/\/www.uta.cl\/wp-content\/uploads\/2023\/09\/DAF7375.jpg 2048w, https:\/\/www.uta.cl\/wp-content\/uploads\/2023\/09\/DAF7375-300x200.jpg 300w, https:\/\/www.uta.cl\/wp-content\/uploads\/2023\/09\/DAF7375-1024x683.jpg 1024w, https:\/\/www.uta.cl\/wp-content\/uploads\/2023\/09\/DAF7375-768x512.jpg 768w, https:\/\/www.uta.cl\/wp-content\/uploads\/2023\/09\/DAF7375-1536x1025.jpg 1536w\" sizes=\"(max-width: 2048px) 100vw, 2048px\" \/><\/a><\/figure><\/li><li class=\"blocks-gallery-item\"><figure><a href=\"https:\/\/www.uta.cl\/wp-content\/uploads\/2023\/09\/DAF7374.jpg\"><img loading=\"lazy\" width=\"2048\" height=\"1366\" src=\"https:\/\/www.uta.cl\/wp-content\/uploads\/2023\/09\/DAF7374.jpg\" alt=\"\" data-id=\"47483\" class=\"wp-image-47483\" srcset=\"https:\/\/www.uta.cl\/wp-content\/uploads\/2023\/09\/DAF7374.jpg 2048w, https:\/\/www.uta.cl\/wp-content\/uploads\/2023\/09\/DAF7374-300x200.jpg 300w, https:\/\/www.uta.cl\/wp-content\/uploads\/2023\/09\/DAF7374-1024x683.jpg 1024w, https:\/\/www.uta.cl\/wp-content\/uploads\/2023\/09\/DAF7374-768x512.jpg 768w, https:\/\/www.uta.cl\/wp-content\/uploads\/2023\/09\/DAF7374-1536x1025.jpg 1536w\" sizes=\"(max-width: 2048px) 100vw, 2048px\" \/><\/a><\/figure><\/li><li class=\"blocks-gallery-item\"><figure><a href=\"https:\/\/www.uta.cl\/wp-content\/uploads\/2023\/09\/DAF7373.jpg\"><img loading=\"lazy\" width=\"2048\" height=\"1366\" src=\"https:\/\/www.uta.cl\/wp-content\/uploads\/2023\/09\/DAF7373.jpg\" alt=\"\" data-id=\"47482\" class=\"wp-image-47482\" srcset=\"https:\/\/www.uta.cl\/wp-content\/uploads\/2023\/09\/DAF7373.jpg 2048w, https:\/\/www.uta.cl\/wp-content\/uploads\/2023\/09\/DAF7373-300x200.jpg 300w, https:\/\/www.uta.cl\/wp-content\/uploads\/2023\/09\/DAF7373-1024x683.jpg 1024w, https:\/\/www.uta.cl\/wp-content\/uploads\/2023\/09\/DAF7373-768x512.jpg 768w, https:\/\/www.uta.cl\/wp-content\/uploads\/2023\/09\/DAF7373-1536x1025.jpg 1536w\" sizes=\"(max-width: 2048px) 100vw, 2048px\" \/><\/a><\/figure><\/li><li class=\"blocks-gallery-item\"><figure><a href=\"https:\/\/www.uta.cl\/wp-content\/uploads\/2023\/09\/DAF7362.jpg\"><img loading=\"lazy\" width=\"2048\" height=\"1366\" src=\"https:\/\/www.uta.cl\/wp-content\/uploads\/2023\/09\/DAF7362.jpg\" alt=\"\" data-id=\"47481\" class=\"wp-image-47481\" srcset=\"https:\/\/www.uta.cl\/wp-content\/uploads\/2023\/09\/DAF7362.jpg 2048w, https:\/\/www.uta.cl\/wp-content\/uploads\/2023\/09\/DAF7362-300x200.jpg 300w, https:\/\/www.uta.cl\/wp-content\/uploads\/2023\/09\/DAF7362-1024x683.jpg 1024w, https:\/\/www.uta.cl\/wp-content\/uploads\/2023\/09\/DAF7362-768x512.jpg 768w, https:\/\/www.uta.cl\/wp-content\/uploads\/2023\/09\/DAF7362-1536x1025.jpg 1536w\" sizes=\"(max-width: 2048px) 100vw, 2048px\" \/><\/a><\/figure><\/li><\/ul><\/figure>\n","protected":false},"excerpt":{"rendered":"<p>La Escuela de Trabajo Social organiz\u00f3 una Feria Informativa Educacional, en la explanada de la Plaza Vicu\u00f1a Mackenna, donde participaron alumnos, profesores y directores de escuelas p\u00fablicas de Arica adscritas al programa Habilidades para la Vida II, proyecto ejecutado por la Universidad de Tarapac\u00e1 en colaboraci\u00f3n con Junaeb.<\/p>\n","protected":false},"author":13,"featured_media":47483,"comment_status":"open","ping_status":"open","sticky":false,"template":"","format":"standard","meta":[],"categories":[318],"tags":[],"_links":{"self":[{"href":"https:\/\/www.uta.cl\/index.php\/wp-json\/wp\/v2\/posts\/47606"}],"collection":[{"href":"https:\/\/www.uta.cl\/index.php\/wp-json\/wp\/v2\/posts"}],"about":[{"href":"https:\/\/www.uta.cl\/index.php\/wp-json\/wp\/v2\/types\/post"}],"author":[{"embeddable":true,"href":"https:\/\/www.uta.cl\/index.php\/wp-json\/wp\/v2\/users\/13"}],"replies":[{"embeddable":true,"href":"https:\/\/www.uta.cl\/index.php\/wp-json\/wp\/v2\/comments?post=47606"}],"version-history":[{"count":3,"href":"https:\/\/www.uta.cl\/index.php\/wp-json\/wp\/v2\/posts\/47606\/revisions"}],"predecessor-version":[{"id":47904,"href":"https:\/\/www.uta.cl\/index.php\/wp-json\/wp\/v2\/posts\/47606\/revisions\/47904"}],"wp:featuredmedia":[{"embeddable":true,"href":"https:\/\/www.uta.cl\/index.php\/wp-json\/wp\/v2\/media\/47483"}],"wp:attachment":[{"href":"https:\/\/www.uta.cl\/index.php\/wp-json\/wp\/v2\/media?parent=47606"}],"wp:term":[{"taxonomy":"category","embeddable":true,"href":"https:\/\/www.uta.cl\/index.php\/wp-json\/wp\/v2\/categories?post=47606"},{"taxonomy":"post_tag","embeddable":true,"href":"https:\/\/www.uta.cl\/index.php\/wp-json\/wp\/v2\/tags?post=47606"}],"curies":[{"name":"wp","href":"https:\/\/api.w.org\/{rel}","templated":true}]}}