{"id":47252,"date":"2023-08-22T21:13:31","date_gmt":"2023-08-22T21:13:31","guid":{"rendered":"https:\/\/www.uta.cl\/?p=47252"},"modified":"2023-11-27T13:39:17","modified_gmt":"2023-11-27T13:39:17","slug":"comunidad-de-la-sede-iquique-participo-de-inducciones-relacionadas-a-la-implementacion-de-la-ley-21-369","status":"publish","type":"post","link":"https:\/\/www.uta.cl\/index.php\/2023\/08\/22\/comunidad-de-la-sede-iquique-participo-de-inducciones-relacionadas-a-la-implementacion-de-la-ley-21-369\/","title":{"rendered":"Comunidad de la Sede Iquique particip\u00f3 de inducciones relacionadas a la implementaci\u00f3n de la Ley 21.369"},"content":{"rendered":"\n<div class=\"wp-block-image\"><figure class=\"aligncenter size-large is-resized\"><img loading=\"lazy\" src=\"https:\/\/www.uta.cl\/wp-content\/uploads\/2023\/08\/\u200eCharlas-Induccion-estudiantes-2023-noticia.\u200e001.jpeg\" alt=\"\" class=\"wp-image-47253\" width=\"540\" height=\"303\" srcset=\"https:\/\/www.uta.cl\/wp-content\/uploads\/2023\/08\/\u200eCharlas-Induccion-estudiantes-2023-noticia.\u200e001.jpeg 960w, https:\/\/www.uta.cl\/wp-content\/uploads\/2023\/08\/\u200eCharlas-Induccion-estudiantes-2023-noticia.\u200e001-300x169.jpeg 300w, https:\/\/www.uta.cl\/wp-content\/uploads\/2023\/08\/\u200eCharlas-Induccion-estudiantes-2023-noticia.\u200e001-768x432.jpeg 768w\" sizes=\"(max-width: 540px) 100vw, 540px\" \/><\/figure><\/div>\n\n\n\n<p>La comunidad de la Universidad de Tarapac\u00e1 Sede Iquique, particip\u00f3 en jornadas de inducci\u00f3n que prepar\u00f3 la Unidad de Prevenci\u00f3n Ley 21.396, dependiente de la Direcci\u00f3n de Equidad y G\u00e9nero. Esta unidad tiene a su cargo el dise\u00f1o e implementaci\u00f3n del Modelo de Prevenci\u00f3n que integra la Pol\u00edtica Integral contra el acoso sexual, violencia y discriminaci\u00f3n de g\u00e9nero (DEC.EX. 630\/2022). La pol\u00edtica considera la realizaci\u00f3n de inducciones a todos los actores de la comunidad universitaria, entre ellos los estudiantes, acad\u00e9micos y funcionarios de gesti\u00f3n institucional.<\/p>\n\n\n\n<p><strong>Comunidad acad\u00e9mica y de gesti\u00f3n institucional<\/strong><\/p>\n\n\n\n<p>Durante el primer semestre, acad\u00e9micos y docentes participaron en estas jornadas en las cuales conocieron pol\u00edticas institucionales que promueven la equidad, inclusi\u00f3n, respeto a la dignidad humana, justicia y Derechos Humanos; as\u00ed como el bienestar y salud mental dentro de la comunidad universitaria.<\/p>\n\n\n\n<p>Los acad\u00e9micos y docentes, adem\u00e1s de recibir informaci\u00f3n acerca de la normativa, reflexionaron acerca de c\u00f3mo est\u00e1 se aplica a los espacios de aprendizaje y su rol en estas acciones.<\/p>\n\n\n\n<p>Una jornada similar se realiz\u00f3 para m\u00e1s de 30 funcionarios de gesti\u00f3n institucional que se han incorporado recientemente a la Sede Iquique. Los funcionarios conocieron la normativa institucional y dialogaron respecto de situaciones en que esta pudiera ser aplicada. Los funcionarios de gesti\u00f3n, desde sus diferentes roles se encuentran desplegados en los distintos espacios de la universidad, siendo fundamental que cuenten con informaci\u00f3n actualizada respecto a la normativa institucional, dado que contribuye a mantener espacios laborales libres de acciones discriminatorias, atentatorias contra la dignidad de las personas y de acoso, discriminaci\u00f3n y violencia de g\u00e9nero.<\/p>\n\n\n\n<p><strong>Comunidad estudiantil<\/strong><\/p>\n\n\n\n<p>Los estudiantes de ingreso 2023 en la Universidad de Tarapac\u00e1 Sede Iquique, conocieron detalles de la normativa institucional. Fueron m\u00e1s de 300 alumnos de primer a\u00f1o de las 11 carreras de pregrado que se dan en la regi\u00f3n de Tarapac\u00e1, quienes participaron en jornadas de inducci\u00f3n respecto de las normativas institucionales, promotoras de la equidad, del respeto a la dignidad y asociadas a la prevenci\u00f3n del acoso, violencia y discriminaci\u00f3n de g\u00e9nero .<\/p>\n\n\n\n<p>\u201cSi los estudiantes cuentan con informaci\u00f3n b\u00e1sica acerca de las normativas y protocolos de acci\u00f3n, se inicia un circuito de prevenci\u00f3n respecto de actos como el acoso sexual u otras acciones que atenten contra la dignidad de los miembros de la comunidad universitaria. Adem\u00e1s, pueden actuar adecuadamente, en caso de ser afectados o testigos de acciones que vulneren a otros miembros de la universidad\u201d, manifest\u00f3 la Dra. Paola Muzatto Negr\u00f3n, Jefa de la Unidad de Prevenci\u00f3n Ley 21.396 , Sede Iquique de nuestra casa de estudios.<\/p>\n","protected":false},"excerpt":{"rendered":"<p>La comunidad de la UTA Sede Iquique construy\u00f3 espacios libres de violencia, acoso y discriminaci\u00f3n.<\/p>\n","protected":false},"author":11,"featured_media":47253,"comment_status":"open","ping_status":"open","sticky":false,"template":"","format":"standard","meta":[],"categories":[42,316],"tags":[],"_links":{"self":[{"href":"https:\/\/www.uta.cl\/index.php\/wp-json\/wp\/v2\/posts\/47252"}],"collection":[{"href":"https:\/\/www.uta.cl\/index.php\/wp-json\/wp\/v2\/posts"}],"about":[{"href":"https:\/\/www.uta.cl\/index.php\/wp-json\/wp\/v2\/types\/post"}],"author":[{"embeddable":true,"href":"https:\/\/www.uta.cl\/index.php\/wp-json\/wp\/v2\/users\/11"}],"replies":[{"embeddable":true,"href":"https:\/\/www.uta.cl\/index.php\/wp-json\/wp\/v2\/comments?post=47252"}],"version-history":[{"count":2,"href":"https:\/\/www.uta.cl\/index.php\/wp-json\/wp\/v2\/posts\/47252\/revisions"}],"predecessor-version":[{"id":47256,"href":"https:\/\/www.uta.cl\/index.php\/wp-json\/wp\/v2\/posts\/47252\/revisions\/47256"}],"wp:featuredmedia":[{"embeddable":true,"href":"https:\/\/www.uta.cl\/index.php\/wp-json\/wp\/v2\/media\/47253"}],"wp:attachment":[{"href":"https:\/\/www.uta.cl\/index.php\/wp-json\/wp\/v2\/media?parent=47252"}],"wp:term":[{"taxonomy":"category","embeddable":true,"href":"https:\/\/www.uta.cl\/index.php\/wp-json\/wp\/v2\/categories?post=47252"},{"taxonomy":"post_tag","embeddable":true,"href":"https:\/\/www.uta.cl\/index.php\/wp-json\/wp\/v2\/tags?post=47252"}],"curies":[{"name":"wp","href":"https:\/\/api.w.org\/{rel}","templated":true}]}}