{"id":47177,"date":"2023-08-17T17:39:36","date_gmt":"2023-08-17T17:39:36","guid":{"rendered":"https:\/\/www.uta.cl\/?p=47177"},"modified":"2023-09-06T18:17:03","modified_gmt":"2023-09-06T18:17:03","slug":"la-universidad-de-tarapaca-abre-sus-puertas-a-la-exposicion-deshumanizar-cuerpos-de-la-coleccion-mavi-uc","status":"publish","type":"post","link":"https:\/\/www.uta.cl\/index.php\/2023\/08\/17\/la-universidad-de-tarapaca-abre-sus-puertas-a-la-exposicion-deshumanizar-cuerpos-de-la-coleccion-mavi-uc\/","title":{"rendered":"La Universidad de Tarapac\u00e1 abre sus puertas a la exposici\u00f3n \u201c(des)humanizar cuerpos\u201d de la Colecci\u00f3n MAVI UC"},"content":{"rendered":"\n<div class=\"wp-block-image\"><figure class=\"aligncenter size-large is-resized\"><img loading=\"lazy\" src=\"https:\/\/www.uta.cl\/wp-content\/uploads\/2023\/08\/DAF7265-1024x683.jpg\" alt=\"\" class=\"wp-image-47178\" width=\"615\" height=\"410\" srcset=\"https:\/\/www.uta.cl\/wp-content\/uploads\/2023\/08\/DAF7265-1024x683.jpg 1024w, https:\/\/www.uta.cl\/wp-content\/uploads\/2023\/08\/DAF7265-300x200.jpg 300w, https:\/\/www.uta.cl\/wp-content\/uploads\/2023\/08\/DAF7265-768x512.jpg 768w, https:\/\/www.uta.cl\/wp-content\/uploads\/2023\/08\/DAF7265-1536x1025.jpg 1536w, https:\/\/www.uta.cl\/wp-content\/uploads\/2023\/08\/DAF7265.jpg 2048w\" sizes=\"(max-width: 615px) 100vw, 615px\" \/><\/figure><\/div>\n\n\n\n<p>En un trabajo colaborativo entre el Museo de Artes Visuales MAVI UC y la Universidad de Tarapac\u00e1 se inaugur\u00f3 la exposici\u00f3n itinerante \u201c(des)humanizar cuerpos\u201d de la Colecci\u00f3n MAVI UC, comenzando su recorrido desde el extremo norte del pa\u00eds.<\/p>\n\n\n\n<p>Durante las palabras inaugurales, la rectora (s) Dra. Jenniffer Peralta Montecinos, manifest\u00f3 que \u201cpara nosotros como universidad es un deber y un compromiso, no solamente el desarrollo del conocimiento y la ciencia en Arica y Parinacota y en Tarapac\u00e1, que tenga un impacto a nivel local y nacional, sino tambi\u00e9n el quehacer en vinculaci\u00f3n con el medio cuando se trata justamente de promover y desarrollar la cultura y las artes\u201d.<\/p>\n\n\n\n<p>En la exposici\u00f3n se visualiza el retrato como un reflejo de preocupaciones muy diversas, un cuerpo o un rostro como crisol de la historia a escala humana, terreno de lo existencial y lo material. La selecci\u00f3n se presenta como un mosaico de cuerpos tematizados a trav\u00e9s de elecciones conceptuales, documentales, antropol\u00f3gicas y simb\u00f3licas.<\/p>\n\n\n\n<p>El p\u00fablico visitante tendr\u00e1 la posibilidad de conocer las obras de catorce artistas de la Colecci\u00f3n MAVI UC: Gracia Barrios, Valentina Cruz, Juan Domingo D\u00e1vila, Juan Downey, Ricardo Irarr\u00e1zabal, Patricia Israel, Eva Lefever, Hugo Mar\u00edn, Mariana Matthews, Guillermo N\u00fa\u00f1ez, In\u00e9s Paulino, Lotty Rosenfeld, Marcela Trujillo e Ingrid Wildi.<\/p>\n\n\n\n<p>La directora ejecutiva de MAVI UC, Amelia Saavedra Ram\u00edrez, se\u00f1al\u00f3 que \u201cquisimos traer a la ciudad de Arica la \u00faltima exposici\u00f3n que se realiz\u00f3 de la colecci\u00f3n del Museo MAVI UC para traer, al mismo tiempo, lo \u00faltimo que hemos estado trabajando al extremo norte de nuestro pa\u00eds desde donde la muestra empezar\u00e1 a itinerar hacia ciudades como Iquique, Antofagasta, Copiap\u00f3 y La Serena\u201d.<\/p>\n\n\n\n<p>La muestra estar\u00e1 disponible hasta el 2 de septiembre, de lunes a viernes en horario de 08:30 a 18:00 horas y s\u00e1bados de 09:00 a 12:00 horas, en el hall de la Biblioteca Central del Campus Saucache de la Universidad de Tarapac\u00e1.<\/p>\n\n\n\n<figure class=\"wp-block-gallery aligncenter columns-2 is-cropped\"><ul class=\"blocks-gallery-grid\"><li class=\"blocks-gallery-item\"><figure><img loading=\"lazy\" width=\"1024\" height=\"683\" src=\"https:\/\/www.uta.cl\/wp-content\/uploads\/2023\/08\/DAF7266-1024x683.jpg\" alt=\"\" data-id=\"47179\" data-full-url=\"https:\/\/www.uta.cl\/wp-content\/uploads\/2023\/08\/DAF7266.jpg\" data-link=\"https:\/\/www.uta.cl\/?attachment_id=47179\" class=\"wp-image-47179\" srcset=\"https:\/\/www.uta.cl\/wp-content\/uploads\/2023\/08\/DAF7266-1024x683.jpg 1024w, https:\/\/www.uta.cl\/wp-content\/uploads\/2023\/08\/DAF7266-300x200.jpg 300w, https:\/\/www.uta.cl\/wp-content\/uploads\/2023\/08\/DAF7266-768x512.jpg 768w, https:\/\/www.uta.cl\/wp-content\/uploads\/2023\/08\/DAF7266-1536x1024.jpg 1536w, https:\/\/www.uta.cl\/wp-content\/uploads\/2023\/08\/DAF7266.jpg 2048w\" sizes=\"(max-width: 1024px) 100vw, 1024px\" \/><\/figure><\/li><li class=\"blocks-gallery-item\"><figure><img loading=\"lazy\" width=\"1024\" height=\"683\" src=\"https:\/\/www.uta.cl\/wp-content\/uploads\/2023\/08\/DAF7269-1024x683.jpg\" alt=\"\" data-id=\"47185\" data-full-url=\"https:\/\/www.uta.cl\/wp-content\/uploads\/2023\/08\/DAF7269.jpg\" data-link=\"https:\/\/www.uta.cl\/?attachment_id=47185\" class=\"wp-image-47185\" srcset=\"https:\/\/www.uta.cl\/wp-content\/uploads\/2023\/08\/DAF7269-1024x683.jpg 1024w, https:\/\/www.uta.cl\/wp-content\/uploads\/2023\/08\/DAF7269-300x200.jpg 300w, https:\/\/www.uta.cl\/wp-content\/uploads\/2023\/08\/DAF7269-768x512.jpg 768w, https:\/\/www.uta.cl\/wp-content\/uploads\/2023\/08\/DAF7269-1536x1025.jpg 1536w, https:\/\/www.uta.cl\/wp-content\/uploads\/2023\/08\/DAF7269.jpg 2048w\" sizes=\"(max-width: 1024px) 100vw, 1024px\" \/><\/figure><\/li><\/ul><\/figure>\n","protected":false},"excerpt":{"rendered":"<p>La muestra estar\u00e1 disponible hasta el 2 de septiembre, de lunes a viernes en horario de 08:30 a 18:00 horas y s\u00e1bados de 09:00 a 12:00 horas, en el hall de la Biblioteca Central del Campus Saucache de la Universidad de Tarapac\u00e1.<\/p>\n","protected":false},"author":11,"featured_media":47178,"comment_status":"open","ping_status":"open","sticky":false,"template":"","format":"standard","meta":[],"categories":[316,51],"tags":[],"_links":{"self":[{"href":"https:\/\/www.uta.cl\/index.php\/wp-json\/wp\/v2\/posts\/47177"}],"collection":[{"href":"https:\/\/www.uta.cl\/index.php\/wp-json\/wp\/v2\/posts"}],"about":[{"href":"https:\/\/www.uta.cl\/index.php\/wp-json\/wp\/v2\/types\/post"}],"author":[{"embeddable":true,"href":"https:\/\/www.uta.cl\/index.php\/wp-json\/wp\/v2\/users\/11"}],"replies":[{"embeddable":true,"href":"https:\/\/www.uta.cl\/index.php\/wp-json\/wp\/v2\/comments?post=47177"}],"version-history":[{"count":3,"href":"https:\/\/www.uta.cl\/index.php\/wp-json\/wp\/v2\/posts\/47177\/revisions"}],"predecessor-version":[{"id":47203,"href":"https:\/\/www.uta.cl\/index.php\/wp-json\/wp\/v2\/posts\/47177\/revisions\/47203"}],"wp:featuredmedia":[{"embeddable":true,"href":"https:\/\/www.uta.cl\/index.php\/wp-json\/wp\/v2\/media\/47178"}],"wp:attachment":[{"href":"https:\/\/www.uta.cl\/index.php\/wp-json\/wp\/v2\/media?parent=47177"}],"wp:term":[{"taxonomy":"category","embeddable":true,"href":"https:\/\/www.uta.cl\/index.php\/wp-json\/wp\/v2\/categories?post=47177"},{"taxonomy":"post_tag","embeddable":true,"href":"https:\/\/www.uta.cl\/index.php\/wp-json\/wp\/v2\/tags?post=47177"}],"curies":[{"name":"wp","href":"https:\/\/api.w.org\/{rel}","templated":true}]}}