{"id":47171,"date":"2023-08-17T17:29:14","date_gmt":"2023-08-17T17:29:14","guid":{"rendered":"https:\/\/www.uta.cl\/?p=47171"},"modified":"2023-09-06T18:17:17","modified_gmt":"2023-09-06T18:17:17","slug":"difunden-los-nuevos-estandares-de-educacion-fisica-entregados-por-el-mineduc","status":"publish","type":"post","link":"https:\/\/www.uta.cl\/index.php\/2023\/08\/17\/difunden-los-nuevos-estandares-de-educacion-fisica-entregados-por-el-mineduc\/","title":{"rendered":"Difunden los nuevos Est\u00e1ndares de Educaci\u00f3n F\u00edsica entregados por el MINEDUC"},"content":{"rendered":"\n<figure class=\"wp-block-gallery columns-2 is-cropped\"><ul class=\"blocks-gallery-grid\"><li class=\"blocks-gallery-item\"><figure><img loading=\"lazy\" width=\"1024\" height=\"683\" src=\"https:\/\/www.uta.cl\/wp-content\/uploads\/2023\/08\/DAF6945-1024x683.jpg\" alt=\"\" data-id=\"47174\" data-full-url=\"https:\/\/www.uta.cl\/wp-content\/uploads\/2023\/08\/DAF6945.jpg\" data-link=\"https:\/\/www.uta.cl\/?attachment_id=47174\" class=\"wp-image-47174\" srcset=\"https:\/\/www.uta.cl\/wp-content\/uploads\/2023\/08\/DAF6945-1024x683.jpg 1024w, https:\/\/www.uta.cl\/wp-content\/uploads\/2023\/08\/DAF6945-300x200.jpg 300w, https:\/\/www.uta.cl\/wp-content\/uploads\/2023\/08\/DAF6945-768x512.jpg 768w, https:\/\/www.uta.cl\/wp-content\/uploads\/2023\/08\/DAF6945-1536x1025.jpg 1536w, https:\/\/www.uta.cl\/wp-content\/uploads\/2023\/08\/DAF6945.jpg 2048w\" sizes=\"(max-width: 1024px) 100vw, 1024px\" \/><\/figure><\/li><li class=\"blocks-gallery-item\"><figure><img loading=\"lazy\" width=\"1024\" height=\"788\" src=\"https:\/\/www.uta.cl\/wp-content\/uploads\/2023\/08\/DAF7088-1024x788.jpg\" alt=\"\" data-id=\"47173\" data-full-url=\"https:\/\/www.uta.cl\/wp-content\/uploads\/2023\/08\/DAF7088.jpg\" data-link=\"https:\/\/www.uta.cl\/?attachment_id=47173\" class=\"wp-image-47173\" srcset=\"https:\/\/www.uta.cl\/wp-content\/uploads\/2023\/08\/DAF7088-1024x788.jpg 1024w, https:\/\/www.uta.cl\/wp-content\/uploads\/2023\/08\/DAF7088-300x231.jpg 300w, https:\/\/www.uta.cl\/wp-content\/uploads\/2023\/08\/DAF7088-768x591.jpg 768w, https:\/\/www.uta.cl\/wp-content\/uploads\/2023\/08\/DAF7088-1536x1182.jpg 1536w, https:\/\/www.uta.cl\/wp-content\/uploads\/2023\/08\/DAF7088.jpg 2048w\" sizes=\"(max-width: 1024px) 100vw, 1024px\" \/><\/figure><\/li><\/ul><\/figure>\n\n\n\n<p>\u201cAlcances y enfoques de los nuevos est\u00e1ndares de Educaci\u00f3n F\u00edsica-MINEDUC\u201d fue el nombre del curso realizado por el Departamento de Ciencias de la Actividad F\u00edsica y del Deporte de la Universidad de Tarapac\u00e1, cuya inauguraci\u00f3n cont\u00f3 con la presencia del seremi de Educaci\u00f3n de Arica y Parinacota, Francisco Valcarce Llancapich\u00fan, el decano de Facultad de Educaci\u00f3n y Humanidades, Carlos Mondaca Rojas, acad\u00e9micos y estudiantes.<\/p>\n\n\n\n<p>Este curso tuvo por objetivo entregar herramientas, te\u00f3ricas y pr\u00e1cticas, en relaci\u00f3n a los nuevos Est\u00e1ndares de Educaci\u00f3n F\u00edsica entregados por el Ministerio de Educaci\u00f3n (Mineduc) el a\u00f1o 2022, aplic\u00e1ndolos al \u00e1mbito escolar, a las carreras formadoras de profesores de la especialidad y a los distintos contextos educativos. En particular, los elementos trabajos durante el curso fueron la epistemolog\u00eda y fundamentos te\u00f3ricos de la educaci\u00f3n f\u00edsica, el aprendizaje y desarrollo motor, y los fundamentos de la evaluaci\u00f3n en la educaci\u00f3n f\u00edsica.<\/p>\n\n\n\n<p>Uno de los profesores invitados como expositor del curso, quien es doctor en Ciencias de la Educaci\u00f3n y postdoctorado en Motricidad y fenomenolog\u00eda, Sergio Toro Ar\u00e9valo, se\u00f1al\u00f3 que lo presentado apunta a \u201centender la l\u00f3gica que hay detr\u00e1s de los est\u00e1ndares, el desaf\u00edo que demanda a la disciplina y los compromisos que esto requiere, como tambi\u00e9n eventuales posibilidades de acci\u00f3n. Es decir, qu\u00e9 deber\u00edamos cambiar como carrera y qu\u00e9 deber\u00edamos proponer\u201d.<\/p>\n\n\n\n<p>De acuerdo con lo explicado por la expositora Lucia Illanes Aguilar, profesora en Ed. F\u00edsica y doctora en Educaci\u00f3n, se detallaron los fundamentos de la Ed. F\u00edsica en el \u00e1mbito de la formaci\u00f3n inicial docente y, al mismo tiempo, un trabajo sobre c\u00f3mo estos profesores pueden hacer la bajada en el \u00e1mbito escolar. \u201cSi bien ten\u00edamos preparado un abordaje a los fundamentos, la interacci\u00f3n con los propios participantes del curso fue muy enriquecedora porque ellos tambi\u00e9n dieron a conocer ciertas urgencias que ten\u00edan en sus establecimientos educacionales o en la misma formaci\u00f3n inicial docente\u201d, acot\u00f3.<\/p>\n\n\n\n<p>En ese sentido el director del Dpto. de Ciencias de la Actividad F\u00edsica y del Deporte de la UTA, Carlos Lagos Olivos, manifest\u00f3 que \u201cestas actividades est\u00e1n enfocadas netamente al compromiso social que tiene el departamento con el desarrollo y formaci\u00f3n de profesores de Educaci\u00f3n F\u00edsica en la Regi\u00f3n\u201d.<\/p>\n\n\n\n<p>La actividad signific\u00f3 una actualizaci\u00f3n al quehacer de los docentes en Educaci\u00f3n F\u00edsica debido a la participaci\u00f3n transversal de profesores de establecimientos educacionales, egresados, supervisores de pr\u00e1ctica, acad\u00e9micos de la carrera y alumnos de \u00faltimo a\u00f1o.<\/p>\n\n\n\n<p>La profesora Rita Lemus del colegio Cardenal Ra\u00fal Silva Henr\u00edquez, valor\u00f3 la actividad: \u201cNos ayuda a innovar en nuestras pr\u00e1cticas y a ver nuestra asignatura m\u00e1s all\u00e1, que no es solamente deporte o ejercicio, sino algo que ayuda a desarrollar a los ni\u00f1os de manera integral. Que la Universidad haga este tipo de cursos es bastante grato, porque se nota la importancia que ellos nos dan a nosotros como exalumnos y ahora profesores, a seguir innovando, realizando otras pr\u00e1cticas y no quedarnos solamente con lo curricular\u201d.<\/p>\n\n\n\n<p>De este mismo modo, \u00c1ngelo Adasme profesor del Dpto. de Ciencias de la Actividad F\u00edsica y del Deporte de la UTA, se\u00f1al\u00f3 que \u201clo interesante ha sido saber la fundamentaci\u00f3n desde un punto de vista m\u00e1s hol\u00edstico, no solamente desde lo pr\u00e1ctico, ver otros aspectos como la emocionalidad, el sentido que se le da al aprendizaje entendido como un acto de libertad y que generalmente no es comprendido de esa forma\u201d.<\/p>\n\n\n\n<p>Finalmente, Viviana Corval\u00e1n, alumna de \u00faltimo a\u00f1o de la carrera de Pedagog\u00eda en Ed. F\u00edsica, que actualmente se encuentra realizando su pr\u00e1ctica profesional, agradeci\u00f3 la instancia: \u201cEstoy muy satisfecha, est\u00e1 cumpliendo con mi expectativa, que es la mirada que yo tengo de la educaci\u00f3n que es formar personas, a seres que van a vivir en comunidad, entonces siempre tengo esa mirada de trabajar de manera colaborativa y comprender al ser humano como un todo\u201d.<\/p>\n\n\n\n<div class=\"wp-block-image\"><figure class=\"aligncenter size-large is-resized\"><img loading=\"lazy\" src=\"https:\/\/www.uta.cl\/wp-content\/uploads\/2023\/08\/DAF7108-1024x683.jpg\" alt=\"\" class=\"wp-image-47172\" width=\"604\" height=\"402\" srcset=\"https:\/\/www.uta.cl\/wp-content\/uploads\/2023\/08\/DAF7108-1024x683.jpg 1024w, https:\/\/www.uta.cl\/wp-content\/uploads\/2023\/08\/DAF7108-300x200.jpg 300w, https:\/\/www.uta.cl\/wp-content\/uploads\/2023\/08\/DAF7108-768x512.jpg 768w, https:\/\/www.uta.cl\/wp-content\/uploads\/2023\/08\/DAF7108-1536x1025.jpg 1536w, https:\/\/www.uta.cl\/wp-content\/uploads\/2023\/08\/DAF7108.jpg 2048w\" sizes=\"(max-width: 604px) 100vw, 604px\" \/><\/figure><\/div>\n","protected":false},"excerpt":{"rendered":"<p>La actividad signific\u00f3 una actualizaci\u00f3n al quehacer de los docentes en Educaci\u00f3n F\u00edsica debido a la participaci\u00f3n transversal de profesores de establecimientos educacionales, egresados, supervisores de pr\u00e1ctica, acad\u00e9micos de la carrera y alumnos de \u00faltimo a\u00f1o.<\/p>\n","protected":false},"author":11,"featured_media":47174,"comment_status":"open","ping_status":"open","sticky":false,"template":"","format":"standard","meta":[],"categories":[32,316,51,79],"tags":[],"_links":{"self":[{"href":"https:\/\/www.uta.cl\/index.php\/wp-json\/wp\/v2\/posts\/47171"}],"collection":[{"href":"https:\/\/www.uta.cl\/index.php\/wp-json\/wp\/v2\/posts"}],"about":[{"href":"https:\/\/www.uta.cl\/index.php\/wp-json\/wp\/v2\/types\/post"}],"author":[{"embeddable":true,"href":"https:\/\/www.uta.cl\/index.php\/wp-json\/wp\/v2\/users\/11"}],"replies":[{"embeddable":true,"href":"https:\/\/www.uta.cl\/index.php\/wp-json\/wp\/v2\/comments?post=47171"}],"version-history":[{"count":1,"href":"https:\/\/www.uta.cl\/index.php\/wp-json\/wp\/v2\/posts\/47171\/revisions"}],"predecessor-version":[{"id":47175,"href":"https:\/\/www.uta.cl\/index.php\/wp-json\/wp\/v2\/posts\/47171\/revisions\/47175"}],"wp:featuredmedia":[{"embeddable":true,"href":"https:\/\/www.uta.cl\/index.php\/wp-json\/wp\/v2\/media\/47174"}],"wp:attachment":[{"href":"https:\/\/www.uta.cl\/index.php\/wp-json\/wp\/v2\/media?parent=47171"}],"wp:term":[{"taxonomy":"category","embeddable":true,"href":"https:\/\/www.uta.cl\/index.php\/wp-json\/wp\/v2\/categories?post=47171"},{"taxonomy":"post_tag","embeddable":true,"href":"https:\/\/www.uta.cl\/index.php\/wp-json\/wp\/v2\/tags?post=47171"}],"curies":[{"name":"wp","href":"https:\/\/api.w.org\/{rel}","templated":true}]}}