{"id":46868,"date":"2023-07-19T02:57:14","date_gmt":"2023-07-19T02:57:14","guid":{"rendered":"https:\/\/www.uta.cl\/?p=46868"},"modified":"2023-07-19T03:02:07","modified_gmt":"2023-07-19T03:02:07","slug":"estudiantes-presentaron-12-proyectos-de-innovacion-tecnologica-en-la-feria-startup-meeting-diee-2023","status":"publish","type":"post","link":"https:\/\/www.uta.cl\/index.php\/2023\/07\/19\/estudiantes-presentaron-12-proyectos-de-innovacion-tecnologica-en-la-feria-startup-meeting-diee-2023\/","title":{"rendered":"Estudiantes presentaron 12 proyectos de innovaci\u00f3n tecnol\u00f3gica en la feria \u201cStartup Meeting DIEE 2023\u201d"},"content":{"rendered":"\n<div class=\"wp-block-image\"><figure class=\"aligncenter size-large is-resized\"><img loading=\"lazy\" src=\"https:\/\/www.uta.cl\/wp-content\/uploads\/2023\/07\/DAF6831-1024x747.jpg\" alt=\"\" class=\"wp-image-46869\" width=\"559\" height=\"407\" srcset=\"https:\/\/www.uta.cl\/wp-content\/uploads\/2023\/07\/DAF6831-1024x747.jpg 1024w, https:\/\/www.uta.cl\/wp-content\/uploads\/2023\/07\/DAF6831-300x219.jpg 300w, https:\/\/www.uta.cl\/wp-content\/uploads\/2023\/07\/DAF6831-768x560.jpg 768w, https:\/\/www.uta.cl\/wp-content\/uploads\/2023\/07\/DAF6831-1536x1120.jpg 1536w, https:\/\/www.uta.cl\/wp-content\/uploads\/2023\/07\/DAF6831.jpg 2048w\" sizes=\"(max-width: 559px) 100vw, 559px\" \/><\/figure><\/div>\n\n\n\n<p>Motivar la innovaci\u00f3n partir del desarrollo de empresas de base tecnol\u00f3gica (Startup) fue el objetivo de la feria tecnol\u00f3gica \u201cStartup Meeting DIEE 2023\u201c, iniciativa del Departamento de Ingenier\u00eda El\u00e9ctrica-Electr\u00f3nica (DIEE) para acercar a los estudiantes de primer a\u00f1o al rol que cumple la tecnolog\u00eda en la b\u00fasqueda de soluciones innovadoras que aporten a alcanzar los Objetivos de Desarrollo Sostenible (ODS) de las Naciones Unidas.<\/p>\n\n\n\n<p>Los 70 estudiantes que participaron desarrollaron un prototipo que fuera capaz de ofrecer una soluci\u00f3n a los ODS, utilizando como base la plataforma \u201cArduino\u201d una computadora en miniatura, sencilla de utilizar y ampliamente conocido a nivel mundial con el que cualquier usuario puede hacer reales sus propias ideas. Con esta herramienta, 12 grupos presentaron sus ideas demostrando el nivel de innovaci\u00f3n en su propuesta y su potencial para ser escalado a nivel comercial.<\/p>\n\n\n\n<p><strong>ELID <\/strong>present\u00f3 el proyecto \u201cSmart Faucet\u201d, que fue el ganador de la Startup Meeting DIEE 2023. Este consiste en una llave inteligente que almacena y filtra el agua permitiendo que esta vuelva a ser purificada y potable, adem\u00e1s de medir la cantidad de agua que se utiliza. \u201cLa cantidad de agua que ocupa una persona al d\u00eda puede ser mayor a 100 litros, durante el mes es alrededor de 3.000 y mucho m\u00e1s. Los problemas ambientales actualmente se derivan netamente de la falta de agua, b\u00e1sicamente quer\u00edamos tratar de controlar eso y reducirlo\u201d, expuso la estudiante Catalina Blas.<\/p>\n\n\n\n<div class=\"wp-block-image\"><figure class=\"aligncenter size-large is-resized\"><img loading=\"lazy\" src=\"https:\/\/www.uta.cl\/wp-content\/uploads\/2023\/07\/DAF6894-1024x683.jpg\" alt=\"\" class=\"wp-image-46870\" width=\"568\" height=\"378\" srcset=\"https:\/\/www.uta.cl\/wp-content\/uploads\/2023\/07\/DAF6894-1024x683.jpg 1024w, https:\/\/www.uta.cl\/wp-content\/uploads\/2023\/07\/DAF6894-300x200.jpg 300w, https:\/\/www.uta.cl\/wp-content\/uploads\/2023\/07\/DAF6894-768x512.jpg 768w, https:\/\/www.uta.cl\/wp-content\/uploads\/2023\/07\/DAF6894-1536x1025.jpg 1536w, https:\/\/www.uta.cl\/wp-content\/uploads\/2023\/07\/DAF6894.jpg 2048w\" sizes=\"(max-width: 568px) 100vw, 568px\" \/><\/figure><\/div>\n\n\n\n<p>El decano de la Facultad de Ingenier\u00eda, Alejandro Rodr\u00edguez, destac\u00f3 que \u201csin duda esto es parte de su formaci\u00f3n, el desarrollo del nuevo ingeniero que requiere el pa\u00eds. El ingeniero del 2030 requiere justamente de estas instancias donde los j\u00f3venes puedan desarrollar su creatividad y tambi\u00e9n ver de qu\u00e9 manera pueden aportar a la soluci\u00f3n de los problemas que tiene la sociedad actual\u201d.<\/p>\n\n\n\n<p>La actividad se realiz\u00f3 en el contexto de la asignatura \u201cTaller de Proyectos en Ingenier\u00eda\u201d, dictada por el acad\u00e9mico Horacio D\u00edaz, quien se\u00f1al\u00f3 la importancia de estas instancias de aprendizaje en la instituci\u00f3n. \u201cNuestro modelo educativo como Universidad apunta hacia el estudiante, ellos son los protagonistas y el centro de nuestro quehacer. Hoy son los estudiantes los que muestran sus capacidades, en un alineamiento natural con el proyecto educativo institucional, es decir, no es una actividad que est\u00e1 al azar, sino que es una actividad que se alinea con nuestro plan estrat\u00e9gico 2030\u201d.<\/p>\n\n\n\n<p>Catalina Arriagada directora del Centro de Negocios Sercotec Arica, operado por la Universidad de Tarapac\u00e1, particip\u00f3 como jurado de los proyectos presentados, donde se\u00f1al\u00f3 que \u201cestar reci\u00e9n partiendo en la universidad y llegar al punto de hacer prototipos de innovaci\u00f3n es vital para llegar en alg\u00fan momento llevarlos al proceso de comercializaci\u00f3n que es el emprendimiento y mi \u00e1rea de especialidad. Estamos muy felices de ser parte de este proceso formativo para los alumnos\u201d.<\/p>\n\n\n\n<p><strong>Todas las Startups<\/strong><\/p>\n\n\n\n<p><strong>SPACE Z <\/strong>se llev\u00f3 la menci\u00f3n honrosa de la actividad, con su proyecto \u201cDOMO\u201d que se enfoca en la seguridad de las casas y en el bienestar de sus integrantes con la implementaci\u00f3n de sensores para aumentar la eficiencia de aparatos electr\u00f3nicos en el hogar y en la entrega de informaci\u00f3n tal como la temperatura corporal y el pulso de una persona. \u201cSi tengo el ritmo cardiaco elevado, como es durante un paro cardiaco o una insuficiencia cardiaca, este puede actuar tomando medidas y llamar a un centro m\u00e9dico y a un conocido para que est\u00e9 al tanto y as\u00ed evitar accidentes en los hogares\u201d, explic\u00f3 el alumno, David Saavedra.<\/p>\n\n\n\n<figure class=\"wp-block-gallery columns-2 is-cropped\"><ul class=\"blocks-gallery-grid\"><li class=\"blocks-gallery-item\"><figure><img loading=\"lazy\" width=\"1024\" height=\"683\" src=\"https:\/\/www.uta.cl\/wp-content\/uploads\/2023\/07\/DAF6840-1024x683.jpg\" alt=\"\" data-id=\"46872\" data-full-url=\"https:\/\/www.uta.cl\/wp-content\/uploads\/2023\/07\/DAF6840.jpg\" data-link=\"https:\/\/www.uta.cl\/?attachment_id=46872\" class=\"wp-image-46872\" srcset=\"https:\/\/www.uta.cl\/wp-content\/uploads\/2023\/07\/DAF6840-1024x683.jpg 1024w, https:\/\/www.uta.cl\/wp-content\/uploads\/2023\/07\/DAF6840-300x200.jpg 300w, https:\/\/www.uta.cl\/wp-content\/uploads\/2023\/07\/DAF6840-768x512.jpg 768w, https:\/\/www.uta.cl\/wp-content\/uploads\/2023\/07\/DAF6840-1536x1025.jpg 1536w, https:\/\/www.uta.cl\/wp-content\/uploads\/2023\/07\/DAF6840.jpg 2048w\" sizes=\"(max-width: 1024px) 100vw, 1024px\" \/><\/figure><\/li><li class=\"blocks-gallery-item\"><figure><img loading=\"lazy\" width=\"1024\" height=\"683\" src=\"https:\/\/www.uta.cl\/wp-content\/uploads\/2023\/07\/DAF6845-1024x683.jpg\" alt=\"\" data-id=\"46873\" data-full-url=\"https:\/\/www.uta.cl\/wp-content\/uploads\/2023\/07\/DAF6845.jpg\" data-link=\"https:\/\/www.uta.cl\/?attachment_id=46873\" class=\"wp-image-46873\" srcset=\"https:\/\/www.uta.cl\/wp-content\/uploads\/2023\/07\/DAF6845-1024x683.jpg 1024w, https:\/\/www.uta.cl\/wp-content\/uploads\/2023\/07\/DAF6845-300x200.jpg 300w, https:\/\/www.uta.cl\/wp-content\/uploads\/2023\/07\/DAF6845-768x512.jpg 768w, https:\/\/www.uta.cl\/wp-content\/uploads\/2023\/07\/DAF6845-1536x1025.jpg 1536w, https:\/\/www.uta.cl\/wp-content\/uploads\/2023\/07\/DAF6845.jpg 2048w\" sizes=\"(max-width: 1024px) 100vw, 1024px\" \/><\/figure><\/li><\/ul><\/figure>\n\n\n\n<p>El proyecto \u201cNot Plastic\u201d, del grupo <strong>HORIZON,<\/strong> apunt\u00f3 a la recolecci\u00f3n de basura en eventos masivos como los carnavales o festivales de m\u00fasica. Mauricio D\u00edaz, miembro del grupo, se\u00f1al\u00f3 que \u201ccomo todos sabemos, en estos casos tenemos muchos problemas con los desechos, lo que pretendemos es recolectar todo ello, compactarlo y seguir en las l\u00edneas de recolecci\u00f3n y reutilizaci\u00f3n con el fin de fomentar el desarrollo sostenible en nuestras ciudades\u201d.<\/p>\n\n\n\n<figure class=\"wp-block-gallery columns-2 is-cropped\"><ul class=\"blocks-gallery-grid\"><li class=\"blocks-gallery-item\"><figure><img loading=\"lazy\" width=\"1024\" height=\"683\" src=\"https:\/\/www.uta.cl\/wp-content\/uploads\/2023\/07\/DAF6873-1024x683.jpg\" alt=\"\" data-id=\"46876\" data-full-url=\"https:\/\/www.uta.cl\/wp-content\/uploads\/2023\/07\/DAF6873.jpg\" data-link=\"https:\/\/www.uta.cl\/?attachment_id=46876\" class=\"wp-image-46876\" srcset=\"https:\/\/www.uta.cl\/wp-content\/uploads\/2023\/07\/DAF6873-1024x683.jpg 1024w, https:\/\/www.uta.cl\/wp-content\/uploads\/2023\/07\/DAF6873-300x200.jpg 300w, https:\/\/www.uta.cl\/wp-content\/uploads\/2023\/07\/DAF6873-768x512.jpg 768w, https:\/\/www.uta.cl\/wp-content\/uploads\/2023\/07\/DAF6873-1536x1025.jpg 1536w, https:\/\/www.uta.cl\/wp-content\/uploads\/2023\/07\/DAF6873.jpg 2048w\" sizes=\"(max-width: 1024px) 100vw, 1024px\" \/><\/figure><\/li><li class=\"blocks-gallery-item\"><figure><img loading=\"lazy\" width=\"1024\" height=\"683\" src=\"https:\/\/www.uta.cl\/wp-content\/uploads\/2023\/07\/DAF6872-1-1024x683.jpg\" alt=\"\" data-id=\"46877\" data-full-url=\"https:\/\/www.uta.cl\/wp-content\/uploads\/2023\/07\/DAF6872-1.jpg\" data-link=\"https:\/\/www.uta.cl\/?attachment_id=46877\" class=\"wp-image-46877\" srcset=\"https:\/\/www.uta.cl\/wp-content\/uploads\/2023\/07\/DAF6872-1-1024x683.jpg 1024w, https:\/\/www.uta.cl\/wp-content\/uploads\/2023\/07\/DAF6872-1-300x200.jpg 300w, https:\/\/www.uta.cl\/wp-content\/uploads\/2023\/07\/DAF6872-1-768x512.jpg 768w, https:\/\/www.uta.cl\/wp-content\/uploads\/2023\/07\/DAF6872-1-1536x1025.jpg 1536w, https:\/\/www.uta.cl\/wp-content\/uploads\/2023\/07\/DAF6872-1.jpg 2048w\" sizes=\"(max-width: 1024px) 100vw, 1024px\" \/><\/figure><\/li><\/ul><\/figure>\n\n\n\n<p>En tanto, <strong>ICARUS <\/strong>present\u00f3 \u201cGOTA\u201d, un invernadero equipado con un sistema de recirculaci\u00f3n cerrado, que a trav\u00e9s de la condensaci\u00f3n y canaletas permite reutilizar la mayor cantidad de agua posible. \u201cQueremos ocupar la energ\u00eda solar para hacer un gasto m\u00ednimo de agua en la agricultura, porque hemos visto que en la agricultura se gasta un 80% de agua y eso no es bueno para las condiciones del mundo hoy en d\u00eda\u201d, expuso Brandon Castro.<\/p>\n\n\n\n<figure class=\"wp-block-gallery columns-2 is-cropped\"><ul class=\"blocks-gallery-grid\"><li class=\"blocks-gallery-item\"><figure><img loading=\"lazy\" width=\"1024\" height=\"745\" src=\"https:\/\/www.uta.cl\/wp-content\/uploads\/2023\/07\/DAF6798-1024x745.jpg\" alt=\"\" data-id=\"46880\" data-full-url=\"https:\/\/www.uta.cl\/wp-content\/uploads\/2023\/07\/DAF6798.jpg\" data-link=\"https:\/\/www.uta.cl\/?attachment_id=46880\" class=\"wp-image-46880\" srcset=\"https:\/\/www.uta.cl\/wp-content\/uploads\/2023\/07\/DAF6798-1024x745.jpg 1024w, https:\/\/www.uta.cl\/wp-content\/uploads\/2023\/07\/DAF6798-300x218.jpg 300w, https:\/\/www.uta.cl\/wp-content\/uploads\/2023\/07\/DAF6798-768x558.jpg 768w, https:\/\/www.uta.cl\/wp-content\/uploads\/2023\/07\/DAF6798-1536x1117.jpg 1536w, https:\/\/www.uta.cl\/wp-content\/uploads\/2023\/07\/DAF6798.jpg 2048w\" sizes=\"(max-width: 1024px) 100vw, 1024px\" \/><\/figure><\/li><li class=\"blocks-gallery-item\"><figure><img loading=\"lazy\" width=\"1024\" height=\"838\" src=\"https:\/\/www.uta.cl\/wp-content\/uploads\/2023\/07\/DAF6803-1024x838.jpg\" alt=\"\" data-id=\"46881\" data-full-url=\"https:\/\/www.uta.cl\/wp-content\/uploads\/2023\/07\/DAF6803.jpg\" data-link=\"https:\/\/www.uta.cl\/?attachment_id=46881\" class=\"wp-image-46881\" srcset=\"https:\/\/www.uta.cl\/wp-content\/uploads\/2023\/07\/DAF6803-1024x838.jpg 1024w, https:\/\/www.uta.cl\/wp-content\/uploads\/2023\/07\/DAF6803-300x245.jpg 300w, https:\/\/www.uta.cl\/wp-content\/uploads\/2023\/07\/DAF6803-768x628.jpg 768w, https:\/\/www.uta.cl\/wp-content\/uploads\/2023\/07\/DAF6803-1536x1256.jpg 1536w, https:\/\/www.uta.cl\/wp-content\/uploads\/2023\/07\/DAF6803.jpg 2048w\" sizes=\"(max-width: 1024px) 100vw, 1024px\" \/><\/figure><\/li><\/ul><\/figure>\n\n\n\n<p><strong>CAE <\/strong>con \u201cEcoMonitor\u201d busc\u00f3 innovar en la dom\u00f3tica (sistemas capaces de automatizar una vivienda o edificaci\u00f3n de cualquier tipo) a favor del desarrollo sostenible. Freddy Atora explica que \u201ccon nuestro prototipo nosotros buscamos simular el uso h\u00eddrico y energ\u00e9tico en un hogar en tiempo real donde los datos se ven representados en una aplicaci\u00f3n donde podemos ver los watts y los cent\u00edmetros c\u00fabicos de agua que consumimos\u201d.<\/p>\n\n\n\n<figure class=\"wp-block-gallery columns-2 is-cropped\"><ul class=\"blocks-gallery-grid\"><li class=\"blocks-gallery-item\"><figure><img loading=\"lazy\" width=\"1024\" height=\"652\" src=\"https:\/\/www.uta.cl\/wp-content\/uploads\/2023\/07\/DAF6791-1024x652.jpg\" alt=\"\" data-id=\"46888\" data-full-url=\"https:\/\/www.uta.cl\/wp-content\/uploads\/2023\/07\/DAF6791.jpg\" data-link=\"https:\/\/www.uta.cl\/?attachment_id=46888\" class=\"wp-image-46888\" srcset=\"https:\/\/www.uta.cl\/wp-content\/uploads\/2023\/07\/DAF6791-1024x652.jpg 1024w, https:\/\/www.uta.cl\/wp-content\/uploads\/2023\/07\/DAF6791-300x191.jpg 300w, https:\/\/www.uta.cl\/wp-content\/uploads\/2023\/07\/DAF6791-768x489.jpg 768w, https:\/\/www.uta.cl\/wp-content\/uploads\/2023\/07\/DAF6791-1536x978.jpg 1536w, https:\/\/www.uta.cl\/wp-content\/uploads\/2023\/07\/DAF6791.jpg 2048w\" sizes=\"(max-width: 1024px) 100vw, 1024px\" \/><\/figure><\/li><li class=\"blocks-gallery-item\"><figure><img loading=\"lazy\" width=\"1024\" height=\"683\" src=\"https:\/\/www.uta.cl\/wp-content\/uploads\/2023\/07\/DAF6786-1024x683.jpg\" alt=\"\" data-id=\"46885\" data-full-url=\"https:\/\/www.uta.cl\/wp-content\/uploads\/2023\/07\/DAF6786.jpg\" data-link=\"https:\/\/www.uta.cl\/?attachment_id=46885\" class=\"wp-image-46885\" srcset=\"https:\/\/www.uta.cl\/wp-content\/uploads\/2023\/07\/DAF6786-1024x683.jpg 1024w, https:\/\/www.uta.cl\/wp-content\/uploads\/2023\/07\/DAF6786-300x200.jpg 300w, https:\/\/www.uta.cl\/wp-content\/uploads\/2023\/07\/DAF6786-768x512.jpg 768w, https:\/\/www.uta.cl\/wp-content\/uploads\/2023\/07\/DAF6786-1536x1025.jpg 1536w, https:\/\/www.uta.cl\/wp-content\/uploads\/2023\/07\/DAF6786.jpg 2048w\" sizes=\"(max-width: 1024px) 100vw, 1024px\" \/><\/figure><\/li><\/ul><\/figure>\n\n\n\n<p><strong>GREEN DAWN <\/strong>desarroll\u00f3 \u201cDawn-1\u201d, que consiste en un dron especializado en la recolecci\u00f3n de basura a domicilio y lugares de dif\u00edcil acceso. \u201cLo que nosotros buscamos es poder reciclar toda esa basura, darle esos mismos recursos a empresas que trabajen con los materiales reciclados generando un ciclo de gesti\u00f3n de residuos, quitando toda la basura que contamina nuestro planeta\u201d, explic\u00f3 Benjam\u00edn Hurtado.<\/p>\n\n\n\n<figure class=\"wp-block-gallery columns-2 is-cropped\"><ul class=\"blocks-gallery-grid\"><li class=\"blocks-gallery-item\"><figure><img loading=\"lazy\" width=\"1024\" height=\"683\" src=\"https:\/\/www.uta.cl\/wp-content\/uploads\/2023\/07\/DAF6865-1024x683.jpg\" alt=\"\" data-id=\"46902\" data-full-url=\"https:\/\/www.uta.cl\/wp-content\/uploads\/2023\/07\/DAF6865.jpg\" data-link=\"https:\/\/www.uta.cl\/?attachment_id=46902\" class=\"wp-image-46902\" srcset=\"https:\/\/www.uta.cl\/wp-content\/uploads\/2023\/07\/DAF6865-1024x683.jpg 1024w, https:\/\/www.uta.cl\/wp-content\/uploads\/2023\/07\/DAF6865-300x200.jpg 300w, https:\/\/www.uta.cl\/wp-content\/uploads\/2023\/07\/DAF6865-768x512.jpg 768w, https:\/\/www.uta.cl\/wp-content\/uploads\/2023\/07\/DAF6865-1536x1025.jpg 1536w, https:\/\/www.uta.cl\/wp-content\/uploads\/2023\/07\/DAF6865.jpg 2048w\" sizes=\"(max-width: 1024px) 100vw, 1024px\" \/><\/figure><\/li><li class=\"blocks-gallery-item\"><figure><img loading=\"lazy\" width=\"1024\" height=\"683\" src=\"https:\/\/www.uta.cl\/wp-content\/uploads\/2023\/07\/DAF6867-1024x683.jpg\" alt=\"\" data-id=\"46903\" data-full-url=\"https:\/\/www.uta.cl\/wp-content\/uploads\/2023\/07\/DAF6867.jpg\" data-link=\"https:\/\/www.uta.cl\/?attachment_id=46903\" class=\"wp-image-46903\" srcset=\"https:\/\/www.uta.cl\/wp-content\/uploads\/2023\/07\/DAF6867-1024x683.jpg 1024w, https:\/\/www.uta.cl\/wp-content\/uploads\/2023\/07\/DAF6867-300x200.jpg 300w, https:\/\/www.uta.cl\/wp-content\/uploads\/2023\/07\/DAF6867-768x512.jpg 768w, https:\/\/www.uta.cl\/wp-content\/uploads\/2023\/07\/DAF6867-1536x1025.jpg 1536w, https:\/\/www.uta.cl\/wp-content\/uploads\/2023\/07\/DAF6867.jpg 2048w\" sizes=\"(max-width: 1024px) 100vw, 1024px\" \/><\/figure><\/li><\/ul><\/figure>\n\n\n\n<p><strong>MAGIC <\/strong>con el proyecto \u201cAutomated House\u201d, se centr\u00f3 en una app que permite simplificar el uso de las <em>smarthome<\/em> tanto para facilitar la implementaci\u00f3n de sistemas de seguridad, como el ahorro energ\u00e9tico y la detecci\u00f3n temprana de aparatos con un consumo irregular de corriente. Seg\u00fan se\u00f1al\u00f3 el estudiante, Ricardo Maturana: \u201cEsto es para ayudar a que las facturas de luz no afecten tanto a los propietarios de las casas y tambi\u00e9n concientizar a las personas para que se preocupen de la energ\u00eda que gastan en su hogar\u201d.<\/p>\n\n\n\n<figure class=\"wp-block-gallery columns-2 is-cropped\"><ul class=\"blocks-gallery-grid\"><li class=\"blocks-gallery-item\"><figure><img loading=\"lazy\" width=\"1024\" height=\"683\" src=\"https:\/\/www.uta.cl\/wp-content\/uploads\/2023\/07\/DAF6852-1024x683.jpg\" alt=\"\" data-id=\"46901\" data-full-url=\"https:\/\/www.uta.cl\/wp-content\/uploads\/2023\/07\/DAF6852.jpg\" data-link=\"https:\/\/www.uta.cl\/?attachment_id=46901\" class=\"wp-image-46901\" srcset=\"https:\/\/www.uta.cl\/wp-content\/uploads\/2023\/07\/DAF6852-1024x683.jpg 1024w, https:\/\/www.uta.cl\/wp-content\/uploads\/2023\/07\/DAF6852-300x200.jpg 300w, https:\/\/www.uta.cl\/wp-content\/uploads\/2023\/07\/DAF6852-768x512.jpg 768w, https:\/\/www.uta.cl\/wp-content\/uploads\/2023\/07\/DAF6852-1536x1025.jpg 1536w, https:\/\/www.uta.cl\/wp-content\/uploads\/2023\/07\/DAF6852.jpg 2048w\" sizes=\"(max-width: 1024px) 100vw, 1024px\" \/><\/figure><\/li><li class=\"blocks-gallery-item\"><figure><img loading=\"lazy\" width=\"1024\" height=\"683\" src=\"https:\/\/www.uta.cl\/wp-content\/uploads\/2023\/07\/DAF6847-1024x683.jpg\" alt=\"\" data-id=\"46900\" data-full-url=\"https:\/\/www.uta.cl\/wp-content\/uploads\/2023\/07\/DAF6847.jpg\" data-link=\"https:\/\/www.uta.cl\/?attachment_id=46900\" class=\"wp-image-46900\" srcset=\"https:\/\/www.uta.cl\/wp-content\/uploads\/2023\/07\/DAF6847-1024x683.jpg 1024w, https:\/\/www.uta.cl\/wp-content\/uploads\/2023\/07\/DAF6847-300x200.jpg 300w, https:\/\/www.uta.cl\/wp-content\/uploads\/2023\/07\/DAF6847-768x512.jpg 768w, https:\/\/www.uta.cl\/wp-content\/uploads\/2023\/07\/DAF6847-1536x1025.jpg 1536w, https:\/\/www.uta.cl\/wp-content\/uploads\/2023\/07\/DAF6847.jpg 2048w\" sizes=\"(max-width: 1024px) 100vw, 1024px\" \/><\/figure><\/li><\/ul><\/figure>\n\n\n\n<p><strong>ESEM <\/strong>plante\u00f3 mejorar la eficiencia y productividad de los cultivos mediante la generaci\u00f3n en tiempo real de informaci\u00f3n que mide la humedad, la temperatura y el polen a trav\u00e9s de distintos sensores que permiten la mantenci\u00f3n de un invernadero de manera automatizada. \u201cLa idea principal de esto es aumentar la calidad y la producci\u00f3n, y combatir lo que es el hambre cero, que es la ODS en el que est\u00e1 enfocado este proyecto\u201d, explic\u00f3 Jerson Pacco.<\/p>\n\n\n\n<figure class=\"wp-block-gallery columns-2 is-cropped\"><ul class=\"blocks-gallery-grid\"><li class=\"blocks-gallery-item\"><figure><img loading=\"lazy\" width=\"1024\" height=\"683\" src=\"https:\/\/www.uta.cl\/wp-content\/uploads\/2023\/07\/DAF6834-1024x683.jpg\" alt=\"\" data-id=\"46899\" data-full-url=\"https:\/\/www.uta.cl\/wp-content\/uploads\/2023\/07\/DAF6834.jpg\" data-link=\"https:\/\/www.uta.cl\/?attachment_id=46899\" class=\"wp-image-46899\" srcset=\"https:\/\/www.uta.cl\/wp-content\/uploads\/2023\/07\/DAF6834-1024x683.jpg 1024w, https:\/\/www.uta.cl\/wp-content\/uploads\/2023\/07\/DAF6834-300x200.jpg 300w, https:\/\/www.uta.cl\/wp-content\/uploads\/2023\/07\/DAF6834-768x512.jpg 768w, https:\/\/www.uta.cl\/wp-content\/uploads\/2023\/07\/DAF6834-1536x1025.jpg 1536w, https:\/\/www.uta.cl\/wp-content\/uploads\/2023\/07\/DAF6834.jpg 2048w\" sizes=\"(max-width: 1024px) 100vw, 1024px\" \/><\/figure><\/li><li class=\"blocks-gallery-item\"><figure><img loading=\"lazy\" width=\"1024\" height=\"726\" src=\"https:\/\/www.uta.cl\/wp-content\/uploads\/2023\/07\/DAF6834-1-1024x726.jpg\" alt=\"\" data-id=\"46898\" data-full-url=\"https:\/\/www.uta.cl\/wp-content\/uploads\/2023\/07\/DAF6834-1.jpg\" data-link=\"https:\/\/www.uta.cl\/?attachment_id=46898\" class=\"wp-image-46898\" srcset=\"https:\/\/www.uta.cl\/wp-content\/uploads\/2023\/07\/DAF6834-1-1024x726.jpg 1024w, https:\/\/www.uta.cl\/wp-content\/uploads\/2023\/07\/DAF6834-1-300x213.jpg 300w, https:\/\/www.uta.cl\/wp-content\/uploads\/2023\/07\/DAF6834-1-768x544.jpg 768w, https:\/\/www.uta.cl\/wp-content\/uploads\/2023\/07\/DAF6834-1-1536x1088.jpg 1536w, https:\/\/www.uta.cl\/wp-content\/uploads\/2023\/07\/DAF6834-1.jpg 2048w\" sizes=\"(max-width: 1024px) 100vw, 1024px\" \/><\/figure><\/li><\/ul><\/figure>\n\n\n\n<p><strong>SUPRO <\/strong>con su \u201cSmart Park 4.0\u201d present\u00f3 la idea de un sistema de parque que permite monitorear y controlar de forma autom\u00e1tica la iluminaci\u00f3n, el agua e incluso la mantenci\u00f3n de plantas a trav\u00e9s de un dron. Sebastian Mu\u00f1oz afirm\u00f3 que \u201clas \u00e1reas verdes est\u00e1n muy poco avanzadas o cuidadas aqu\u00ed, en especial en Arica. Y quer\u00edamos enfocarnos, m\u00e1s que en la agricultura como otros proyectos, en el cuidado de los parques\u201d.<\/p>\n\n\n\n<figure class=\"wp-block-gallery columns-2 is-cropped\"><ul class=\"blocks-gallery-grid\"><li class=\"blocks-gallery-item\"><figure><img loading=\"lazy\" width=\"1024\" height=\"662\" src=\"https:\/\/www.uta.cl\/wp-content\/uploads\/2023\/07\/DAF6856-1024x662.jpg\" alt=\"\" data-id=\"46896\" data-full-url=\"https:\/\/www.uta.cl\/wp-content\/uploads\/2023\/07\/DAF6856.jpg\" data-link=\"https:\/\/www.uta.cl\/?attachment_id=46896\" class=\"wp-image-46896\" srcset=\"https:\/\/www.uta.cl\/wp-content\/uploads\/2023\/07\/DAF6856-1024x662.jpg 1024w, https:\/\/www.uta.cl\/wp-content\/uploads\/2023\/07\/DAF6856-300x194.jpg 300w, https:\/\/www.uta.cl\/wp-content\/uploads\/2023\/07\/DAF6856-768x496.jpg 768w, https:\/\/www.uta.cl\/wp-content\/uploads\/2023\/07\/DAF6856-1536x992.jpg 1536w, https:\/\/www.uta.cl\/wp-content\/uploads\/2023\/07\/DAF6856.jpg 2048w\" sizes=\"(max-width: 1024px) 100vw, 1024px\" \/><\/figure><\/li><li class=\"blocks-gallery-item\"><figure><img loading=\"lazy\" width=\"1024\" height=\"683\" src=\"https:\/\/www.uta.cl\/wp-content\/uploads\/2023\/07\/DAF6765-1024x683.jpg\" alt=\"\" data-id=\"46897\" data-full-url=\"https:\/\/www.uta.cl\/wp-content\/uploads\/2023\/07\/DAF6765.jpg\" data-link=\"https:\/\/www.uta.cl\/?attachment_id=46897\" class=\"wp-image-46897\" srcset=\"https:\/\/www.uta.cl\/wp-content\/uploads\/2023\/07\/DAF6765-1024x683.jpg 1024w, https:\/\/www.uta.cl\/wp-content\/uploads\/2023\/07\/DAF6765-300x200.jpg 300w, https:\/\/www.uta.cl\/wp-content\/uploads\/2023\/07\/DAF6765-768x512.jpg 768w, https:\/\/www.uta.cl\/wp-content\/uploads\/2023\/07\/DAF6765-1536x1025.jpg 1536w, https:\/\/www.uta.cl\/wp-content\/uploads\/2023\/07\/DAF6765.jpg 2048w\" sizes=\"(max-width: 1024px) 100vw, 1024px\" \/><\/figure><\/li><\/ul><\/figure>\n\n\n\n<p><strong>ARUB <\/strong>busc\u00f3 generar una c\u00e1psula llamada \u201cCapdet\u201d con distintos sensores que permitan hacer un pre-diagn\u00f3stico y lograr acortar los plazos de espera de las atenciones m\u00e9dicas, \u201cesta idea principalmente, al ser un pre-diagn\u00f3stico, tenemos pensado venderla a empresas mineras, de construcci\u00f3n y al de sistema de salud para acortar los tiempos de espera y que sea m\u00e1s c\u00f3modo el manejo de la salud en ese \u00e1mbito\u201d, se\u00f1al\u00f3 Exequiel Adasme.<\/p>\n\n\n\n<figure class=\"wp-block-gallery columns-2 is-cropped\"><ul class=\"blocks-gallery-grid\"><li class=\"blocks-gallery-item\"><figure><img loading=\"lazy\" width=\"1024\" height=\"683\" src=\"https:\/\/www.uta.cl\/wp-content\/uploads\/2023\/07\/DAF6824-1024x683.jpg\" alt=\"\" data-id=\"46894\" data-full-url=\"https:\/\/www.uta.cl\/wp-content\/uploads\/2023\/07\/DAF6824.jpg\" data-link=\"https:\/\/www.uta.cl\/?attachment_id=46894\" class=\"wp-image-46894\" srcset=\"https:\/\/www.uta.cl\/wp-content\/uploads\/2023\/07\/DAF6824-1024x683.jpg 1024w, https:\/\/www.uta.cl\/wp-content\/uploads\/2023\/07\/DAF6824-300x200.jpg 300w, https:\/\/www.uta.cl\/wp-content\/uploads\/2023\/07\/DAF6824-768x512.jpg 768w, https:\/\/www.uta.cl\/wp-content\/uploads\/2023\/07\/DAF6824-1536x1025.jpg 1536w, https:\/\/www.uta.cl\/wp-content\/uploads\/2023\/07\/DAF6824.jpg 2048w\" sizes=\"(max-width: 1024px) 100vw, 1024px\" \/><\/figure><\/li><li class=\"blocks-gallery-item\"><figure><img loading=\"lazy\" width=\"1024\" height=\"683\" src=\"https:\/\/www.uta.cl\/wp-content\/uploads\/2023\/07\/DAF6821-1024x683.jpg\" alt=\"\" data-id=\"46895\" data-full-url=\"https:\/\/www.uta.cl\/wp-content\/uploads\/2023\/07\/DAF6821.jpg\" data-link=\"https:\/\/www.uta.cl\/?attachment_id=46895\" class=\"wp-image-46895\" srcset=\"https:\/\/www.uta.cl\/wp-content\/uploads\/2023\/07\/DAF6821-1024x683.jpg 1024w, https:\/\/www.uta.cl\/wp-content\/uploads\/2023\/07\/DAF6821-300x200.jpg 300w, https:\/\/www.uta.cl\/wp-content\/uploads\/2023\/07\/DAF6821-768x512.jpg 768w, https:\/\/www.uta.cl\/wp-content\/uploads\/2023\/07\/DAF6821-1536x1025.jpg 1536w, https:\/\/www.uta.cl\/wp-content\/uploads\/2023\/07\/DAF6821.jpg 2048w\" sizes=\"(max-width: 1024px) 100vw, 1024px\" \/><\/figure><\/li><\/ul><\/figure>\n\n\n\n<p><strong>E-NNOVA <\/strong>present\u00f3 \u201cSmart-Grow\u201d, un invernadero aut\u00f3nomo para la producci\u00f3n de alimentos y plantas en un entorno controlado y sostenible que mantiene en todo momento las condiciones \u00f3ptimas para el cultivo elegido. \u201cA trav\u00e9s de nuestra aplicaci\u00f3n celular que se conecta directamente al invernadero, nosotros podemos elegir la planta que queramos cultivar, por ejemplo si yo elijo aqu\u00ed el tomate, la p\u00e1gina ya tiene predefinidos los par\u00e1metros \u00f3ptimos para que crezca el tomate de forma adecuada\u201d, explic\u00f3 Kevin Vald\u00e9s.<\/p>\n\n\n\n<figure class=\"wp-block-gallery columns-2 is-cropped\"><ul class=\"blocks-gallery-grid\"><li class=\"blocks-gallery-item\"><figure><img loading=\"lazy\" width=\"1024\" height=\"683\" src=\"https:\/\/www.uta.cl\/wp-content\/uploads\/2023\/07\/DAF6807-1024x683.jpg\" alt=\"\" data-id=\"46893\" data-full-url=\"https:\/\/www.uta.cl\/wp-content\/uploads\/2023\/07\/DAF6807.jpg\" data-link=\"https:\/\/www.uta.cl\/?attachment_id=46893\" class=\"wp-image-46893\" srcset=\"https:\/\/www.uta.cl\/wp-content\/uploads\/2023\/07\/DAF6807-1024x683.jpg 1024w, https:\/\/www.uta.cl\/wp-content\/uploads\/2023\/07\/DAF6807-300x200.jpg 300w, https:\/\/www.uta.cl\/wp-content\/uploads\/2023\/07\/DAF6807-768x512.jpg 768w, https:\/\/www.uta.cl\/wp-content\/uploads\/2023\/07\/DAF6807-1536x1025.jpg 1536w, https:\/\/www.uta.cl\/wp-content\/uploads\/2023\/07\/DAF6807.jpg 2048w\" sizes=\"(max-width: 1024px) 100vw, 1024px\" \/><\/figure><\/li><li class=\"blocks-gallery-item\"><figure><img loading=\"lazy\" width=\"1024\" height=\"683\" src=\"https:\/\/www.uta.cl\/wp-content\/uploads\/2023\/07\/DAF6810-1024x683.jpg\" alt=\"\" data-id=\"46892\" data-full-url=\"https:\/\/www.uta.cl\/wp-content\/uploads\/2023\/07\/DAF6810.jpg\" data-link=\"https:\/\/www.uta.cl\/?attachment_id=46892\" class=\"wp-image-46892\" srcset=\"https:\/\/www.uta.cl\/wp-content\/uploads\/2023\/07\/DAF6810-1024x683.jpg 1024w, https:\/\/www.uta.cl\/wp-content\/uploads\/2023\/07\/DAF6810-300x200.jpg 300w, https:\/\/www.uta.cl\/wp-content\/uploads\/2023\/07\/DAF6810-768x512.jpg 768w, https:\/\/www.uta.cl\/wp-content\/uploads\/2023\/07\/DAF6810-1536x1025.jpg 1536w, https:\/\/www.uta.cl\/wp-content\/uploads\/2023\/07\/DAF6810.jpg 2048w\" sizes=\"(max-width: 1024px) 100vw, 1024px\" \/><\/figure><\/li><\/ul><\/figure>\n\n\n\n<p>Y finalmente <strong>EPCORP <\/strong>con su proyecto \u201cNahvi\u201d, centrado en el uso inteligente del agua en la dom\u00f3tica, con un sistema de doble filtrado, sensores para medir el consumo h\u00eddrico y un dise\u00f1o sencillo para facilitar su uso. \u201cEste proyecto nos pareci\u00f3 innovador ya que nos ayud\u00f3 a investigar, utilizar la placa de Arduino, las distintas herramientas que nos proporcionaron nuestros profesores para poder culminar nuestro proyecto y que ayude al planeta\u201d, expuso Ignacio V\u00e9liz.<\/p>\n\n\n\n<figure class=\"wp-block-gallery columns-2 is-cropped\"><ul class=\"blocks-gallery-grid\"><li class=\"blocks-gallery-item\"><figure><img loading=\"lazy\" width=\"1024\" height=\"683\" src=\"https:\/\/www.uta.cl\/wp-content\/uploads\/2023\/07\/DAF6836-1024x683.jpg\" alt=\"\" data-id=\"46891\" data-full-url=\"https:\/\/www.uta.cl\/wp-content\/uploads\/2023\/07\/DAF6836.jpg\" data-link=\"https:\/\/www.uta.cl\/?attachment_id=46891\" class=\"wp-image-46891\" srcset=\"https:\/\/www.uta.cl\/wp-content\/uploads\/2023\/07\/DAF6836-1024x683.jpg 1024w, https:\/\/www.uta.cl\/wp-content\/uploads\/2023\/07\/DAF6836-300x200.jpg 300w, https:\/\/www.uta.cl\/wp-content\/uploads\/2023\/07\/DAF6836-768x512.jpg 768w, https:\/\/www.uta.cl\/wp-content\/uploads\/2023\/07\/DAF6836-1536x1025.jpg 1536w, https:\/\/www.uta.cl\/wp-content\/uploads\/2023\/07\/DAF6836.jpg 2048w\" sizes=\"(max-width: 1024px) 100vw, 1024px\" \/><\/figure><\/li><li class=\"blocks-gallery-item\"><figure><img loading=\"lazy\" width=\"1024\" height=\"700\" src=\"https:\/\/www.uta.cl\/wp-content\/uploads\/2023\/07\/DAF6837-1024x700.jpg\" alt=\"\" data-id=\"46890\" data-full-url=\"https:\/\/www.uta.cl\/wp-content\/uploads\/2023\/07\/DAF6837.jpg\" data-link=\"https:\/\/www.uta.cl\/?attachment_id=46890\" class=\"wp-image-46890\" srcset=\"https:\/\/www.uta.cl\/wp-content\/uploads\/2023\/07\/DAF6837-1024x700.jpg 1024w, https:\/\/www.uta.cl\/wp-content\/uploads\/2023\/07\/DAF6837-300x205.jpg 300w, https:\/\/www.uta.cl\/wp-content\/uploads\/2023\/07\/DAF6837-768x525.jpg 768w, https:\/\/www.uta.cl\/wp-content\/uploads\/2023\/07\/DAF6837-1536x1050.jpg 1536w, https:\/\/www.uta.cl\/wp-content\/uploads\/2023\/07\/DAF6837.jpg 2048w\" sizes=\"(max-width: 1024px) 100vw, 1024px\" \/><\/figure><\/li><\/ul><\/figure>\n","protected":false},"excerpt":{"rendered":"<p>La actividad fue un punto de encuentro para difundir las ideas innovadoras de 70 futuras y futuros ingenieros el\u00e9ctricos y electr\u00f3nicos de la UTarapac\u00e1.<\/p>\n","protected":false},"author":11,"featured_media":46906,"comment_status":"open","ping_status":"open","sticky":false,"template":"","format":"standard","meta":[],"categories":[51],"tags":[],"_links":{"self":[{"href":"https:\/\/www.uta.cl\/index.php\/wp-json\/wp\/v2\/posts\/46868"}],"collection":[{"href":"https:\/\/www.uta.cl\/index.php\/wp-json\/wp\/v2\/posts"}],"about":[{"href":"https:\/\/www.uta.cl\/index.php\/wp-json\/wp\/v2\/types\/post"}],"author":[{"embeddable":true,"href":"https:\/\/www.uta.cl\/index.php\/wp-json\/wp\/v2\/users\/11"}],"replies":[{"embeddable":true,"href":"https:\/\/www.uta.cl\/index.php\/wp-json\/wp\/v2\/comments?post=46868"}],"version-history":[{"count":6,"href":"https:\/\/www.uta.cl\/index.php\/wp-json\/wp\/v2\/posts\/46868\/revisions"}],"predecessor-version":[{"id":46904,"href":"https:\/\/www.uta.cl\/index.php\/wp-json\/wp\/v2\/posts\/46868\/revisions\/46904"}],"wp:featuredmedia":[{"embeddable":true,"href":"https:\/\/www.uta.cl\/index.php\/wp-json\/wp\/v2\/media\/46906"}],"wp:attachment":[{"href":"https:\/\/www.uta.cl\/index.php\/wp-json\/wp\/v2\/media?parent=46868"}],"wp:term":[{"taxonomy":"category","embeddable":true,"href":"https:\/\/www.uta.cl\/index.php\/wp-json\/wp\/v2\/categories?post=46868"},{"taxonomy":"post_tag","embeddable":true,"href":"https:\/\/www.uta.cl\/index.php\/wp-json\/wp\/v2\/tags?post=46868"}],"curies":[{"name":"wp","href":"https:\/\/api.w.org\/{rel}","templated":true}]}}