{"id":46838,"date":"2023-07-18T15:34:19","date_gmt":"2023-07-18T15:34:19","guid":{"rendered":"https:\/\/www.uta.cl\/?p=46838"},"modified":"2023-07-18T15:34:19","modified_gmt":"2023-07-18T15:34:19","slug":"direccion-de-calidad-realizo-taller-sobre-nuevos-criterios-y-estandares-para-la-acreditacion-de-programas-de-postgrado","status":"publish","type":"post","link":"https:\/\/www.uta.cl\/index.php\/2023\/07\/18\/direccion-de-calidad-realizo-taller-sobre-nuevos-criterios-y-estandares-para-la-acreditacion-de-programas-de-postgrado\/","title":{"rendered":"Direcci\u00f3n de calidad realiz\u00f3 taller sobre nuevos criterios y est\u00e1ndares para la acreditaci\u00f3n de programas de postgrado"},"content":{"rendered":"\n<div class=\"wp-block-image\"><figure class=\"aligncenter size-large is-resized\"><img loading=\"lazy\" src=\"https:\/\/www.uta.cl\/wp-content\/uploads\/2023\/07\/DAF6713-1024x683.jpg\" alt=\"\" class=\"wp-image-46840\" width=\"612\" height=\"408\" srcset=\"https:\/\/www.uta.cl\/wp-content\/uploads\/2023\/07\/DAF6713-1024x683.jpg 1024w, https:\/\/www.uta.cl\/wp-content\/uploads\/2023\/07\/DAF6713-300x200.jpg 300w, https:\/\/www.uta.cl\/wp-content\/uploads\/2023\/07\/DAF6713-768x512.jpg 768w, https:\/\/www.uta.cl\/wp-content\/uploads\/2023\/07\/DAF6713-1536x1025.jpg 1536w, https:\/\/www.uta.cl\/wp-content\/uploads\/2023\/07\/DAF6713.jpg 2048w\" sizes=\"(max-width: 612px) 100vw, 612px\" \/><\/figure><\/div>\n\n\n\n<p>Directivos, integrantes de los Comit\u00e9s Acad\u00e9micos, y profesionales de los programas de postgrado impartidos en la Universidad de Tarapac\u00e1 participaron del primer taller de \u201cNuevos criterios y est\u00e1ndares de calidad para la acreditaci\u00f3n de programas de postgrado\u201d realizados por el director de Calidad Institucional (DCI), Julio Labra\u00f1a; el director General de Docencia de Postgrados (DGDP), Misael Camus; y el director de Internacionalizaci\u00f3n, Sergio Medina.<\/p>\n\n\n\n<p>\u201cHay un proceso de implementaci\u00f3n de nuevas dimensiones para la acreditaci\u00f3n, que involucra un marco regulativo m\u00e1s severo, con mayores exigencias en relaci\u00f3n con la calidad de la docencia, a la gesti\u00f3n de los procesos de programas de postgrado, la investigaci\u00f3n desarrollada, etc\u00e9tera. Por lo que nuestros programas tienen que saber responder a esto en el marco de una universidad con 6 a\u00f1os de acreditaci\u00f3n\u201d, explic\u00f3 Julio Labra\u00f1a.&nbsp;<\/p>\n\n\n\n<p>El directivo tambi\u00e9n se\u00f1al\u00f3 que \u201cjustamente esta instancia es para socializar y compartir cu\u00e1les son los desaf\u00edos que enfrentan estos programas y cu\u00e1l es nuestro rol, principalmente desde la Direcci\u00f3n de Calidad Institucional, desde la Direcci\u00f3n General de Postgrado, y desde la Direcci\u00f3n de Internacionalizaci\u00f3n, para apoyar este mejoramiento continuo de la calidad en el postgrado\u201d.<\/p>\n\n\n\n<p>Precisamente el objetivo de este taller fue el de difundir y estudiar los est\u00e1ndares de calidad que se aplicar\u00e1n a los procesos de Acreditaci\u00f3n de los Programas de Postgrado a partir de octubre de 2023. En este se entreg\u00f3 una introducci\u00f3n a la estructura y contenidos de los diferentes criterios involucrados, como, por ejemplo, el proceso de elaboraci\u00f3n del informe de autoevaluaci\u00f3n interna y la evaluaci\u00f3n externa.<\/p>\n\n\n\n<p>\u201cDespu\u00e9s de tres a\u00f1os en los cuales estos est\u00e1ndares fueron consultados, debatidos y llevados a un consenso final, ya est\u00e1n en el diario oficial, como ley. Por lo tanto, este es un cambio de paradigma, no es el mismo modelo anterior, es un modelo cultural distinto de medir la calidad de los programas y de las instituciones\u201d, afirm\u00f3 el director de la DGDP, Misael Camus.<\/p>\n\n\n\n<p>En tanto, el director de Internacionalizaci\u00f3n, Sergio Medina, afirm\u00f3, \u201ces muy oportuno este taller porque nos ha permitido, junto a los programas de doctorado y mag\u00edster, compartir criterios de c\u00f3mo esta direcci\u00f3n acompa\u00f1a administrativamente y en t\u00e9rminos estrat\u00e9gicos los procesos de internacionalizaci\u00f3n y complejizaci\u00f3n de cada postgrado\u201d.<\/p>\n\n\n\n<p>Catherine Salgado, acad\u00e9mica del departamento de Obstetricia y parte del Comit\u00e9 Acad\u00e9mico del Programa de Magister en Salud P\u00fablica, valor\u00f3 la instancia se\u00f1alando que \u201csi estamos bajo un paragua de un mismo Sistema de Direcci\u00f3n Estrat\u00e9gica, todos los programas tienen que alinearse a los mismos criterios que requiere la Comisi\u00f3n Nacional de Acreditaci\u00f3n. Es una forma de que nos conozcamos como programas y creo que tambi\u00e9n nos ayuda, si tenemos alg\u00fan problema, a poder recurrir a otro programa que tiene mucho m\u00e1s avanzado su proceso de autovaluaci\u00f3n o tiene experiencias de acreditaciones anteriores\u201d.<\/p>\n\n\n\n<div class=\"wp-block-image\"><figure class=\"aligncenter size-large is-resized\"><img loading=\"lazy\" src=\"https:\/\/www.uta.cl\/wp-content\/uploads\/2023\/07\/DAF6712-1024x683.jpg\" alt=\"\" class=\"wp-image-46839\" width=\"585\" height=\"390\" srcset=\"https:\/\/www.uta.cl\/wp-content\/uploads\/2023\/07\/DAF6712-1024x683.jpg 1024w, https:\/\/www.uta.cl\/wp-content\/uploads\/2023\/07\/DAF6712-300x200.jpg 300w, https:\/\/www.uta.cl\/wp-content\/uploads\/2023\/07\/DAF6712-768x512.jpg 768w, https:\/\/www.uta.cl\/wp-content\/uploads\/2023\/07\/DAF6712-1536x1025.jpg 1536w, https:\/\/www.uta.cl\/wp-content\/uploads\/2023\/07\/DAF6712.jpg 2048w\" sizes=\"(max-width: 585px) 100vw, 585px\" \/><figcaption>La actividad cont\u00f3 con unas palabras de bienvenida de la vicerrectora acad\u00e9mica, Jenniffer Peralta.<\/figcaption><\/figure><\/div>\n","protected":false},"excerpt":{"rendered":"<p>La actividad tuvo por objetivo dar a conocer a las nuevas dimensiones, criterios y est\u00e1ndares que se aplicar\u00e1n a los procesos de certificaci\u00f3n a partir de octubre de 2023.<\/p>\n","protected":false},"author":11,"featured_media":46840,"comment_status":"open","ping_status":"open","sticky":false,"template":"","format":"standard","meta":[],"categories":[51],"tags":[],"_links":{"self":[{"href":"https:\/\/www.uta.cl\/index.php\/wp-json\/wp\/v2\/posts\/46838"}],"collection":[{"href":"https:\/\/www.uta.cl\/index.php\/wp-json\/wp\/v2\/posts"}],"about":[{"href":"https:\/\/www.uta.cl\/index.php\/wp-json\/wp\/v2\/types\/post"}],"author":[{"embeddable":true,"href":"https:\/\/www.uta.cl\/index.php\/wp-json\/wp\/v2\/users\/11"}],"replies":[{"embeddable":true,"href":"https:\/\/www.uta.cl\/index.php\/wp-json\/wp\/v2\/comments?post=46838"}],"version-history":[{"count":1,"href":"https:\/\/www.uta.cl\/index.php\/wp-json\/wp\/v2\/posts\/46838\/revisions"}],"predecessor-version":[{"id":46841,"href":"https:\/\/www.uta.cl\/index.php\/wp-json\/wp\/v2\/posts\/46838\/revisions\/46841"}],"wp:featuredmedia":[{"embeddable":true,"href":"https:\/\/www.uta.cl\/index.php\/wp-json\/wp\/v2\/media\/46840"}],"wp:attachment":[{"href":"https:\/\/www.uta.cl\/index.php\/wp-json\/wp\/v2\/media?parent=46838"}],"wp:term":[{"taxonomy":"category","embeddable":true,"href":"https:\/\/www.uta.cl\/index.php\/wp-json\/wp\/v2\/categories?post=46838"},{"taxonomy":"post_tag","embeddable":true,"href":"https:\/\/www.uta.cl\/index.php\/wp-json\/wp\/v2\/tags?post=46838"}],"curies":[{"name":"wp","href":"https:\/\/api.w.org\/{rel}","templated":true}]}}