{"id":46832,"date":"2023-07-18T15:17:17","date_gmt":"2023-07-18T15:17:17","guid":{"rendered":"https:\/\/www.uta.cl\/?p=46832"},"modified":"2023-07-18T18:37:54","modified_gmt":"2023-07-18T18:37:54","slug":"centro-nansen-refuerza-las-capacidades-de-dialogo-en-arica-en-colaboracion-con-la-utarapaca","status":"publish","type":"post","link":"https:\/\/www.uta.cl\/index.php\/2023\/07\/18\/centro-nansen-refuerza-las-capacidades-de-dialogo-en-arica-en-colaboracion-con-la-utarapaca\/","title":{"rendered":"Centro Nansen refuerza las capacidades de di\u00e1logo en Arica en colaboraci\u00f3n con la UTarapac\u00e1"},"content":{"rendered":"\n<div class=\"wp-block-image\"><figure class=\"aligncenter size-large is-resized\"><img loading=\"lazy\" src=\"https:\/\/www.uta.cl\/wp-content\/uploads\/2023\/07\/Taller-Arica-julio-2023-1024x571.jpeg\" alt=\"\" class=\"wp-image-46833\" width=\"594\" height=\"331\" srcset=\"https:\/\/www.uta.cl\/wp-content\/uploads\/2023\/07\/Taller-Arica-julio-2023-1024x571.jpeg 1024w, https:\/\/www.uta.cl\/wp-content\/uploads\/2023\/07\/Taller-Arica-julio-2023-300x167.jpeg 300w, https:\/\/www.uta.cl\/wp-content\/uploads\/2023\/07\/Taller-Arica-julio-2023-768x428.jpeg 768w, https:\/\/www.uta.cl\/wp-content\/uploads\/2023\/07\/Taller-Arica-julio-2023-1536x857.jpeg 1536w, https:\/\/www.uta.cl\/wp-content\/uploads\/2023\/07\/Taller-Arica-julio-2023.jpeg 1558w\" sizes=\"(max-width: 594px) 100vw, 594px\" \/><\/figure><\/div>\n\n\n\n<p>\u201cEste taller me va a servir no solo para situaciones de conflicto, sino tambi\u00e9n para la vida, para estar en constante escucha y conversaci\u00f3n\u201d, coment\u00f3 Yorka Sanhueza, presidenta de la Asociaci\u00f3n Gremial \u201cMujeres Hilando Sue\u00f1os\u201d, y una de las participantes de los talleres en Arica.&nbsp;&nbsp;<\/p>\n\n\n\n<p>Yorka estuvo muy contenta con el taller. \u201cEl formato pedag\u00f3gico es muy entretenido, a pesar de que son dos d\u00edas s\u00faper intensos. Lo que destaco es el trabajo colectivo, con los diferentes compa\u00f1eros de distintas profesiones y edades. Es muy favorable porque nos da diferentes espacios de conocimientos. Me voy muy agradecida y con un aprendizaje en terreno a full\u201d, se\u00f1al\u00f3.\u00a0<\/p>\n\n\n\n<p>M\u00e1s de 30 personas fueron las que participaron en este segundo ciclo de talleres realizados en colaboraci\u00f3n entre el Centro Nansen para la Paz y el Di\u00e1logo, de Noruega y la Universidad de Tarapac\u00e1 y que, hasta la fecha, ha permitido que m\u00e1s de 80 arique\u00f1os recibieran esta capacitaci\u00f3n de forma gratuita.<\/p>\n\n\n\n<p>Los talleres tienen dos objetivos pedag\u00f3gicos: la entrega de herramientas para el di\u00e1logo y la vivencia del di\u00e1logo. Los ejercicios son din\u00e1micos y pr\u00e1cticos, para poner en pr\u00e1ctica la metodolog\u00eda del centro noruego, como la escucha activa y mapeo de conflictos. Parte de la vivencia de dialogar fue compartir espacios donde hubo diferencias e historias.&nbsp;&nbsp;<\/p>\n\n\n\n<p>\u201cArica sigue siendo mi tierra\u201d, explic\u00f3 Alfredo Zamudio, director de la misi\u00f3n del Centro Nansen en Chile. \u201cCada vez que vengo escucho sobre los desaf\u00edos que tiene la ciudad. Estoy muy contento de aportar con algunas herramientas que funcionan y que sean \u00fatiles para la realidad de la regi\u00f3n\u201d, dijo Zamudio.&nbsp;<\/p>\n\n\n\n<p>En ese sentido, el rector de la UTarapac\u00e1, Emilio Rodr\u00edguez, afirm\u00f3 que &#8220;los talleres que realiza el Centro Nansen constituyen una contribuci\u00f3n extraordinaria para mejorar el di\u00e1logo entre las personas, con ello: la convivencia, la paz y la armon\u00eda social. La metodolog\u00eda utilizada est\u00e1 probada y permite la identificaci\u00f3n y la configuraci\u00f3n de las fuentes de conflicto y sus soluciones por la v\u00eda de la escucha activa. Para nuestra Universidad es un privilegio participar de esta experiencia transformadora para las personas y contar con la presencia del Sr. Alfredo Zamudio, director de la misi\u00f3n en Chile de Nansen&#8221;.&nbsp;<\/p>\n\n\n\n<p>&#8220;Estamos muy agradecidos de esta misi\u00f3n en Chile del Centro Nansen y de su apoyo a una zona extrema del pa\u00eds, de su consideraci\u00f3n a la Universidad de Tarapac\u00e1 y del gran compromiso y calidad del trabajo realizado&#8221;, agreg\u00f3 Rodr\u00edguez.<\/p>\n\n\n\n<div class=\"wp-block-image\"><figure class=\"aligncenter size-large is-resized\"><img loading=\"lazy\" src=\"https:\/\/www.uta.cl\/wp-content\/uploads\/2023\/07\/Taller-Arica-julio-2023-3-1024x591.jpeg\" alt=\"\" class=\"wp-image-46835\" width=\"583\" height=\"336\" srcset=\"https:\/\/www.uta.cl\/wp-content\/uploads\/2023\/07\/Taller-Arica-julio-2023-3-1024x591.jpeg 1024w, https:\/\/www.uta.cl\/wp-content\/uploads\/2023\/07\/Taller-Arica-julio-2023-3-300x173.jpeg 300w, https:\/\/www.uta.cl\/wp-content\/uploads\/2023\/07\/Taller-Arica-julio-2023-3-768x443.jpeg 768w, https:\/\/www.uta.cl\/wp-content\/uploads\/2023\/07\/Taller-Arica-julio-2023-3.jpeg 1151w\" sizes=\"(max-width: 583px) 100vw, 583px\" \/><\/figure><\/div>\n\n\n\n<p><strong>Una experiencia transformadora&nbsp;<\/strong><\/p>\n\n\n\n<p>Pablo Ampuero, encargado del Programa de Inclusi\u00f3n de la Universidad de Tarapac\u00e1 y participante del taller, coment\u00f3: \u201cLa sensaci\u00f3n con la que me qued\u00e9 es como la que se tiene con un buen libro, con ganas de seguir leyendo, de querer saber m\u00e1s, estar muy predispuesto a seguir compartiendo. Ha sido maravilloso, ha ido subiendo el nivel de compromiso y la emoci\u00f3n con los compa\u00f1eros, han salido elementos muy profundos, el grupo ha sido muy respetuoso. Hemos encontrado soluciones nuevas para problemas que hemos venido analizando. Ha sido una experiencia muy hermosa porque ha sido transformacional, no me voy como llegu\u00e9. Estoy muy agradecido\u201d.&nbsp;&nbsp;&nbsp;<\/p>\n\n\n\n<div class=\"wp-block-image\"><figure class=\"aligncenter size-large is-resized\"><img loading=\"lazy\" src=\"https:\/\/www.uta.cl\/wp-content\/uploads\/2023\/07\/Taller-Arica-julio-2023-1-1024x663.jpeg\" alt=\"\" class=\"wp-image-46836\" width=\"582\" height=\"376\" srcset=\"https:\/\/www.uta.cl\/wp-content\/uploads\/2023\/07\/Taller-Arica-julio-2023-1-1024x663.jpeg 1024w, https:\/\/www.uta.cl\/wp-content\/uploads\/2023\/07\/Taller-Arica-julio-2023-1-300x194.jpeg 300w, https:\/\/www.uta.cl\/wp-content\/uploads\/2023\/07\/Taller-Arica-julio-2023-1-768x497.jpeg 768w, https:\/\/www.uta.cl\/wp-content\/uploads\/2023\/07\/Taller-Arica-julio-2023-1.jpeg 1471w\" sizes=\"(max-width: 582px) 100vw, 582px\" \/><\/figure><\/div>\n\n\n\n<p><strong>Inclusi\u00f3n en la metodolog\u00eda&nbsp;<\/strong><\/p>\n\n\n\n<p>Aurelia Sanabria, practicante de la ONG MOE, destac\u00f3: \u201cEs la primera vez que este taller de di\u00e1logo tiene a una persona con discapacidad auditiva. El facilitador Alfredo Zamudio ya sab\u00eda algo de inclusi\u00f3n y le agradezco. Pude ver los subt\u00edtulos y leer el manual y las instrucciones. Es un importante taller, me sent\u00ed muy bien\u201d, dijo Aurelia, quien asisti\u00f3 al taller acompa\u00f1ada de una int\u00e9rprete.<\/p>\n\n\n\n<p>\u201cEstos talleres est\u00e1n pensados para que cualquier persona pueda participar plenamente, y no importa su nivel de estudios, edad o experiencia. La tecnolog\u00eda nos permite apoyar tambi\u00e9n a personas que no escuchan, pero en realidad el mayor trabajo de integraci\u00f3n la hacen quienes participan, para apoyar a sus compa\u00f1eros y compa\u00f1eras. La integraci\u00f3n es una tarea de todos y todas\u201d, dijo Zamudio. \u201cUna sociedad m\u00e1s incluyente es tambi\u00e9n una sociedad que encuentra soluciones, porque incluye a quienes tal vez ven de otra forma los problemas de la sociedad\u201d, finaliz\u00f3.<\/p>\n\n\n\n<div class=\"wp-block-image\"><figure class=\"aligncenter size-large is-resized\"><img loading=\"lazy\" src=\"https:\/\/www.uta.cl\/wp-content\/uploads\/2023\/07\/Taller-Arica-julio-2023-2-1024x472.jpeg\" alt=\"\" class=\"wp-image-46834\" width=\"571\" height=\"263\" srcset=\"https:\/\/www.uta.cl\/wp-content\/uploads\/2023\/07\/Taller-Arica-julio-2023-2-1024x472.jpeg 1024w, https:\/\/www.uta.cl\/wp-content\/uploads\/2023\/07\/Taller-Arica-julio-2023-2-300x138.jpeg 300w, https:\/\/www.uta.cl\/wp-content\/uploads\/2023\/07\/Taller-Arica-julio-2023-2-768x354.jpeg 768w, https:\/\/www.uta.cl\/wp-content\/uploads\/2023\/07\/Taller-Arica-julio-2023-2-1536x708.jpeg 1536w, https:\/\/www.uta.cl\/wp-content\/uploads\/2023\/07\/Taller-Arica-julio-2023-2.jpeg 1600w\" sizes=\"(max-width: 571px) 100vw, 571px\" \/><\/figure><\/div>\n","protected":false},"excerpt":{"rendered":"<p>Dirigentes vecinales, acad\u00e9micos, funcionarios de distintas instituciones p\u00fablicas y del sector privado, participaron en un nuevo ciclo de talleres de di\u00e1logo en Arica, una actividad que se realiz\u00f3 en colaboraci\u00f3n entre el Centro Nansen para la Paz y el Di\u00e1logo, de Noruega y la Universidad de Tarapac\u00e1.<\/p>\n","protected":false},"author":11,"featured_media":46833,"comment_status":"open","ping_status":"open","sticky":false,"template":"","format":"standard","meta":[],"categories":[51],"tags":[],"_links":{"self":[{"href":"https:\/\/www.uta.cl\/index.php\/wp-json\/wp\/v2\/posts\/46832"}],"collection":[{"href":"https:\/\/www.uta.cl\/index.php\/wp-json\/wp\/v2\/posts"}],"about":[{"href":"https:\/\/www.uta.cl\/index.php\/wp-json\/wp\/v2\/types\/post"}],"author":[{"embeddable":true,"href":"https:\/\/www.uta.cl\/index.php\/wp-json\/wp\/v2\/users\/11"}],"replies":[{"embeddable":true,"href":"https:\/\/www.uta.cl\/index.php\/wp-json\/wp\/v2\/comments?post=46832"}],"version-history":[{"count":2,"href":"https:\/\/www.uta.cl\/index.php\/wp-json\/wp\/v2\/posts\/46832\/revisions"}],"predecessor-version":[{"id":46842,"href":"https:\/\/www.uta.cl\/index.php\/wp-json\/wp\/v2\/posts\/46832\/revisions\/46842"}],"wp:featuredmedia":[{"embeddable":true,"href":"https:\/\/www.uta.cl\/index.php\/wp-json\/wp\/v2\/media\/46833"}],"wp:attachment":[{"href":"https:\/\/www.uta.cl\/index.php\/wp-json\/wp\/v2\/media?parent=46832"}],"wp:term":[{"taxonomy":"category","embeddable":true,"href":"https:\/\/www.uta.cl\/index.php\/wp-json\/wp\/v2\/categories?post=46832"},{"taxonomy":"post_tag","embeddable":true,"href":"https:\/\/www.uta.cl\/index.php\/wp-json\/wp\/v2\/tags?post=46832"}],"curies":[{"name":"wp","href":"https:\/\/api.w.org\/{rel}","templated":true}]}}