{"id":46786,"date":"2023-07-13T15:21:05","date_gmt":"2023-07-13T15:21:05","guid":{"rendered":"https:\/\/www.uta.cl\/?p=46786"},"modified":"2023-07-13T15:21:05","modified_gmt":"2023-07-13T15:21:05","slug":"funcionarios-y-academicos-participaron-en-curso-sobre-derechos-humanos-dictado-por-el-indh","status":"publish","type":"post","link":"https:\/\/www.uta.cl\/index.php\/2023\/07\/13\/funcionarios-y-academicos-participaron-en-curso-sobre-derechos-humanos-dictado-por-el-indh\/","title":{"rendered":"Funcionarios y acad\u00e9micos participaron en curso sobre derechos humanos dictado por el INDH"},"content":{"rendered":"\n<div class=\"wp-block-image\"><figure class=\"aligncenter size-large is-resized\"><img loading=\"lazy\" src=\"https:\/\/www.uta.cl\/wp-content\/uploads\/2023\/07\/foto-1024x768.jpeg\" alt=\"\" class=\"wp-image-46788\" width=\"605\" height=\"454\" srcset=\"https:\/\/www.uta.cl\/wp-content\/uploads\/2023\/07\/foto-1024x768.jpeg 1024w, https:\/\/www.uta.cl\/wp-content\/uploads\/2023\/07\/foto-300x225.jpeg 300w, https:\/\/www.uta.cl\/wp-content\/uploads\/2023\/07\/foto-768x576.jpeg 768w, https:\/\/www.uta.cl\/wp-content\/uploads\/2023\/07\/foto-1536x1152.jpeg 1536w, https:\/\/www.uta.cl\/wp-content\/uploads\/2023\/07\/foto.jpeg 1600w\" sizes=\"(max-width: 605px) 100vw, 605px\" \/><\/figure><\/div>\n\n\n\n<p>\u201cNociones fundamentales en Derechos Humanos\u201d, fue el curso en el que participaron 27 funcionarios(as) y acad\u00e9micos(as) de la Universidad de Tarapac\u00e1, actividad que fue coordinada en conjunto por la Direcci\u00f3n de Equidad y G\u00e9nero (DEyGEN) y el INDH. Esta capacitaci\u00f3n se realiz\u00f3 en el marco de las acciones establecidas en el Modelo de Prevenci\u00f3n de la Pol\u00edtica Integral contra el acoso sexual, la violencia y la discriminaci\u00f3n de g\u00e9nero de la instituci\u00f3n, que establece la Ley 21.369.<\/p>\n\n\n\n<p>Seg\u00fan explic\u00f3 la Dra. Vanessa Jara Labarth\u00e9, directora de Equidad y G\u00e9nero, \u201ces muy importante contar con estas capacitaciones, dictadas adem\u00e1s por expertas en el \u00e1mbito de los Derechos Humanos, como parte de las acciones institucionales para avanzar hacia una universidad libre de violencia y que promueva los derechos de todas y todos. Estamos contentas con la convocatoria y la participaci\u00f3n de funcionarias y funcionarios de nuestra universidad, y esperamos repetir esta experiencia durante el segundo semestre, esta vez invitando a estudiantes, y as\u00ed seguir estrechando lazos con el INDH\u201d.<\/p>\n\n\n\n<p>Por su parte Ximena Ostria Gallardo, profesional de las Ciencias Sociales Sede Regional del INDH, quien fue la encargada de dictar la capacitaci\u00f3n, explic\u00f3 que \u201cen el marco de las facultades de la ley 20.405, bajo la que se crea el Instituto Nacional de Derechos Humanos, desde el 2010 que los y las profesionales del instituto vienen desarrollando una serie de acciones de promoci\u00f3n y educaci\u00f3n sobre derechos humanos a funcionarios y funcionarias p\u00fablicas de diversas reparticiones, entre ellas a universidades p\u00fablicas donde destacamos a la U. de Tarapac\u00e1. En ese marco, relevamos las actividades que se han desarrollado como esta capacitaci\u00f3n, gestionada por la Direcci\u00f3n de Equidad y G\u00e9nero\u201d.<\/p>\n\n\n\n<p>Los objetivos del curso de capacitaci\u00f3n estaban orientados a conocer la trayectoria hist\u00f3rica de los derechos humanos, su marco conceptual, normativa y principios, as\u00ed como brindar un espacio que permitiera reflexionar acerca de la aplicaci\u00f3n de los derechos humanos en la vida diaria y en el espacio educativo, aspectos que fueron desarrollados ampliamente entre los asistentes durante las tres sesiones de trabajo, seg\u00fan detall\u00f3 Luisa Olgu\u00edn Garc\u00eda, profesional de la Unidad de Prevenci\u00f3n DEyGEN.<\/p>\n\n\n\n<p>En tanto, Marcos Cisternas Sandy, profesional de Gesti\u00f3n Direcci\u00f3n General de Vinculaci\u00f3n con el Medio, manifest\u00f3 que \u201clos derechos humanos son una tem\u00e1tica muy comentada pero la mayor de las veces con poca profundidad o muchos sesgos. Durante el curso se trataron aspectos relevantes de esta materia en forma muy abierta y f\u00e1cilmente comprensible, muy humana.&nbsp;Felicitaciones por esta iniciativa y muchas gracias por la invitaci\u00f3n\u201d.<\/p>\n\n\n\n<p>Andr\u00e9s Flores Cifuentes, profesional Direcci\u00f3n de Calidad Institucional, por su parte resalt\u00f3 que el curso le permiti\u00f3 \u201centre otras cosas tener una idea y concepto m\u00e1s acabado de los que son los derechos humanos, de nuestros derechos como sociedad, pero tambi\u00e9n de nuestros deberes. Se vieron y aprendimos conceptos tan interesantes como la Discriminaci\u00f3n. El curso te hace reflexionar como nos tenemos que comportar y la actitud que tenemos que tener al estar inmersos dentro de una sociedad\u201d.<\/p>\n\n\n\n<div class=\"wp-block-image\"><figure class=\"aligncenter size-large is-resized\"><img loading=\"lazy\" src=\"https:\/\/www.uta.cl\/wp-content\/uploads\/2023\/07\/Foto-grupal-1024x768.jpg\" alt=\"\" class=\"wp-image-46787\" width=\"636\" height=\"476\" srcset=\"https:\/\/www.uta.cl\/wp-content\/uploads\/2023\/07\/Foto-grupal-1024x768.jpg 1024w, https:\/\/www.uta.cl\/wp-content\/uploads\/2023\/07\/Foto-grupal-300x225.jpg 300w, https:\/\/www.uta.cl\/wp-content\/uploads\/2023\/07\/Foto-grupal-768x576.jpg 768w, https:\/\/www.uta.cl\/wp-content\/uploads\/2023\/07\/Foto-grupal-1536x1152.jpg 1536w, https:\/\/www.uta.cl\/wp-content\/uploads\/2023\/07\/Foto-grupal-2048x1536.jpg 2048w\" sizes=\"(max-width: 636px) 100vw, 636px\" \/><\/figure><\/div>\n","protected":false},"excerpt":{"rendered":"<p>La actividad fue coordinada por la Direcci\u00f3n de Equidad y G\u00e9nero en el marco de los lineamientos de la ley 21.369.<\/p>\n","protected":false},"author":11,"featured_media":46788,"comment_status":"open","ping_status":"open","sticky":false,"template":"","format":"standard","meta":[],"categories":[51],"tags":[],"_links":{"self":[{"href":"https:\/\/www.uta.cl\/index.php\/wp-json\/wp\/v2\/posts\/46786"}],"collection":[{"href":"https:\/\/www.uta.cl\/index.php\/wp-json\/wp\/v2\/posts"}],"about":[{"href":"https:\/\/www.uta.cl\/index.php\/wp-json\/wp\/v2\/types\/post"}],"author":[{"embeddable":true,"href":"https:\/\/www.uta.cl\/index.php\/wp-json\/wp\/v2\/users\/11"}],"replies":[{"embeddable":true,"href":"https:\/\/www.uta.cl\/index.php\/wp-json\/wp\/v2\/comments?post=46786"}],"version-history":[{"count":1,"href":"https:\/\/www.uta.cl\/index.php\/wp-json\/wp\/v2\/posts\/46786\/revisions"}],"predecessor-version":[{"id":46790,"href":"https:\/\/www.uta.cl\/index.php\/wp-json\/wp\/v2\/posts\/46786\/revisions\/46790"}],"wp:featuredmedia":[{"embeddable":true,"href":"https:\/\/www.uta.cl\/index.php\/wp-json\/wp\/v2\/media\/46788"}],"wp:attachment":[{"href":"https:\/\/www.uta.cl\/index.php\/wp-json\/wp\/v2\/media?parent=46786"}],"wp:term":[{"taxonomy":"category","embeddable":true,"href":"https:\/\/www.uta.cl\/index.php\/wp-json\/wp\/v2\/categories?post=46786"},{"taxonomy":"post_tag","embeddable":true,"href":"https:\/\/www.uta.cl\/index.php\/wp-json\/wp\/v2\/tags?post=46786"}],"curies":[{"name":"wp","href":"https:\/\/api.w.org\/{rel}","templated":true}]}}