{"id":46729,"date":"2023-07-10T14:08:04","date_gmt":"2023-07-10T14:08:04","guid":{"rendered":"https:\/\/www.uta.cl\/?p=46729"},"modified":"2023-11-27T13:37:40","modified_gmt":"2023-11-27T13:37:40","slug":"estudian-puntos-de-interes-patrimonial-y-astronomico-para-generar-circuitos-que-potencien-el-turismo-en-tarapaca","status":"publish","type":"post","link":"https:\/\/www.uta.cl\/index.php\/2023\/07\/10\/estudian-puntos-de-interes-patrimonial-y-astronomico-para-generar-circuitos-que-potencien-el-turismo-en-tarapaca\/","title":{"rendered":"Estudian puntos de inter\u00e9s patrimonial y astron\u00f3mico para generar circuitos que potencien el turismo en Tarapac\u00e1"},"content":{"rendered":"\n<div class=\"wp-block-image\"><figure class=\"aligncenter size-large is-resized\"><img loading=\"lazy\" src=\"https:\/\/www.uta.cl\/wp-content\/uploads\/2023\/07\/DSC_0262-1024x683.jpg\" alt=\"\" class=\"wp-image-46730\" width=\"616\" height=\"411\" srcset=\"https:\/\/www.uta.cl\/wp-content\/uploads\/2023\/07\/DSC_0262-1024x683.jpg 1024w, https:\/\/www.uta.cl\/wp-content\/uploads\/2023\/07\/DSC_0262-300x200.jpg 300w, https:\/\/www.uta.cl\/wp-content\/uploads\/2023\/07\/DSC_0262-768x512.jpg 768w, https:\/\/www.uta.cl\/wp-content\/uploads\/2023\/07\/DSC_0262-1536x1025.jpg 1536w, https:\/\/www.uta.cl\/wp-content\/uploads\/2023\/07\/DSC_0262-2048x1367.jpg 2048w\" sizes=\"(max-width: 616px) 100vw, 616px\" \/><\/figure><\/div>\n\n\n\n<p>Impulsar una nueva forma de llevar a cabo el turismo regional y visibilizar el conocimiento astron\u00f3mico ancestral presente en el patrimonio regional, es lo que busca el Proyecto FIC &#8220;Conformaci\u00f3n de Red de Puntos de Observaci\u00f3n Astropatrimonial en Tarapac\u00e1&#8221;.<\/p>\n\n\n\n<p>El doctor Pablo Gonz\u00e1lez, coordinador y encargado del \u00e1rea astron\u00f3mica del proyecto, detall\u00f3 que con esta iniciativa se busca &#8220;localizar sitios patrimoniales que tengan alg\u00fan enlace con saberes ancestrales astron\u00f3micos para darle un valor agregado por medio de la astronom\u00eda para el aprovechamiento de tour operadores enfocados en el astroturismo y tambi\u00e9n para docentes y educadores que quieran integrar en el aula tem\u00e1ticas sobre patrimonio y astronom\u00eda para inculcar esos saberes ancestrales a sus estudiantes&#8221;.<\/p>\n\n\n\n<p>A\u00f1adi\u00f3 que el objetivo del proyecto es &#8220;poner en valor cinco de estos sitios que ser\u00e1n seleccionados una vez finalizado su estudio para ser posicionados como Puntos de Inter\u00e9s Astropatrimonial, acu\u00f1ando de esta forma el concepto de Astropatrimonio como algo propio&nbsp;de&nbsp;la&nbsp;Regi\u00f3n de Tarapac\u00e1&#8221;.<\/p>\n\n\n\n<p>Este proyecto, que es financiado por el Fondo de Innovaci\u00f3n para la Competitividad (FIC) del Gobierno Regional de Tarapac\u00e1 y es ejecutado por la Universidad de Tarapac\u00e1 Sede Iquique, realiz\u00f3 su presentaci\u00f3n formal en una exitosa jornada en el auditorio de la Universidad de Tarapac\u00e1, sede Iquique, donde asistieron autoridades regionales, representantes institucionales y beneficiarios del proyecto: como touroperadores y docentes, quienes algunos incluso viajaron desde diferentes puntos del Tamarugal a la ceremonia.<\/p>\n\n\n\n<p>En la ceremonia, Orietta Ojeda, encargada de Vinculaci\u00f3n y Patrimonio del proyecto, present\u00f3 las principales propuestas de la iniciativa e hizo \u00e9nfasis en el trabajo colaborativo entre la comunidad de Tarapac\u00e1 en su conjunto y los profesionales que formar\u00e1n parte de los diversos estudios, con el objetivo de que a marzo del 2025 exista una nueva propuesta de Astropatrimonio en el pa\u00eds.<\/p>\n\n\n\n<p>La directora general de la sede Iquique de la Universidad de Tarapac\u00e1, la doctora Yasna Godoy, consider\u00f3 que este proyecto pone &#8220;en valor todo lo que tiene que ver con el astroturismo, desde una mirada hist\u00f3rica y social, donde se involucra la academia con todos los actores estrat\u00e9gicos, y sociales necesarios para poder generar este proyecto\u201d.<\/p>\n\n\n\n<p>Godoy afirm\u00f3 que esto tiene &#8220;mucha importancia para la regi\u00f3n, principalmente para los operadores tur\u00edsticos, quienes van a mostrar y proyectar los sitios de inter\u00e9s patrimonial en la regi\u00f3n que han sido olvidados&nbsp;en gran medida&#8221;.<\/p>\n\n\n\n<p>La directora general de sede tambi\u00e9n expres\u00f3 estar muy contenta por ser parte de este proyecto. \u201cNo podr\u00edamos ser ejecutores sino con el compromiso y el apoyo del Gobierno Regional y por ello, tenemos toda la disposici\u00f3n de poder acompa\u00f1ar, asesorar y mostrar todo el trabajo que se va a realizar desde este FIC\u201d, dijo.<\/p>\n\n\n\n<p>Por otro lado, Carolina Quinteros, jefa de la Divisi\u00f3n de Fomento e Industrias del Gobierno Regional, agreg\u00f3 que el proyecto &#8220;permite cristalizar y consolidar el aporte de nuestros pueblos originarios dentro de la equidad territorial, algo que buscamos como principio vocacional de la administraci\u00f3n del gobernador Jos\u00e9 Miguel Carvajal, para relevar el respeto hacia los pueblos originarios y c\u00f3mo lo comunicamos a las nuevas generaciones. Junto a eso, transformarlo en una actividad productiva y llevarlo a una experiencia, como lo es el astroturismo&#8221;.<\/p>\n\n\n\n<p>A la jornada inaugural tambi\u00e9n asistieron seremis de distintas carteras, quienes destacaron el proyecto.&nbsp;<\/p>\n\n\n\n<p>Jorge Julio, seremi de Econom\u00eda, Fomento y Turismo de Tarapac\u00e1, destac\u00f3 esta iniciativa argumentando que &#8220;sabemos que Tarapac\u00e1 tiene un potencial tur\u00edstico muy importante que no est\u00e1 siendo explotado, por lo que iniciativas como esta, nos lleva a buscar destinos distintos como es el turismo astron\u00f3mico. Creemos que esto se conecta con el desarrollo de los pueblos originarios y pueden dar origen a un turismo distinto de intereses especiales que nos tiene muy contentos, y expectantes de lo que ac\u00e1 se pueda desarrollar&#8221;.<\/p>\n\n\n\n<p>Mientras que el seremi de Bienes Nacionales, Osvaldo Ardiles, expres\u00f3 que &#8220;estamos muy contentos y aplaudimos que el Gobierno Regional pueda financiar esta instancia y que la Universidad de Tarapac\u00e1 est\u00e9 trabajando fuertemente en este\u00a0tipo\u00a0de\u00a0temas&#8221;.<\/p>\n\n\n\n<div class=\"wp-block-image\"><figure class=\"aligncenter size-large is-resized\"><img loading=\"lazy\" src=\"https:\/\/www.uta.cl\/wp-content\/uploads\/2023\/07\/DSC_0305-1024x683.jpg\" alt=\"\" class=\"wp-image-46731\" width=\"600\" height=\"400\" srcset=\"https:\/\/www.uta.cl\/wp-content\/uploads\/2023\/07\/DSC_0305-1024x683.jpg 1024w, https:\/\/www.uta.cl\/wp-content\/uploads\/2023\/07\/DSC_0305-300x200.jpg 300w, https:\/\/www.uta.cl\/wp-content\/uploads\/2023\/07\/DSC_0305-768x512.jpg 768w, https:\/\/www.uta.cl\/wp-content\/uploads\/2023\/07\/DSC_0305-1536x1025.jpg 1536w, https:\/\/www.uta.cl\/wp-content\/uploads\/2023\/07\/DSC_0305-2048x1367.jpg 2048w\" sizes=\"(max-width: 600px) 100vw, 600px\" \/><\/figure><\/div>\n","protected":false},"excerpt":{"rendered":"<p>La iniciativa busca acu\u00f1ar el nuevo concepto \u201cAstropatrimonio\u201d como propio de la regi\u00f3n.<\/p>\n","protected":false},"author":11,"featured_media":46730,"comment_status":"open","ping_status":"open","sticky":false,"template":"","format":"standard","meta":[],"categories":[42,316,51],"tags":[287,285,181,173,283,135,286,140],"_links":{"self":[{"href":"https:\/\/www.uta.cl\/index.php\/wp-json\/wp\/v2\/posts\/46729"}],"collection":[{"href":"https:\/\/www.uta.cl\/index.php\/wp-json\/wp\/v2\/posts"}],"about":[{"href":"https:\/\/www.uta.cl\/index.php\/wp-json\/wp\/v2\/types\/post"}],"author":[{"embeddable":true,"href":"https:\/\/www.uta.cl\/index.php\/wp-json\/wp\/v2\/users\/11"}],"replies":[{"embeddable":true,"href":"https:\/\/www.uta.cl\/index.php\/wp-json\/wp\/v2\/comments?post=46729"}],"version-history":[{"count":1,"href":"https:\/\/www.uta.cl\/index.php\/wp-json\/wp\/v2\/posts\/46729\/revisions"}],"predecessor-version":[{"id":46732,"href":"https:\/\/www.uta.cl\/index.php\/wp-json\/wp\/v2\/posts\/46729\/revisions\/46732"}],"wp:featuredmedia":[{"embeddable":true,"href":"https:\/\/www.uta.cl\/index.php\/wp-json\/wp\/v2\/media\/46730"}],"wp:attachment":[{"href":"https:\/\/www.uta.cl\/index.php\/wp-json\/wp\/v2\/media?parent=46729"}],"wp:term":[{"taxonomy":"category","embeddable":true,"href":"https:\/\/www.uta.cl\/index.php\/wp-json\/wp\/v2\/categories?post=46729"},{"taxonomy":"post_tag","embeddable":true,"href":"https:\/\/www.uta.cl\/index.php\/wp-json\/wp\/v2\/tags?post=46729"}],"curies":[{"name":"wp","href":"https:\/\/api.w.org\/{rel}","templated":true}]}}