{"id":46722,"date":"2023-07-07T21:34:30","date_gmt":"2023-07-07T21:34:30","guid":{"rendered":"https:\/\/www.uta.cl\/?p=46722"},"modified":"2023-07-07T21:34:30","modified_gmt":"2023-07-07T21:34:30","slug":"utarapaca-lanzo-el-centro-de-anticipacion-y-creacion-del-futuro-que-busca-promover-y-articular-el-desarrollo-estrategico-de-la-region-de-arica-y-parinacota","status":"publish","type":"post","link":"https:\/\/www.uta.cl\/index.php\/2023\/07\/07\/utarapaca-lanzo-el-centro-de-anticipacion-y-creacion-del-futuro-que-busca-promover-y-articular-el-desarrollo-estrategico-de-la-region-de-arica-y-parinacota\/","title":{"rendered":"UTarapac\u00e1 lanz\u00f3 el \u201cCentro de Anticipaci\u00f3n y Creaci\u00f3n del Futuro\u201d que busca promover y articular el desarrollo estrat\u00e9gico de la regi\u00f3n de Arica y Parinacota"},"content":{"rendered":"\n<div class=\"wp-block-image\"><figure class=\"aligncenter size-large is-resized\"><img loading=\"lazy\" src=\"https:\/\/www.uta.cl\/wp-content\/uploads\/2023\/07\/DAF6668-1024x683.jpg\" alt=\"\" class=\"wp-image-46723\" width=\"613\" height=\"408\" srcset=\"https:\/\/www.uta.cl\/wp-content\/uploads\/2023\/07\/DAF6668-1024x683.jpg 1024w, https:\/\/www.uta.cl\/wp-content\/uploads\/2023\/07\/DAF6668-300x200.jpg 300w, https:\/\/www.uta.cl\/wp-content\/uploads\/2023\/07\/DAF6668-768x512.jpg 768w, https:\/\/www.uta.cl\/wp-content\/uploads\/2023\/07\/DAF6668-1536x1025.jpg 1536w, https:\/\/www.uta.cl\/wp-content\/uploads\/2023\/07\/DAF6668.jpg 2048w\" sizes=\"(max-width: 613px) 100vw, 613px\" \/><\/figure><\/div>\n\n\n\n<p>Fortalecer el desarrollo de la Regi\u00f3n de Arica y Parinacota, disminuyendo las brechas de competitividad en materia de productividad, gobernanza, innovaci\u00f3n, contexto social y crecimiento urbano y rural, es uno de los objetivos del &#8220;Centro de Anticipaci\u00f3n y Creaci\u00f3n de Futuro de la Universidad de Tarapac\u00e1\u201d. Este apunta a articular capacidades en red que mejoren la atractividad de la zona para el talento, la inversi\u00f3n y el emprendimiento, generando integraci\u00f3n en la Macroregi\u00f3n Centro Sur Andina.<\/p>\n\n\n\n<p>Su director, Gast\u00f3n L&#8217;Huillier, se\u00f1al\u00f3, durante la ceremonia de lanzamiento, que \u201clo que busca el Centro, en conjunto con todos los grupos representantes de la comunidad, es definir objetivos y proyectos de desarrollo que despu\u00e9s la misma comunidad contribuya a implementarlos con la ayuda de redes internacionales o locales, inversionistas extranjeros, entre otros, pero son proyectos de la comunidad. Y eso no solamente en el \u00e1mbito productivo, que, por supuesto es muy importante, sino que tambi\u00e9n todo lo que tiene que ver con generar buenas condiciones de calidad de vida, de localizaci\u00f3n, porque eso es lo que atrae el talento, la inversi\u00f3n y el emprendimiento, que es lo que define un territorio competitivo\u201d.&nbsp;<\/p>\n\n\n\n<p>El Centro de Anticipaci\u00f3n y Creaci\u00f3n del Futuro nace a partir del trabajo realizado por el Proyecto Pa\u00eds, que se inicia en el 2002, donde se realiz\u00f3 un piloto de desarrollo centralizado en Arica entre el 2013 y el 2019, que se detuvo a ra\u00edz de la pandemia.&nbsp; \u201cAhora ya no es un piloto, ahora ya es una estructura permanente para hacerse cargo de este tema, de crear esas condiciones de atractividad para el talento, la inversi\u00f3n y el emprendimiento en la regi\u00f3n, y aprovechar este gran potencial que tiene a nivel nacional\u201d, explic\u00f3 L&#8217;Huillier.&nbsp;<\/p>\n\n\n\n<p>La presidenta de la Junta Directiva de la Universidad de Tarapac\u00e1, Yuny Arias, quien estuvo presente durante la actividad, manifest\u00f3 que \u201ces muy potente lo que ac\u00e1 se est\u00e1 logrando porque de alguna manera este centro trata de agrupar a todas las instituciones. Primero al individuo natural y tambi\u00e9n a las instituciones que quieran hacerse parte de este llamado a hacer que Arica y Parinacota crezca, que tenga l\u00edneas estrat\u00e9gicas de desarrollo y claramente la Universidad de Tarapac\u00e1 ya tiene definidas esas l\u00edneas de desarrollo en funci\u00f3n tambi\u00e9n de los profesionales que va formando\u201d.&nbsp;<\/p>\n\n\n\n<p>\u201cPara nosotros creo que es sin\u00e9rgico todo esto que se est\u00e1 desarrollando y entusiasmar a las generaciones actuales, a las nuevas que vienen, a pensar en un Arica de 30 a 40 a\u00f1os m\u00e1s\u201d, agreg\u00f3.&nbsp;<\/p>\n\n\n\n<p>En esa misma l\u00ednea, Alejandro D\u00edaz Carvajal, consejero regional por la regi\u00f3n de Arica y Parinacota, y presidente de la Comisi\u00f3n de Educaci\u00f3n del consejo, afirm\u00f3 que este centro se condice con las funciones que se desempe\u00f1an en el consejo regional, donde se aprueban iniciativas que vayan en directo beneficio del potencial de desarrollo que existe en Arica y Parinacota, \u201choy d\u00eda este centro, yo creo que de alguna manera, logra finalmente generar pol\u00edticas p\u00fablicas que vayan en un proceso de desarrollo futuro para nuestra regi\u00f3n\u201d.<\/p>\n\n\n\n<div class=\"wp-block-image\"><figure class=\"aligncenter size-large is-resized\"><img loading=\"lazy\" src=\"https:\/\/www.uta.cl\/wp-content\/uploads\/2023\/07\/DAF6663-1024x683.jpg\" alt=\"\" class=\"wp-image-46724\" width=\"625\" height=\"416\" srcset=\"https:\/\/www.uta.cl\/wp-content\/uploads\/2023\/07\/DAF6663-1024x683.jpg 1024w, https:\/\/www.uta.cl\/wp-content\/uploads\/2023\/07\/DAF6663-300x200.jpg 300w, https:\/\/www.uta.cl\/wp-content\/uploads\/2023\/07\/DAF6663-768x512.jpg 768w, https:\/\/www.uta.cl\/wp-content\/uploads\/2023\/07\/DAF6663-1536x1025.jpg 1536w, https:\/\/www.uta.cl\/wp-content\/uploads\/2023\/07\/DAF6663.jpg 2048w\" sizes=\"(max-width: 625px) 100vw, 625px\" \/><\/figure><\/div>\n","protected":false},"excerpt":{"rendered":"<p>Este centro busca, entre otras cosas, ser un nodo local de centros, redes e institucionalidad de largo plazo, incorporando su an\u00e1lisis prospectivo y estrat\u00e9gico en su aporte al futuro de la regi\u00f3n.<\/p>\n","protected":false},"author":11,"featured_media":46723,"comment_status":"open","ping_status":"open","sticky":false,"template":"","format":"standard","meta":[],"categories":[51],"tags":[128,191,282,284,213,283,140],"_links":{"self":[{"href":"https:\/\/www.uta.cl\/index.php\/wp-json\/wp\/v2\/posts\/46722"}],"collection":[{"href":"https:\/\/www.uta.cl\/index.php\/wp-json\/wp\/v2\/posts"}],"about":[{"href":"https:\/\/www.uta.cl\/index.php\/wp-json\/wp\/v2\/types\/post"}],"author":[{"embeddable":true,"href":"https:\/\/www.uta.cl\/index.php\/wp-json\/wp\/v2\/users\/11"}],"replies":[{"embeddable":true,"href":"https:\/\/www.uta.cl\/index.php\/wp-json\/wp\/v2\/comments?post=46722"}],"version-history":[{"count":1,"href":"https:\/\/www.uta.cl\/index.php\/wp-json\/wp\/v2\/posts\/46722\/revisions"}],"predecessor-version":[{"id":46725,"href":"https:\/\/www.uta.cl\/index.php\/wp-json\/wp\/v2\/posts\/46722\/revisions\/46725"}],"wp:featuredmedia":[{"embeddable":true,"href":"https:\/\/www.uta.cl\/index.php\/wp-json\/wp\/v2\/media\/46723"}],"wp:attachment":[{"href":"https:\/\/www.uta.cl\/index.php\/wp-json\/wp\/v2\/media?parent=46722"}],"wp:term":[{"taxonomy":"category","embeddable":true,"href":"https:\/\/www.uta.cl\/index.php\/wp-json\/wp\/v2\/categories?post=46722"},{"taxonomy":"post_tag","embeddable":true,"href":"https:\/\/www.uta.cl\/index.php\/wp-json\/wp\/v2\/tags?post=46722"}],"curies":[{"name":"wp","href":"https:\/\/api.w.org\/{rel}","templated":true}]}}