{"id":46615,"date":"2023-07-04T20:41:47","date_gmt":"2023-07-04T20:41:47","guid":{"rendered":"https:\/\/www.uta.cl\/?p=46615"},"modified":"2023-07-04T20:41:47","modified_gmt":"2023-07-04T20:41:47","slug":"investigadores-de-la-utarapaca-desarrollan-tecnologia-piloto-para-que-las-comunidades-rurales-de-la-quebrada-de-camarones-obtengan-agua-de-la-camanchaca","status":"publish","type":"post","link":"https:\/\/www.uta.cl\/index.php\/2023\/07\/04\/investigadores-de-la-utarapaca-desarrollan-tecnologia-piloto-para-que-las-comunidades-rurales-de-la-quebrada-de-camarones-obtengan-agua-de-la-camanchaca\/","title":{"rendered":"Investigadores de la UTarapac\u00e1 desarrollan tecnolog\u00eda piloto para que las comunidades rurales de la Quebrada de Camarones obtengan agua de la camanchaca"},"content":{"rendered":"\n<div class=\"wp-block-image\"><figure class=\"aligncenter size-large is-resized\"><img loading=\"lazy\" src=\"https:\/\/www.uta.cl\/wp-content\/uploads\/2023\/07\/DSC05281-1024x576.jpg\" alt=\"\" class=\"wp-image-46617\" width=\"612\" height=\"343\" srcset=\"https:\/\/www.uta.cl\/wp-content\/uploads\/2023\/07\/DSC05281-1024x576.jpg 1024w, https:\/\/www.uta.cl\/wp-content\/uploads\/2023\/07\/DSC05281-300x169.jpg 300w, https:\/\/www.uta.cl\/wp-content\/uploads\/2023\/07\/DSC05281-768x432.jpg 768w, https:\/\/www.uta.cl\/wp-content\/uploads\/2023\/07\/DSC05281-1536x864.jpg 1536w, https:\/\/www.uta.cl\/wp-content\/uploads\/2023\/07\/DSC05281-2048x1152.jpg 2048w\" sizes=\"(max-width: 612px) 100vw, 612px\" \/><\/figure><\/div>\n\n\n\n<p>Buscando una alternativa sustentable para captar agua para su uso en zonas rurales con escasez h\u00eddrica de la regi\u00f3n, es que se desarroll\u00f3 el proyecto \u201cTransferencia Tecnol\u00f3gica Social Basada en la Captaci\u00f3n de Agua de Niebla para Zonas Rezagadas: Un Pilotaje de Atrapanieblas\u201d, iniciativa FIC-R 2022 que propone obtener agua de la niebla de las costas de Arica y Parinacota, conocida como camanchaca.<\/p>\n\n\n\n<p>El proyecto es dirigido por el arque\u00f3logo del Instituto de Alta Investigaci\u00f3n de la Universidad de Tarapac\u00e1 Dr. Calogero Santoro Vargas junto a un equipo de investigadores, quienes trabajaron en una tecnolog\u00eda piloto de atrapanieblas que pueda capturar el agua de la Quebrada de Camarones, realizando una transferencia tecnol\u00f3gica a las comunidades de Cuya, Caleta Camarones y el pueblo de Camarones, quienes podr\u00e1n utilizar el sistema al capacitarse acerca de la instalaci\u00f3n, manejo y autogesti\u00f3n de la tecnolog\u00eda.<\/p>\n\n\n\n<p><strong>Agua de neblina como complemento<\/strong><\/p>\n\n\n\n<p>Ante la problem\u00e1tica para la obtenci\u00f3n de agua en las comunidades rezagadas de la zona como la propia Caleta Camarones, donde la disponibilidad h\u00eddrica se reduce a la repartici\u00f3n en camiones aljibes de hasta 2 mil litros c\u00fabicos de agua por persona a la semana, el proyecto contar\u00e1 con atrapanieblas instalados en el Cerro Sur de la Caleta y en el pueblo de Camarones.<\/p>\n\n\n\n<p>El Dr. Calogero Santoro explic\u00f3 sobre el trabajo que llevan realizando que \u201ceste es un sue\u00f1o que se ha venido gestando desde hace tiempo en el grupo de investigadores que forman parte de este equipo y que deriv\u00f3 de una investigaci\u00f3n de c\u00f3mo ha venido evolucionando este desierto hasta el presente, donde nos hemos dado cuenta de que es un producto humano, no es natural completamente, por lo tanto, esta es una posibilidad de tratar de revertir esta transformaci\u00f3n del desierto, buscando alternativas que permitan un mejor manejo de sus recursos como es el uso del agua de la camanchaca, que significa salirse de la tradici\u00f3n de bombear desde las napas subterr\u00e1neas\u201d.<\/p>\n\n\n\n<p><strong>Lanzamiento<\/strong><\/p>\n\n\n\n<div class=\"wp-block-image\"><figure class=\"aligncenter size-large is-resized\"><img loading=\"lazy\" src=\"https:\/\/www.uta.cl\/wp-content\/uploads\/2023\/07\/DSC05225-1024x576.jpg\" alt=\"\" class=\"wp-image-46616\" width=\"620\" height=\"349\" srcset=\"https:\/\/www.uta.cl\/wp-content\/uploads\/2023\/07\/DSC05225-1024x576.jpg 1024w, https:\/\/www.uta.cl\/wp-content\/uploads\/2023\/07\/DSC05225-300x169.jpg 300w, https:\/\/www.uta.cl\/wp-content\/uploads\/2023\/07\/DSC05225-768x432.jpg 768w, https:\/\/www.uta.cl\/wp-content\/uploads\/2023\/07\/DSC05225-1536x864.jpg 1536w, https:\/\/www.uta.cl\/wp-content\/uploads\/2023\/07\/DSC05225-2048x1152.jpg 2048w\" sizes=\"(max-width: 620px) 100vw, 620px\" \/><\/figure><\/div>\n\n\n\n<p>Con la presencia del gobernador regional, Jorge D\u00edaz, el alcalde de Camarones, Cristian Zavala, la rectora (S) de la UTA, Dra. Jenniffer Peralta y Jorge Ardiles, comunero de Caleta Camarones, la iniciativa tuvo su lanzamiento oficial en el Auditorio de Ciencias del Campus Vel\u00e1squez, donde se presentaron los detalles del proyecto y se resalt\u00f3 la importancia de generar iniciativas para enfrentar la falta de agua, fen\u00f3meno que se ha extendido tanto en la regi\u00f3n como en diversos lugares del planeta.<\/p>\n\n\n\n<p>Ante ello, el gobernador regional, Jorge D\u00edaz, valor\u00f3 el desarrollo de este proyecto para mejorar las condiciones de vida de las comunidades y su necesidad de abastecerse de agua: \u201cesta iniciativa presenta una innovaci\u00f3n en la que se puedan generar nuevas fuentes de captaci\u00f3n de agua, para nosotros es importante que eso suceda y que la ciencia est\u00e9 a disposici\u00f3n de las necesidades de las comunidades rurales. Este fondo que super\u00f3 los 200 millones de pesos va a implicar que se incorporen nuevas tecnolog\u00edas al servicio de las comunidades de la regi\u00f3n\u201d, coment\u00f3.<\/p>\n\n\n\n<p>Por su parte, el alcalde de la comuna de Camarones, Cristian Zavala, resalt\u00f3 que \u201ccuando la Universidad se acerc\u00f3 a Cuya para plantear este FIC para buscar alternativas para captar la humedad en tres localidades como Cuya, Caleta Camarones y el pueblo de Camarones, accedimos inmediatamente y nos pusimos a disposici\u00f3n. Por lo que tenemos que agradecer primero que vuelvan los FIC a la regi\u00f3n y que tengan esa connotaci\u00f3n que le han dado el gobernador regional y los consejeros y consejeras regionales, quienes han sido bastante visionarios en que estos FIC puedan solucionar problemas ancestrales que tienen las comunidades rurales\u201d.<\/p>\n\n\n\n<p>Adem\u00e1s de las localidades de la Quebrada de Camarones, el proyecto tambi\u00e9n contempla el aplicar la tecnolog\u00eda y las investigaciones en los valles de Azapa y Lluta.<\/p>\n","protected":false},"excerpt":{"rendered":"<p>La iniciativa financiada por el Gobierno Regional de Arica y Parinacota a trav\u00e9s del Fondo de Innovaci\u00f3n para la Competitividad (FIC), ejecuta un proyecto para aumentar la disponibilidad h\u00eddrica en el extremo norte.<\/p>\n","protected":false},"author":11,"featured_media":46617,"comment_status":"open","ping_status":"open","sticky":false,"template":"","format":"standard","meta":[],"categories":[51],"tags":[],"_links":{"self":[{"href":"https:\/\/www.uta.cl\/index.php\/wp-json\/wp\/v2\/posts\/46615"}],"collection":[{"href":"https:\/\/www.uta.cl\/index.php\/wp-json\/wp\/v2\/posts"}],"about":[{"href":"https:\/\/www.uta.cl\/index.php\/wp-json\/wp\/v2\/types\/post"}],"author":[{"embeddable":true,"href":"https:\/\/www.uta.cl\/index.php\/wp-json\/wp\/v2\/users\/11"}],"replies":[{"embeddable":true,"href":"https:\/\/www.uta.cl\/index.php\/wp-json\/wp\/v2\/comments?post=46615"}],"version-history":[{"count":1,"href":"https:\/\/www.uta.cl\/index.php\/wp-json\/wp\/v2\/posts\/46615\/revisions"}],"predecessor-version":[{"id":46618,"href":"https:\/\/www.uta.cl\/index.php\/wp-json\/wp\/v2\/posts\/46615\/revisions\/46618"}],"wp:featuredmedia":[{"embeddable":true,"href":"https:\/\/www.uta.cl\/index.php\/wp-json\/wp\/v2\/media\/46617"}],"wp:attachment":[{"href":"https:\/\/www.uta.cl\/index.php\/wp-json\/wp\/v2\/media?parent=46615"}],"wp:term":[{"taxonomy":"category","embeddable":true,"href":"https:\/\/www.uta.cl\/index.php\/wp-json\/wp\/v2\/categories?post=46615"},{"taxonomy":"post_tag","embeddable":true,"href":"https:\/\/www.uta.cl\/index.php\/wp-json\/wp\/v2\/tags?post=46615"}],"curies":[{"name":"wp","href":"https:\/\/api.w.org\/{rel}","templated":true}]}}