{"id":46596,"date":"2023-07-04T13:47:12","date_gmt":"2023-07-04T13:47:12","guid":{"rendered":"https:\/\/www.uta.cl\/?p=46596"},"modified":"2023-07-04T13:47:12","modified_gmt":"2023-07-04T13:47:12","slug":"autoridades-uta-presentan-avances-de-proyectos-de-infraestructura-a-la-comunidad-universitaria","status":"publish","type":"post","link":"https:\/\/www.uta.cl\/index.php\/2023\/07\/04\/autoridades-uta-presentan-avances-de-proyectos-de-infraestructura-a-la-comunidad-universitaria\/","title":{"rendered":"Autoridades UTA presentan avances de proyectos de infraestructura a la comunidad universitaria"},"content":{"rendered":"\n<div class=\"wp-block-image\"><figure class=\"aligncenter size-large is-resized\"><img loading=\"lazy\" src=\"https:\/\/www.uta.cl\/wp-content\/uploads\/2023\/07\/DAF6514-1024x683.jpg\" alt=\"\" class=\"wp-image-46598\" width=\"655\" height=\"437\" srcset=\"https:\/\/www.uta.cl\/wp-content\/uploads\/2023\/07\/DAF6514-1024x683.jpg 1024w, https:\/\/www.uta.cl\/wp-content\/uploads\/2023\/07\/DAF6514-300x200.jpg 300w, https:\/\/www.uta.cl\/wp-content\/uploads\/2023\/07\/DAF6514-768x512.jpg 768w, https:\/\/www.uta.cl\/wp-content\/uploads\/2023\/07\/DAF6514-1536x1025.jpg 1536w, https:\/\/www.uta.cl\/wp-content\/uploads\/2023\/07\/DAF6514.jpg 2048w\" sizes=\"(max-width: 655px) 100vw, 655px\" \/><\/figure><\/div>\n\n\n\n<p>Autoridades universitarias, encabezadas por el rector Emilio Rodr\u00edguez Ponce, sostuvieron una asamblea con estudiantes y la comunidad donde se present\u00f3 el estado de avance de dos grandes proyectos de infraestructura que se est\u00e1n llevando a cabo en la casa de estudios: Aulario de Docencia Siglo XXI y el Edificio de Servicios Estudiantiles.<\/p>\n\n\n\n<p>En la presentaci\u00f3n \u201cInfraestructura para el conocimiento, el aprendizaje y bienestar estudiantil\u201d, Jos\u00e9 Luis Roco Contreras, director de Infraestructura y Equipamiento de la Universidad expuso el estado de avance del Aulario de Docencia del Siglo XXI y el proyecto del Edificio de Servicios Estudiantiles. En el primer caso la obra se encuentra en pleno desarrollo, con un avance del 32% y una fecha de t\u00e9rmino estimada para 2024. En el segundo, se cuenta con el dise\u00f1o terminado y con la aprobaci\u00f3n del Ministerio de Desarrollo Social y una fecha de t\u00e9rmino estimada para 2027.<\/p>\n\n\n\n<p>\u201cLa implementaci\u00f3n de nuevas metodolog\u00edas de aprendizaje requiere de espacios y equipamientos distintos a lo tradicional. Son lugares flexibles, abiertos, interconectados, que favorecen el trabajo activo y colaborativo del estudiante y del equipo docente. Asimismo, el proyecto fue un desaf\u00edo para el equipo de dise\u00f1o, se plante\u00f3 una infraestructura que estuviera a la altura de esta nueva forma de ense\u00f1ar, de esta nueva forma de adquirir conocimiento, de lograr el aprendizaje\u201d, expuso el directivo.<\/p>\n\n\n\n<p>El rector Rodr\u00edguez, destac\u00f3 la instancia donde tambi\u00e9n se abri\u00f3 un espacio de conversaci\u00f3n: \u201cLo principal de esta reuni\u00f3n es poder mantener efectivamente un contacto sistem\u00e1tico con los estudiantes de nuestra universidad. Poder escuchar sus inquietudes, las problem\u00e1ticas que est\u00e1n enfrentando y la forma en que, como instituci\u00f3n, debemos y podemos mejorar, porque justamente nuestro rol fundamental es estar al servicio del estudiante\u201d.&nbsp;<\/p>\n\n\n\n<p>Felipe Rojas Larenas, vicepresidente del Centro de Estudiantes de la carrera Ingenier\u00eda Civil Mec\u00e1nica manifest\u00f3 que \u201ces importante que constantemente haya una retroalimentaci\u00f3n por parte de nosotros y que as\u00ed mismo existan pol\u00edticas por parte de los superiores, de los altos cargos, que vayan verificando c\u00f3mo van las cosas en los distintos departamentos\u201d.<\/p>\n\n\n\n<div class=\"wp-block-image\"><figure class=\"aligncenter size-large is-resized\"><img loading=\"lazy\" src=\"https:\/\/www.uta.cl\/wp-content\/uploads\/2023\/07\/DAF6511-1024x683.jpg\" alt=\"\" class=\"wp-image-46599\" width=\"633\" height=\"422\" srcset=\"https:\/\/www.uta.cl\/wp-content\/uploads\/2023\/07\/DAF6511-1024x683.jpg 1024w, https:\/\/www.uta.cl\/wp-content\/uploads\/2023\/07\/DAF6511-300x200.jpg 300w, https:\/\/www.uta.cl\/wp-content\/uploads\/2023\/07\/DAF6511-768x512.jpg 768w, https:\/\/www.uta.cl\/wp-content\/uploads\/2023\/07\/DAF6511-1536x1025.jpg 1536w, https:\/\/www.uta.cl\/wp-content\/uploads\/2023\/07\/DAF6511.jpg 2048w\" sizes=\"(max-width: 633px) 100vw, 633px\" \/><\/figure><\/div>\n\n\n\n<p><strong>Aulario de docencia del siglo XXI&nbsp;<\/strong><\/p>\n\n\n\n<p>La obra, que comenz\u00f3 en 2022, se encuentra en pleno desarrollo, con un avance del 32% y se ubica en el Campus Saucache e implica la construcci\u00f3n de 4.194 metros cuadrados con una inversi\u00f3n de 11.700 millones de pesos. Se proyecta que sea finalizada durante 2024.&nbsp;<\/p>\n\n\n\n<p><strong>Edificio de servicios estudiantiles<\/strong><\/p>\n\n\n\n<p>A la fecha se cuenta con el dise\u00f1o terminado y con la aprobaci\u00f3n del Ministerio de Desarrollo Social. El inicio de las obras ser\u00e1 en 2024 y se proyecta su entrega para 2027. Este espacio est\u00e1 pensado para albergar todos los servicios que los estudiantes requieren, tendr\u00e1 4.464 m2 y una inversi\u00f3n estimada de 15.600 millones de pesos.<\/p>\n\n\n\n<div class=\"wp-block-image\"><figure class=\"aligncenter size-large is-resized\"><img loading=\"lazy\" src=\"https:\/\/www.uta.cl\/wp-content\/uploads\/2023\/07\/DAF6477-1024x683.jpg\" alt=\"\" class=\"wp-image-46597\" width=\"622\" height=\"414\" srcset=\"https:\/\/www.uta.cl\/wp-content\/uploads\/2023\/07\/DAF6477-1024x683.jpg 1024w, https:\/\/www.uta.cl\/wp-content\/uploads\/2023\/07\/DAF6477-300x200.jpg 300w, https:\/\/www.uta.cl\/wp-content\/uploads\/2023\/07\/DAF6477-768x512.jpg 768w, https:\/\/www.uta.cl\/wp-content\/uploads\/2023\/07\/DAF6477-1536x1025.jpg 1536w, https:\/\/www.uta.cl\/wp-content\/uploads\/2023\/07\/DAF6477.jpg 2048w\" sizes=\"(max-width: 622px) 100vw, 622px\" \/><\/figure><\/div>\n","protected":false},"excerpt":{"rendered":"<p>Durante la reuni\u00f3n, los dirigentes estudiantiles manifestaron algunas inquietudes que fueron canalizadas a las \u00e1reas correspondientes.<\/p>\n","protected":false},"author":11,"featured_media":46598,"comment_status":"open","ping_status":"open","sticky":false,"template":"","format":"standard","meta":[],"categories":[51],"tags":[],"_links":{"self":[{"href":"https:\/\/www.uta.cl\/index.php\/wp-json\/wp\/v2\/posts\/46596"}],"collection":[{"href":"https:\/\/www.uta.cl\/index.php\/wp-json\/wp\/v2\/posts"}],"about":[{"href":"https:\/\/www.uta.cl\/index.php\/wp-json\/wp\/v2\/types\/post"}],"author":[{"embeddable":true,"href":"https:\/\/www.uta.cl\/index.php\/wp-json\/wp\/v2\/users\/11"}],"replies":[{"embeddable":true,"href":"https:\/\/www.uta.cl\/index.php\/wp-json\/wp\/v2\/comments?post=46596"}],"version-history":[{"count":1,"href":"https:\/\/www.uta.cl\/index.php\/wp-json\/wp\/v2\/posts\/46596\/revisions"}],"predecessor-version":[{"id":46600,"href":"https:\/\/www.uta.cl\/index.php\/wp-json\/wp\/v2\/posts\/46596\/revisions\/46600"}],"wp:featuredmedia":[{"embeddable":true,"href":"https:\/\/www.uta.cl\/index.php\/wp-json\/wp\/v2\/media\/46598"}],"wp:attachment":[{"href":"https:\/\/www.uta.cl\/index.php\/wp-json\/wp\/v2\/media?parent=46596"}],"wp:term":[{"taxonomy":"category","embeddable":true,"href":"https:\/\/www.uta.cl\/index.php\/wp-json\/wp\/v2\/categories?post=46596"},{"taxonomy":"post_tag","embeddable":true,"href":"https:\/\/www.uta.cl\/index.php\/wp-json\/wp\/v2\/tags?post=46596"}],"curies":[{"name":"wp","href":"https:\/\/api.w.org\/{rel}","templated":true}]}}