{"id":46455,"date":"2023-06-28T22:01:45","date_gmt":"2023-06-28T22:01:45","guid":{"rendered":"https:\/\/www.uta.cl\/?p=46455"},"modified":"2023-07-04T13:21:43","modified_gmt":"2023-07-04T13:21:43","slug":"la-universidad-firmo-convenio-con-escuela-aulas-hospitalarias-san-sebastian-para-trabajo-conjunto-con-estudiantes-y-academicos","status":"publish","type":"post","link":"https:\/\/www.uta.cl\/index.php\/2023\/06\/28\/la-universidad-firmo-convenio-con-escuela-aulas-hospitalarias-san-sebastian-para-trabajo-conjunto-con-estudiantes-y-academicos\/","title":{"rendered":"La Universidad firm\u00f3 convenio con escuela Aulas Hospitalarias San Sebasti\u00e1n para trabajo conjunto con estudiantes y acad\u00e9micos"},"content":{"rendered":"\n<div class=\"wp-block-image\"><figure class=\"aligncenter size-large is-resized\"><img loading=\"lazy\" src=\"https:\/\/www.uta.cl\/wp-content\/uploads\/2023\/06\/DAF6435-1024x683.jpg\" alt=\"\" class=\"wp-image-46456\" width=\"567\" height=\"378\" srcset=\"https:\/\/www.uta.cl\/wp-content\/uploads\/2023\/06\/DAF6435-1024x683.jpg 1024w, https:\/\/www.uta.cl\/wp-content\/uploads\/2023\/06\/DAF6435-300x200.jpg 300w, https:\/\/www.uta.cl\/wp-content\/uploads\/2023\/06\/DAF6435-768x512.jpg 768w, https:\/\/www.uta.cl\/wp-content\/uploads\/2023\/06\/DAF6435-1536x1025.jpg 1536w, https:\/\/www.uta.cl\/wp-content\/uploads\/2023\/06\/DAF6435.jpg 2048w\" sizes=\"(max-width: 567px) 100vw, 567px\" \/><\/figure><\/div>\n\n\n\n<p>Los estudiantes y acad\u00e9micos de las distintas carreras de la Universidad de Tarapac\u00e1 podr\u00e1n acceder a pr\u00e1cticas profesionales y espacios de investigaci\u00f3n con la escuela Aulas Hospitalarias San Sebasti\u00e1n, como parte de un convenio firmado por ambas instituciones en el que se trabajar\u00e1 en capacitar, difundir y compartir experiencias de la Pedagog\u00eda Hospitalaria.<\/p>\n\n\n\n<p>Aulas Hospitalarias San Sebasti\u00e1n es una escuela que, colaborando en lo educativo con el estado, posibilita la continuidad del aprendizaje sistem\u00e1tico de ni\u00f1os, ni\u00f1as y j\u00f3venes en situaci\u00f3n de enfermedad, mediante acciones orientadas a facilitar la reinserci\u00f3n exitosa del paciente &#8211; alumno a su colegio de origen, trabajando de manera gratuita en hospitales.<\/p>\n\n\n\n<p>La firma de este convenio significa un acuerdo de acciones conjuntas en el \u00e1mbito de la formaci\u00f3n, investigaci\u00f3n, vinculaci\u00f3n y difusi\u00f3n de tem\u00e1ticas pertinentes a la Educaci\u00f3n y a la Pedagog\u00eda Hospitalaria, fortaleciendo y potenciando el desarrollo de los procesos de educaci\u00f3n inclusiva, atenci\u00f3n a la diversidad, enfoque multicultural e identidad regional.<\/p>\n\n\n\n<p>El rector, Emilio Rodr\u00edguez, plante\u00f3 que \u201ccomo universidad del Estado y ubicada en una zona extrema, tenemos el rol de insertarnos activamente en el desarrollo del territorio. Por tanto, establecer alianzas estrat\u00e9gicas con instituciones que realizan una labor tan noble como Aulas Hospitalarias San Sebasti\u00e1n es muy relevante\u201d.<\/p>\n\n\n\n<p>El ex alumno de la UTA, profesor de Educaci\u00f3n F\u00edsica y docente de Aulas Hospitalarias San Sebasti\u00e1n, Vladimir Morales, destac\u00f3 la oportunidad de relevar el componente cient\u00edfico de la pedagog\u00eda hospitalaria, ampliando miradas y horizontes para estudiantes de la universidad: \u201cEl mundo de la pedagog\u00eda hospitalaria es una necesidad muy grande por la salud mental de nuestros ni\u00f1os y ni\u00f1as. Por este r\u00e1pido correr de la sociedad hay muchos ni\u00f1os que van quedando a la deriva y suelen no asistir al sistema tradicional por distintas razones, particularmente m\u00e9dica o de otra condici\u00f3n, por lo que nosotros como Aula Hospitalaria les llevamos el derecho a la educaci\u00f3n\u201d.&nbsp;<\/p>\n\n\n\n<p><strong>Seminario<\/strong><\/p>\n\n\n\n<div class=\"wp-block-image\"><figure class=\"aligncenter size-large is-resized\"><img loading=\"lazy\" src=\"https:\/\/www.uta.cl\/wp-content\/uploads\/2023\/06\/DAF6604-1024x683.jpg\" alt=\"\" class=\"wp-image-46457\" width=\"652\" height=\"434\" srcset=\"https:\/\/www.uta.cl\/wp-content\/uploads\/2023\/06\/DAF6604-1024x683.jpg 1024w, https:\/\/www.uta.cl\/wp-content\/uploads\/2023\/06\/DAF6604-300x200.jpg 300w, https:\/\/www.uta.cl\/wp-content\/uploads\/2023\/06\/DAF6604-768x512.jpg 768w, https:\/\/www.uta.cl\/wp-content\/uploads\/2023\/06\/DAF6604-1536x1025.jpg 1536w, https:\/\/www.uta.cl\/wp-content\/uploads\/2023\/06\/DAF6604.jpg 2048w\" sizes=\"(max-width: 652px) 100vw, 652px\" \/><\/figure><\/div>\n\n\n\n<p>En el contexto de este convenio se realiz\u00f3 el seminario internacional \u201cPedagog\u00eda Hospitalaria innovadora, abriendo caminos para la inclusi\u00f3n\u201d, en el que participaron estudiantes, profesores y profesionales de distintas instituciones.<\/p>\n\n\n\n<p>La actividad cont\u00f3 con la Charla Magistral Inaugural \u201cPapel de la Pedagog\u00eda Hospitalaria en la humanizaci\u00f3n de la asistencia pedi\u00e1trica. La persona y la familia en el centro de la atenci\u00f3n educativa\u201d, dictada por la docente e investigadora de la Universidad de Barcelona, Dra. Mar\u00eda Cruz Molina.<\/p>\n\n\n\n<p>\u201cChile es un pa\u00eds que en pedagog\u00eda hospitalaria est\u00e1 avanzando mucho desde hace ya un tiempo y por tanto felicito todos los proyectos que aqu\u00ed se mencionan y todas las actividades que conozco porque ya es casi mi segundo pa\u00eds\u201d, afirm\u00f3 la especialista en Pedagog\u00eda Hospitalaria.<\/p>\n","protected":false},"excerpt":{"rendered":"<p>En el marco de este acuerdo, se realiz\u00f3 un seminario en el que se abord\u00f3 la relevancia de la pedagog\u00eda hospitalaria.<\/p>\n","protected":false},"author":11,"featured_media":46456,"comment_status":"open","ping_status":"open","sticky":false,"template":"","format":"standard","meta":[],"categories":[51],"tags":[],"_links":{"self":[{"href":"https:\/\/www.uta.cl\/index.php\/wp-json\/wp\/v2\/posts\/46455"}],"collection":[{"href":"https:\/\/www.uta.cl\/index.php\/wp-json\/wp\/v2\/posts"}],"about":[{"href":"https:\/\/www.uta.cl\/index.php\/wp-json\/wp\/v2\/types\/post"}],"author":[{"embeddable":true,"href":"https:\/\/www.uta.cl\/index.php\/wp-json\/wp\/v2\/users\/11"}],"replies":[{"embeddable":true,"href":"https:\/\/www.uta.cl\/index.php\/wp-json\/wp\/v2\/comments?post=46455"}],"version-history":[{"count":2,"href":"https:\/\/www.uta.cl\/index.php\/wp-json\/wp\/v2\/posts\/46455\/revisions"}],"predecessor-version":[{"id":46595,"href":"https:\/\/www.uta.cl\/index.php\/wp-json\/wp\/v2\/posts\/46455\/revisions\/46595"}],"wp:featuredmedia":[{"embeddable":true,"href":"https:\/\/www.uta.cl\/index.php\/wp-json\/wp\/v2\/media\/46456"}],"wp:attachment":[{"href":"https:\/\/www.uta.cl\/index.php\/wp-json\/wp\/v2\/media?parent=46455"}],"wp:term":[{"taxonomy":"category","embeddable":true,"href":"https:\/\/www.uta.cl\/index.php\/wp-json\/wp\/v2\/categories?post=46455"},{"taxonomy":"post_tag","embeddable":true,"href":"https:\/\/www.uta.cl\/index.php\/wp-json\/wp\/v2\/tags?post=46455"}],"curies":[{"name":"wp","href":"https:\/\/api.w.org\/{rel}","templated":true}]}}